{"id":940,"date":"2011-05-13T21:35:43","date_gmt":"2011-05-13T21:35:43","guid":{"rendered":"http:\/\/www.bbyhaber.com\/bby\/?p=940"},"modified":"2011-11-16T21:36:22","modified_gmt":"2011-11-16T21:36:22","slug":"22-bin-malatyali-rekor-kirdi","status":"publish","type":"post","link":"https:\/\/www.bbyhaber.com\/bby\/2011\/05\/13\/22-bin-malatyali-rekor-kirdi","title":{"rendered":"22 bin Malatyal\u0131 Rekor K\u0131rd\u0131"},"content":{"rendered":"<p style=\"text-align: justify;\" align=\"justify\">Malatya Valili\u011fi, \u0130l Milli E\u011fitim M\u00fcd\u00fcrl\u00fc\u011f\u00fc ve NT Ma\u011fazalar\u0131 i\u015fbirli\u011fi ile Malatya \u0130n\u00f6n\u00fc Stad\u0131\u2019nda yap\u0131lan denemede, ayn\u0131 anda ayn\u0131 yerde ayn\u0131 kitab\u0131 okuyan en kalabal\u0131k topluluk d\u00fcnya rekoru 22 bin kitapseverin kat\u0131l\u0131m\u0131yla Victor Hugo\u2019nun \u00fcnl\u00fc Sefiller Roman\u0131 okunarak k\u0131r\u0131ld\u0131.<\/p>\n<p>\u0130lki ge\u00e7en y\u0131l 15 bin 440 ki\u015fiyle Mersin\u2019de ger\u00e7ekle\u015ftirilen &#8216;Ayn\u0131 yerde ve ayn\u0131 anda D\u00fcnya Kitap Okuma Rekoru&#8217; etkinli\u011fi bu y\u0131l Guines Rekorlar Kitab\u0131 yetkililerinden gelen istek do\u011frultusunda Malatya\u2019da &#8216;Ayn\u0131 yerde ayn\u0131 anda ve ayn\u0131 kitab\u0131 okuma&#8217; rekoru olarak Guinnes Rekorlar\u0131 Kitab\u0131&#8217;na girecek.<\/p>\n<p>&#8220;BU B\u0130R G\u00d6STER\u0130 DE\u011e\u0130L&#8221;<br \/>\nHer ya\u015ftan Malatyal\u0131 kitapseverlerin b\u00fcy\u00fck ilgi g\u00f6sterdi\u011fi rekor denemesine ev sahipli\u011fi yapan Malatya Valisi Ulvi Saran okumaya verdikleri de\u011fer ve rekor denemesine verdikleri destekten dolay\u0131 Malatyal\u0131lar&#8217;a te\u015fekk\u00fcr ederek, \u015f\u00f6yle dedi:<\/p>\n<p>&#8220;Bug\u00fcn muazzam bir olaya, tarihi ana tan\u0131kl\u0131k ediyoruz. Bu \u00e7ok say\u0131da insan\u0131n 1 kereye mahsus bir araya gelerek ger\u00e7ekle\u015ftirdi\u011fi g\u00f6steri de\u011fildir. Biz bu proje ile iki konuda \u00f6nemli mesajlar vermek istedik.&#8221;<\/p>\n<p>Rekor denemesi koordinat\u00f6rl\u00fc\u011f\u00fcn\u00fc yapan NT Ma\u011fazalar\u0131 Genel M\u00fcd\u00fcr\u00fc \u015eeref Zekai Kolak&#8217;a T\u00fcrkiye\u2019de kitap okuma bilincinin ba\u015fta \u00e7ocuklarda olmak \u00fczere art\u0131rmak i\u00e7in kampanyalara imza att\u0131klar\u0131n\u0131 &#8220;Malatya ve Malatyal\u0131lar \u00f6yle bir etkinlikte bulunuyor ki gelecek nesiller ve bug\u00fcn\u00fc hi\u00e7 unutmayacak&#8221; dedi.<\/p>\n<p>REKOR NOTER HUZURUNDA KIRILDI<br \/>\nKap\u0131lar\u0131 saat 09.00&#8217;da a\u00e7\u0131lan Malatya \u0130n\u00f6n\u00fc Stad\u0131\u2019na gelen kitapseverlere stadyum d\u0131\u015f\u0131nda noter huzurunda bilet da\u011f\u0131t\u0131larak, giri\u015fte bu biletleri, denemeye ka\u00e7 ki\u015finin kat\u0131ld\u0131\u011f\u0131n\u0131 belirlemek i\u00e7in, haz\u0131rlanan sand\u0131klara atmalar\u0131 sa\u011fland\u0131. Etkinlikten sonra noter taraf\u0131ndan say\u0131lacak bu biletlerle Guinnes Rekorunu k\u0131ran kat\u0131l\u0131mc\u0131lar\u0131n net say\u0131s\u0131 elde edilerek a\u00e7\u0131klanacak.<\/p>\n<p>Malatya 2&#8217;nci Noteri Zeynel Abidin Beyazg\u00fcl rekor denemesi ile ilgili kriterleri kat\u0131l\u0131mc\u0131lara okuyarak a\u00e7\u0131klad\u0131. Saat 11.22\u2019de ba\u015flayan \u2018Ayn\u0131 Yerde Ayn\u0131 Anda Ayn\u0131 Kitab\u0131 Okuyan En \u00c7ok Ki\u015fi D\u00fcnya Rekoru\u2019 denemesi kat\u0131l\u0131mc\u0131lar\u0131n Victor Hugo\u2019nun \u00fcnl\u00fc roman\u0131 Sefiller\u2019den \u2018Garip Bir Yolcu\u2019 adl\u0131 b\u00f6l\u00fcm\u00fc sunucu e\u015fli\u011finde hep bir a\u011f\u0131zdan y\u00fcksek sesle okuyarak rekor denemesini ger\u00e7ekle\u015ftirdi. Rekor denemesi sonras\u0131nda kat\u0131l\u0131mc\u0131lardan isteyenler \u00e7\u0131k\u0131\u015fta yanlar\u0131nda getirdikleri kitaplar\u0131 ihtiyac\u0131 olan okullara ve k\u00fct\u00fcphanelere verilmek \u00fczere valili\u011fe ba\u011f\u0131\u015flad\u0131. <strong style=\"text-align: justify;\"><\/strong><\/p>\n<p style=\"text-align: justify;\">Kaynak: <a href=\"http:\/\/www.radikal.com\/\" target=\"_blank\">http:\/\/www.radikal.com<\/a><\/p>\n","protected":false},"excerpt":{"rendered":"<p>Malatya Valili\u011fi, \u0130l Milli E\u011fitim M\u00fcd\u00fcrl\u00fc\u011f\u00fc ve NT Ma\u011fazalar\u0131 i\u015fbirli\u011fi ile Malatya \u0130n\u00f6n\u00fc Stad\u0131\u2019nda yap\u0131lan denemede, ayn\u0131 anda ayn\u0131 yerde ayn\u0131 kitab\u0131 okuyan en kalabal\u0131k topluluk d\u00fcnya rekoru 22 bin kitapseverin kat\u0131l\u0131m\u0131yla Victor Hugo\u2019nun \u00fcnl\u00fc Sefiller Roman\u0131 okunarak k\u0131r\u0131ld\u0131. \u0130lki ge\u00e7en y\u0131l 15 bin 440 ki\u015fiyle Mersin\u2019de ger\u00e7ekle\u015ftirilen &#8216;Ayn\u0131 yerde ve ayn\u0131 anda D\u00fcnya Kitap [&hellip;]<\/p>\n","protected":false},"author":1,"featured_media":0,"comment_status":"open","ping_status":"open","sticky":false,"template":"","format":"standard","meta":{"footnotes":""},"categories":[1],"tags":[],"class_list":["post-940","post","type-post","status-publish","format-standard","hentry","category-genel"],"_links":{"self":[{"href":"https:\/\/www.bbyhaber.com\/bby\/wp-json\/wp\/v2\/posts\/940"}],"collection":[{"href":"https:\/\/www.bbyhaber.com\/bby\/wp-json\/wp\/v2\/posts"}],"about":[{"href":"https:\/\/www.bbyhaber.com\/bby\/wp-json\/wp\/v2\/types\/post"}],"author":[{"embeddable":true,"href":"https:\/\/www.bbyhaber.com\/bby\/wp-json\/wp\/v2\/users\/1"}],"replies":[{"embeddable":true,"href":"https:\/\/www.bbyhaber.com\/bby\/wp-json\/wp\/v2\/comments?post=940"}],"version-history":[{"count":0,"href":"https:\/\/www.bbyhaber.com\/bby\/wp-json\/wp\/v2\/posts\/940\/revisions"}],"wp:attachment":[{"href":"https:\/\/www.bbyhaber.com\/bby\/wp-json\/wp\/v2\/media?parent=940"}],"wp:term":[{"taxonomy":"category","embeddable":true,"href":"https:\/\/www.bbyhaber.com\/bby\/wp-json\/wp\/v2\/categories?post=940"},{"taxonomy":"post_tag","embeddable":true,"href":"https:\/\/www.bbyhaber.com\/bby\/wp-json\/wp\/v2\/tags?post=940"}],"curies":[{"name":"wp","href":"https:\/\/api.w.org\/{rel}","templated":true}]}}