{"id":939,"date":"2018-04-26T22:31:23","date_gmt":"2018-04-26T19:31:23","guid":{"rendered":"http:\/\/ihalekutuphane.com\/?p=939"},"modified":"2018-04-26T22:31:23","modified_gmt":"2018-04-26T19:31:23","slug":"kutuphanecilik-konusunda-ornekli-uygulama-kitaplari-eksikligi","status":"publish","type":"post","link":"https:\/\/www.bbyhaber.com\/bby\/2018\/04\/26\/kutuphanecilik-konusunda-ornekli-uygulama-kitaplari-eksikligi","title":{"rendered":"K\u00fct\u00fcphanecilik Konusunda \u00d6rnekli Uygulama Kitaplar\u0131 Eksikli\u011fi"},"content":{"rendered":"<p>Merhabalar,<\/p>\n<p>Mesleki uygulama kitaplar\u0131n\u0131n yol g\u00f6sterici oldu\u011funu d\u00fc\u015f\u00fcn\u00fcyorum. \u00d6zellikle <span style=\"color: #ff0000;\">\u00f6rnekleri bol uygulama kitaplar\u0131,<\/span>\u00a0di\u011fer meslek dallar\u0131nda bu t\u00fcr kitaplar bolca var.<\/p>\n<p><span style=\"color: #ff0000;\">K\u00fct\u00fcphanecilik alan\u0131nda nas\u0131l acaba? <\/span><\/p>\n<p><span style=\"color: #ff0000;\">Uygulamaya d\u00f6n\u00fck kitap var m\u0131?<\/span><\/p>\n<p>2001 y\u0131l\u0131nda mezun oldu\u011fum i\u00e7in bizim d\u00f6nemde okudu\u011fumuz bir ka\u00e7 kitap vard\u0131? Acaba yeni kitaplar yaz\u0131lm\u0131\u015f m\u0131?<\/p>\n<p>K\u00fct\u00fcphanecilik Konusunda Uygulamaya d\u00f6n\u00fck mesleki kitap var m\u0131 diye Toplu Katalogdan tarama yapt\u0131m.<\/p>\n<p>\u00d6zellikle arad\u0131\u011f\u0131m konu <span style=\"color: #ff0000;\"><strong>&#8220;Kataloglama Kurallar\u0131&#8221;<\/strong><\/span><\/p>\n<p>\u00c7\u0131kan sonu\u00e7lar\u0131 inceledi\u011fimde ilk \u00e7\u0131kan sonu\u00e7 benimde hocam olan\u00a0<span style=\"color: #ff0000;\">Hasan S. Kesero\u011flu<\/span>&#8216;na ait <span style=\"color: #ff0000;\">&#8220;Kataloglama kurallar\u0131 : \u00d6rnekleri ile Anglo-Amerikan katolaglama kurallar\u0131 2<\/span> kitab\u0131. Kulaklar\u0131 \u00e7\u0131nlas\u0131n hocam\u0131n beni de b\u00fct\u00fcnlemeye b\u0131rakm\u0131\u015ft\u0131 \ud83d\ude42<\/p>\n<p>Bol \u00f6rnekli kataloglama kurallar\u0131 kitab\u0131n\u0131n mesle\u011fimiz a\u00e7\u0131s\u0131ndan faydal\u0131 olaca\u011f\u0131n\u0131 d\u00fc\u015f\u00fcn\u00fcyorum.\u00a0 Meslek elemanlar\u0131n\u0131n sahaya haz\u0131r bir \u015fekilde yeti\u015fmesi gerekiyor. Her \u015fey saha da \u00f6\u011frenilmiyor. Her k\u00fct\u00fcphanede k\u00fct\u00fcphaneci \u00e7al\u0131\u015fm\u0131yor.<\/p>\n<p><span style=\"color: #ff0000;\">Meslek standartlar\u0131na sahip \u00e7\u0131kmal\u0131y\u0131z.\u00a0<\/span><\/p>\n<p>Kataloglama kurallar\u0131 konusunda 2002 y\u0131l\u0131nda en son <span style=\"color: #ff0000;\">Hasan S. Kesero\u011flu\u00a0<\/span>hocam\u0131z\u0131n kitab\u0131 yay\u0131nlanm\u0131\u015f Ba\u015fka T\u00fcrk\u00e7e kitap arad\u0131m bulamad\u0131m. En az\u0131ndan Toplu Katalogda yok.<\/p>\n<p>Hocalar\u0131m\u0131za na\u00e7izane tavsiyem l\u00fctfen uygulamaya d\u00f6n\u00fck meslek kitaplar yaz\u0131n\u0131z.<\/p>\n<p>Sayg\u0131lar\u0131mla.<\/p>\n<p><img loading=\"lazy\" decoding=\"async\" class=\"alignleft size-large wp-image-941\" src=\"http:\/\/ihalekutuphane.com\/wp-content\/uploads\/2018\/04\/Kataloglama-kurallari-1-661x1024.jpg\" alt=\"\" width=\"661\" height=\"1024\" \/><img loading=\"lazy\" decoding=\"async\" class=\"alignleft size-large wp-image-943\" src=\"http:\/\/ihalekutuphane.com\/wp-content\/uploads\/2018\/04\/Kataloglama-kurallari-3-735x1024.jpg\" alt=\"\" width=\"735\" height=\"1024\" \/><img loading=\"lazy\" decoding=\"async\" class=\"alignleft size-large wp-image-942\" src=\"http:\/\/ihalekutuphane.com\/wp-content\/uploads\/2018\/04\/Kataloglama-kurallari-2-724x1024.jpg\" alt=\"\" width=\"724\" height=\"1024\" \/><\/p>\n<p><a href=\"http:\/\/ihalekutuphane.com\/2018\/04\/26\/kutuphanecilik-konusunda-ornekli-uygulama-kitaplari-eksikligi\/\" target=\"_blank\" rel=\"noopener\">Kaynak<\/a><\/p>\n","protected":false},"excerpt":{"rendered":"<p>Merhabalar, Mesleki uygulama kitaplar\u0131n\u0131n yol g\u00f6sterici oldu\u011funu d\u00fc\u015f\u00fcn\u00fcyorum. \u00d6zellikle \u00f6rnekleri bol uygulama kitaplar\u0131,\u00a0di\u011fer meslek dallar\u0131nda bu t\u00fcr kitaplar bolca var. K\u00fct\u00fcphanecilik alan\u0131nda nas\u0131l acaba? Uygulamaya d\u00f6n\u00fck kitap var m\u0131? 2001 y\u0131l\u0131nda mezun oldu\u011fum i\u00e7in bizim d\u00f6nemde okudu\u011fumuz bir ka\u00e7 kitap vard\u0131? Acaba yeni kitaplar yaz\u0131lm\u0131\u015f m\u0131? K\u00fct\u00fcphanecilik Konusunda Uygulamaya d\u00f6n\u00fck mesleki kitap var m\u0131 diye [&hellip;]<\/p>\n","protected":false},"author":154,"featured_media":940,"comment_status":"open","ping_status":"open","sticky":false,"template":"","format":"standard","meta":{"footnotes":""},"categories":[1],"tags":[889,1169,1170],"class_list":["post-939","post","type-post","status-publish","format-standard","has-post-thumbnail","hentry","category-genel","tag-kutuphanecilik","tag-ornekli-kitap","tag-uygulama-kitabi"],"_links":{"self":[{"href":"https:\/\/www.bbyhaber.com\/bby\/wp-json\/wp\/v2\/posts\/939"}],"collection":[{"href":"https:\/\/www.bbyhaber.com\/bby\/wp-json\/wp\/v2\/posts"}],"about":[{"href":"https:\/\/www.bbyhaber.com\/bby\/wp-json\/wp\/v2\/types\/post"}],"author":[{"embeddable":true,"href":"https:\/\/www.bbyhaber.com\/bby\/wp-json\/wp\/v2\/users\/154"}],"replies":[{"embeddable":true,"href":"https:\/\/www.bbyhaber.com\/bby\/wp-json\/wp\/v2\/comments?post=939"}],"version-history":[{"count":0,"href":"https:\/\/www.bbyhaber.com\/bby\/wp-json\/wp\/v2\/posts\/939\/revisions"}],"wp:featuredmedia":[{"embeddable":true,"href":"https:\/\/www.bbyhaber.com\/bby\/wp-json\/wp\/v2\/posts\/940"}],"wp:attachment":[{"href":"https:\/\/www.bbyhaber.com\/bby\/wp-json\/wp\/v2\/media?parent=939"}],"wp:term":[{"taxonomy":"category","embeddable":true,"href":"https:\/\/www.bbyhaber.com\/bby\/wp-json\/wp\/v2\/categories?post=939"},{"taxonomy":"post_tag","embeddable":true,"href":"https:\/\/www.bbyhaber.com\/bby\/wp-json\/wp\/v2\/tags?post=939"}],"curies":[{"name":"wp","href":"https:\/\/api.w.org\/{rel}","templated":true}]}}