{"id":9374,"date":"2013-02-07T12:28:05","date_gmt":"2013-02-07T10:28:05","guid":{"rendered":"http:\/\/www.bbyhaber.com\/bby\/?p=9374"},"modified":"2016-03-23T15:35:19","modified_gmt":"2016-03-23T13:35:19","slug":"prof-dr-bulent-yilmazdan-2013-kutuphane-haftasi-okuma-etkinligi-mesaji","status":"publish","type":"post","link":"https:\/\/www.bbyhaber.com\/bby\/2013\/02\/07\/prof-dr-bulent-yilmazdan-2013-kutuphane-haftasi-okuma-etkinligi-mesaji","title":{"rendered":"Prof.Dr.B\u00fclent Y\u0131lmaz&#8217;dan 2013 K\u00fct\u00fcphane Haftas\u0131 Okuma Etkinli\u011fi Mesaj\u0131"},"content":{"rendered":"<p style=\"text-align: justify;\"><img loading=\"lazy\" decoding=\"async\" class=\"alignleft\" src=\"http:\/\/www.bbyhaber.com\/bby\/wp-content\/uploads\/2015\/01\/bulent-yilmaz.jpg\" alt=\"\" width=\"220\" height=\"150\" \/>&#8220;Kitab\u0131n\u0131 alan meydana gelsin!&#8221; slogan\u0131 ile ilki ge\u00e7en y\u0131l ger\u00e7ekle\u015ftirilen ve \u00e7ok olumlu geri bildirimler al\u0131nan (45 ilde ger\u00e7ekle\u015ftirildi) T\u00fcrkiye \u00e7ap\u0131nda ayn\u0131 g\u00fcn ayn\u0131 saatte okuma etkinli\u011fini bu y\u0131l daha da b\u00fcy\u00fcterek ger\u00e7ekle\u015ftirmek gerekir. TKD-KYGM&#8217;nin <strong><a title=\"49. K\u00fct\u00fcphane Haftas\u0131 Ana Tema ve Program Belirlendi-\u201dYenile\u015fim ve K\u00fct\u00fcphaneciler\u201d\" href=\"http:\/\/www.bbyhaber.com\/bby\/2013\/02\/06\/49-kutuphane-haftasi-ana-tema-ve-program-belirlendi-yenilesim-ve-kutuphaneciler\/\">K\u00fct\u00fcphane Haftas\u0131 program\u0131<\/a><\/strong>nda da g\u00f6r\u00fclece\u011fi \u00fczere <strong>27 Mart \u00c7ar\u015famba g\u00fcn\u00fc saat 12.30&#8242;<\/strong>da her il ve il\u00e7enin meydan\u0131nda k\u00fct\u00fcphane kullan\u0131c\u0131lar\u0131<!--more--> ve isteyen herkese a\u00e7\u0131k olan bu ortak kitap okuma etkinli\u011fini yerel programlar\u0131n\u0131za koymay\u0131 l\u00fctfen unutmay\u0131n\u0131z. Ayr\u0131ca bu etkinli\u011fi bu y\u0131l daha da b\u00fcy\u00fcterek ger\u00e7ekle\u015ftirmek i\u00e7in l\u00fctfen sahip \u00e7\u0131k\u0131n\u0131z ve elinizden geleni yap\u0131n\u0131z. Bununla ilgili i\u015flemlerinizi kolayla\u015ft\u0131rmak ve i\u015fin yasal boyutunda zorluk \u00e7ekmemeniz i\u00e7in gerekli resmi yaz\u0131 TKD taraf\u0131ndan valiliklere ayr\u0131ca g\u00f6nderilecektir. Ancak sizler planlar\u0131n\u0131z\u0131 \u015fimdiden yapabilirsiniz.<\/p>\n<p style=\"text-align: justify;\">Kal\u0131c\u0131 ve geleneksel hale getirmek, varl\u0131k nedenimiz olan okuyan ve d\u00fc\u015f\u00fcnen topluma ili\u015fkin duyarl\u0131l\u0131k ve sorumlulu\u011fumuzu g\u00f6stermek ad\u0131na simgesel de olsa bunu \u00f6nemli bir etkinlik olarak g\u00f6rmek gerekir. Etkinli\u011fin sadece \u00f6\u011frencilerin kat\u0131ld\u0131\u011f\u0131 bir okuma etkinli\u011fi olarak alg\u0131lanmamas\u0131 i\u00e7in de l\u00fctfen farkl\u0131 ya\u015f ve gruplardan kat\u0131l\u0131m sa\u011flamaya \u00e7al\u0131\u015fal\u0131m. Hangi k\u00fct\u00fcphanede \u00e7al\u0131\u015f\u0131yor olursak olal\u0131m bizler de bireysel olarak bu etkinli\u011fe kat\u0131lal\u0131m, elimizden geldi\u011fince \u00e7evremize duyural\u0131m, ba\u015fka sivil toplum kurulu\u015flar\u0131 ile i\u015fbirli\u011fi yapal\u0131m derim. Elbette ama\u00e7 \u015fehir meydan\u0131nda hep beraber olmak, g\u00fcc\u00fcm\u00fcz\u00fc, mesle\u011fimizi daha nitelikli ve etkileyici bi\u00e7imde g\u00f6stermektir. Ancak etkinli\u011fi merkezi bi\u00e7imde yapamayan meslekta\u015flar\u0131m\u0131z, okul, semt ya da mahalle d\u00fczeyinde, hatta k\u00fct\u00fcphanelerinin \u00f6n\u00fcnde de yapabilirler. Yeter ki ayn\u0131 g\u00fcn ayn\u0131 saate t\u00fcm T\u00fcrkiye&#8217;ye mesaj\u0131m\u0131z\u0131 verelim.<\/p>\n<p style=\"text-align: justify;\">Kaynak: K\u00fct\u00fcp-L<\/p>\n<p style=\"text-align: justify;\"><span style=\"color: #0000ff;\"><strong>NOT:<\/strong><\/span><\/p>\n<p style=\"text-align: justify;\">Kitap okuma etkinli\u011fi; TKD Genel Merkezi, TKD Gen\u00e7lik \u00c7al\u0131\u015fma Grubu- TKD Kamp\u00fcs, TKD Halkla \u0130li\u015fkiler \u00c7al\u0131\u015fma Grubu-TKD H\u0130G, Payda\u015f STKlar, K\u00fct\u00fcphanaler ve Yay\u0131mlar Genel M\u00fcd\u00fcrl\u00fc\u011f\u00fc, 81 \u0130l Valilikleri, \u0130l K\u00fclt\u00fcr Turizm M\u00fcd\u00fcrl\u00fckleri, \u0130l Halk K\u00fct\u00fcphanesi M\u00fcd\u00fcrl\u00fckleri, \u0130l\u00e7e Halk K\u00fct\u00fcphanesi M\u00fcd\u00fcrl\u00fckleri deste\u011fiyle <strong>27 Mart \u00c7ar\u015famba G\u00fcn\u00fc 81 <\/strong>\u0130lde ve il\u00e7elerde <strong>12.30-13.00<\/strong> saatleri aras\u0131nda meydanlarda ger\u00e7ekle\u015fecek. <strong>Etkinli\u011fin koordinasyonu T\u00fcrk K\u00fct\u00fcphaneciler Derne\u011fi Genel Merkezi ad\u0131na <span style=\"color: #ff0000;\">Ayd\u0131n \u0130LER\u0130<\/span> taraf\u0131ndan y\u00fcr\u00fct\u00fclecektir<\/strong>. Konu hakk\u0131nda ayr\u0131nt\u0131l\u0131 bilgiler ilgili listelerle ve kurumlara T\u00fcrk K\u00fct\u00fcphaneciler Derne\u011fi Genel Merkezi taraf\u0131ndan en k\u0131sa zamanda payla\u015f\u0131lacakt\u0131r.<\/p>\n","protected":false},"excerpt":{"rendered":"<p>&#8220;Kitab\u0131n\u0131 alan meydana gelsin!&#8221; slogan\u0131 ile ilki ge\u00e7en y\u0131l ger\u00e7ekle\u015ftirilen ve \u00e7ok olumlu geri bildirimler al\u0131nan (45 ilde ger\u00e7ekle\u015ftirildi) T\u00fcrkiye \u00e7ap\u0131nda ayn\u0131 g\u00fcn ayn\u0131 saatte okuma etkinli\u011fini bu y\u0131l daha da b\u00fcy\u00fcterek ger\u00e7ekle\u015ftirmek gerekir. TKD-KYGM&#8217;nin K\u00fct\u00fcphane Haftas\u0131 program\u0131nda da g\u00f6r\u00fclece\u011fi \u00fczere 27 Mart \u00c7ar\u015famba g\u00fcn\u00fc saat 12.30&#8242;da her il ve il\u00e7enin meydan\u0131nda k\u00fct\u00fcphane kullan\u0131c\u0131lar\u0131<\/p>\n","protected":false},"author":1,"featured_media":0,"comment_status":"open","ping_status":"open","sticky":false,"template":"","format":"standard","meta":{"footnotes":""},"categories":[1470,1496,1502],"tags":[1461],"class_list":["post-9374","post","type-post","status-publish","format-standard","hentry","category-49-kutuphane-haftasi","category-kitap-okuma-etkinligi","category-prof-dr-bulent-yilmaz","tag-kutuphane-haftasi"],"_links":{"self":[{"href":"https:\/\/www.bbyhaber.com\/bby\/wp-json\/wp\/v2\/posts\/9374"}],"collection":[{"href":"https:\/\/www.bbyhaber.com\/bby\/wp-json\/wp\/v2\/posts"}],"about":[{"href":"https:\/\/www.bbyhaber.com\/bby\/wp-json\/wp\/v2\/types\/post"}],"author":[{"embeddable":true,"href":"https:\/\/www.bbyhaber.com\/bby\/wp-json\/wp\/v2\/users\/1"}],"replies":[{"embeddable":true,"href":"https:\/\/www.bbyhaber.com\/bby\/wp-json\/wp\/v2\/comments?post=9374"}],"version-history":[{"count":0,"href":"https:\/\/www.bbyhaber.com\/bby\/wp-json\/wp\/v2\/posts\/9374\/revisions"}],"wp:attachment":[{"href":"https:\/\/www.bbyhaber.com\/bby\/wp-json\/wp\/v2\/media?parent=9374"}],"wp:term":[{"taxonomy":"category","embeddable":true,"href":"https:\/\/www.bbyhaber.com\/bby\/wp-json\/wp\/v2\/categories?post=9374"},{"taxonomy":"post_tag","embeddable":true,"href":"https:\/\/www.bbyhaber.com\/bby\/wp-json\/wp\/v2\/tags?post=9374"}],"curies":[{"name":"wp","href":"https:\/\/api.w.org\/{rel}","templated":true}]}}