{"id":936,"date":"2011-11-16T21:30:54","date_gmt":"2011-11-16T21:30:54","guid":{"rendered":"http:\/\/www.bbyhaber.com\/bby\/?p=936"},"modified":"2012-05-30T13:15:45","modified_gmt":"2012-05-30T13:15:45","slug":"gezici-kutuphane-adiyamandaki-koy-cocuklarinin-okuma-ozlemini-gideriyor","status":"publish","type":"post","link":"https:\/\/www.bbyhaber.com\/bby\/2011\/11\/16\/gezici-kutuphane-adiyamandaki-koy-cocuklarinin-okuma-ozlemini-gideriyor","title":{"rendered":"Gezici k\u00fct\u00fcphane Ad\u0131yaman&#8217;daki k\u00f6y \u00e7ocuklar\u0131n\u0131n okuma \u00f6zlemini gideriyor"},"content":{"rendered":"<p style=\"text-align: justify;\">Ad\u0131yaman&#8217;daki gezici k\u00fct\u00fcphane Valilik taraf\u0131ndan \u0130l Halk K\u00fct\u00fcphanesi&#8217;ne verildi. Gezici K\u00fct\u00fcphane&#8217;nin Sosyal Destek Program\u0131 (SODES) kapsam\u0131nda 2009 y\u0131l\u0131nda sat\u0131n al\u0131nd\u0131\u011f\u0131n\u0131 belirten Ad\u0131yaman Valisi Ramazan Sodan, &#8220;Gezici k\u00fct\u00fcphane 115 bin liraya mal oldu. Gezici k\u00fct\u00fcphane k\u00f6yleri dola\u015farak k\u00f6y \u00e7ocuklar\u0131n\u0131n k\u00fct\u00fcphane \u00f6zlemini gidermektedir. Herg\u00fcn y\u00fczlerce kitap \u00f6d\u00fcn\u00e7 verilmektedir.&#8221;<!--more--><br \/>\ndedi.<br \/>\nGezici k\u00fct\u00fcphanenin haftada d\u00f6rt g\u00fcn k\u00f6ylere gitmekte oldu\u011funu belirten Sodan, &#8220;G\u00fcncel kitaplar\u0131nda bulundu\u011fu k\u00fct\u00fcphanede g\u00fcnl\u00fck ortalama 400 kitap kitapseverlerle bulu\u015fuyor. Modern gezici k\u00fct\u00fcphane yaz-k\u0131\u015f k\u00f6ylerde ya\u015fayan \u00f6\u011frencilerin kitap ihtiyac\u0131n\u0131 gidermekte. \u00d6zellikle k\u00f6y okullar\u0131nda okuyan \u00f6\u011frenciler her g\u00fcn sab\u0131rs\u0131zla gezici k\u00fct\u00fcphanenin yolunu g\u00f6zlemektedir. K\u00f6y \u00f6\u011fretmenleri de okullar\u0131na gelen gezici k\u00fct\u00fcphaneden memnunlar.&#8221; \u015feklinde konu\u015ftu.<\/p>\n<p style=\"text-align: justify;\">Sodan a\u00e7\u0131klamas\u0131n\u0131 \u015f\u00f6yle s\u00fcrd\u00fcrd\u00fc: &#8220;\u00d6zellikle SODES projeleriyle ilimizde dezavantajl\u0131 gruplara hizmet etmeye \u00e7al\u0131\u015fmaktay\u0131z. Hizmeti vatanda\u015f\u0131n aya\u011f\u0131na g\u00f6t\u00fcrmeye \u00e7al\u0131\u015fmaktay\u0131z. \u00d6zellikle e\u011fitim projelerine \u00f6nem vermekteyiz. 2009\u20132011 y\u0131llar\u0131 aras\u0131nda 64 okulumuza k\u00fct\u00fcphane kazand\u0131rd\u0131k. 300 binin \u00fczerinde kitap da\u011f\u0131tt\u0131k. Bunun yan\u0131nda k\u00f6y okullar\u0131na y\u00f6nelik \u00e7ocuk oyun alanlar\u0131, \u00e7ok ama\u00e7l\u0131 basketbol sahalar\u0131 yap\u0131lmaktad\u0131r. K\u00f6y \u00e7ocuklar\u0131na \u015fehirdeki \u00e7ocuklar\u0131n sahip oldu\u011fu imk\u00e2nlar\u0131 sunmaya \u00e7al\u0131\u015fmaktay\u0131z. \u00c7ocuk ve gen\u00e7lerimizin okumalar\u0131 ve okuma al\u0131\u015fkanl\u0131\u011f\u0131 kazanmalar\u0131 i\u00e7in \u00e7al\u0131\u015fmalar\u0131m\u0131z devam edecektir.&#8221;<\/p>\n<p style=\"text-align: justify;\">Kaynak: http:\/\/www.pirsushaber.com<\/p>\n","protected":false},"excerpt":{"rendered":"<p>Ad\u0131yaman&#8217;daki gezici k\u00fct\u00fcphane Valilik taraf\u0131ndan \u0130l Halk K\u00fct\u00fcphanesi&#8217;ne verildi. Gezici K\u00fct\u00fcphane&#8217;nin Sosyal Destek Program\u0131 (SODES) kapsam\u0131nda 2009 y\u0131l\u0131nda sat\u0131n al\u0131nd\u0131\u011f\u0131n\u0131 belirten Ad\u0131yaman Valisi Ramazan Sodan, &#8220;Gezici k\u00fct\u00fcphane 115 bin liraya mal oldu. Gezici k\u00fct\u00fcphane k\u00f6yleri dola\u015farak k\u00f6y \u00e7ocuklar\u0131n\u0131n k\u00fct\u00fcphane \u00f6zlemini gidermektedir. Herg\u00fcn y\u00fczlerce kitap \u00f6d\u00fcn\u00e7 verilmektedir.&#8221;<\/p>\n","protected":false},"author":1,"featured_media":0,"comment_status":"open","ping_status":"open","sticky":false,"template":"","format":"standard","meta":{"footnotes":""},"categories":[1486],"tags":[1440],"class_list":["post-936","post","type-post","status-publish","format-standard","hentry","category-gezici-kutuphane","tag-gezici-kutuphaneler"],"_links":{"self":[{"href":"https:\/\/www.bbyhaber.com\/bby\/wp-json\/wp\/v2\/posts\/936"}],"collection":[{"href":"https:\/\/www.bbyhaber.com\/bby\/wp-json\/wp\/v2\/posts"}],"about":[{"href":"https:\/\/www.bbyhaber.com\/bby\/wp-json\/wp\/v2\/types\/post"}],"author":[{"embeddable":true,"href":"https:\/\/www.bbyhaber.com\/bby\/wp-json\/wp\/v2\/users\/1"}],"replies":[{"embeddable":true,"href":"https:\/\/www.bbyhaber.com\/bby\/wp-json\/wp\/v2\/comments?post=936"}],"version-history":[{"count":0,"href":"https:\/\/www.bbyhaber.com\/bby\/wp-json\/wp\/v2\/posts\/936\/revisions"}],"wp:attachment":[{"href":"https:\/\/www.bbyhaber.com\/bby\/wp-json\/wp\/v2\/media?parent=936"}],"wp:term":[{"taxonomy":"category","embeddable":true,"href":"https:\/\/www.bbyhaber.com\/bby\/wp-json\/wp\/v2\/categories?post=936"},{"taxonomy":"post_tag","embeddable":true,"href":"https:\/\/www.bbyhaber.com\/bby\/wp-json\/wp\/v2\/tags?post=936"}],"curies":[{"name":"wp","href":"https:\/\/api.w.org\/{rel}","templated":true}]}}