{"id":9343,"date":"2013-02-05T10:37:07","date_gmt":"2013-02-05T08:37:07","guid":{"rendered":"http:\/\/www.bbyhaber.com\/bby\/?p=9343"},"modified":"2013-02-05T10:37:07","modified_gmt":"2013-02-05T08:37:07","slug":"kutuphanede-okuma-kulturu-artiyor-canakkale-mehmet-akif-ersoy-il-halk-kutuphanesi","status":"publish","type":"post","link":"https:\/\/www.bbyhaber.com\/bby\/2013\/02\/05\/kutuphanede-okuma-kulturu-artiyor-canakkale-mehmet-akif-ersoy-il-halk-kutuphanesi","title":{"rendered":"K\u00fct\u00fcphanede okuma k\u00fclt\u00fcr\u00fc art\u0131yor-\u00c7anakkale Mehmet Akif Ersoy \u0130l Halk K\u00fct\u00fcphanesi"},"content":{"rendered":"<p style=\"text-align: justify;\">\u00c7anakkale Mehmet Akif Ersoy \u0130l Halk K\u00fct\u00fcphanesi 2011-2012 y\u0131llar\u0131 aras\u0131nda k\u00fct\u00fcphane kullan\u0131m\u0131 konusunda yapt\u0131\u011f\u0131 istatistik \u00e7al\u0131\u015fmay\u0131 kamuya sundu.\u00a0Belirtilen\u00a0 senelerde farkl\u0131 konu ba\u015fl\u0131klar\u0131ndan yola \u00e7\u0131karak k\u00fct\u00fcphanedeki kitap say\u0131s\u0131, okuyucu say\u0131s\u0131, \u00fcye say\u0131s\u0131, \u00f6d\u00fcn\u00e7 verilen materyal say\u0131s\u0131 a\u00e7\u0131s\u0131ndan\u00a0 k\u0131yaslamalar ve de\u011ferlendirmeler yap\u0131ld\u0131.<!--more--><\/p>\n<p style=\"text-align: justify;\">Konu ile ilgili de\u011ferlendirmelerde bulunan \u0130l Halk K\u00fct\u00fcphanesi M\u00fcd\u00fcr\u00fc Osman Zeki Co\u015far; \u201c Ortaya \u00e7\u0131kan tabloya g\u00f6re K\u00fclt\u00fcr ve Turizm Bakanl\u0131\u011f\u0131ndan g\u00f6nderilen ve k\u00fct\u00fcphane taraf\u0131ndan sa\u011flanan kitap say\u0131s\u0131 2011 y\u0131l\u0131nda 34617 iken 2012 de 39646 ya y\u00fckselmi\u015ftir. K\u00fct\u00fcphaneye yeni \u00fcye olan kullan\u0131c\u0131 say\u0131s\u0131 2375 ten 2815 e \u00e7\u0131km\u0131\u015ft\u0131r. Y\u0131l i\u00e7inde yap\u0131lan tan\u0131t\u0131m \u00e7al\u0131\u015fmalar\u0131 ve kullan\u0131c\u0131lar\u0131n k\u00fct\u00fcphaneye kazand\u0131klar\u0131 yeni \u00fcyeler bu say\u0131n\u0131n giderek y\u00fckselmesini sa\u011flam\u0131\u015ft\u0131r. \u00d6d\u00fcn\u00e7 verilen materyal say\u0131s\u0131 23305 ten\u00a0 y\u0131l i\u00e7ine yakla\u015f\u0131k 3500 adet art\u0131p 26834 e y\u00fckselmi\u015ftir. Buna sebep olarak \u00fcye say\u0131s\u0131n artmas\u0131, kullan\u0131c\u0131 isteklerinin dikkate al\u0131nmas\u0131 ve g\u00fcncel yay\u0131nlar\u0131 m\u00fcmk\u00fcn olan en k\u0131sa s\u00fcrede k\u00fct\u00fcphaneye kazand\u0131r\u0131lmas\u0131 gibi fakt\u00f6rler \u00f6nemli rol oynam\u0131\u015ft\u0131r.<\/p>\n<p style=\"text-align: justify;\">Kullan\u0131c\u0131lar\u0131n \u00fcyeli\u011fine bak\u0131lmaks\u0131z\u0131n k\u00fct\u00fcphanenin her t\u00fcrl\u00fc hizmetinden en az bir kez\u00a0 faydalanan okuyucu say\u0131s\u0131 ise 2011 de 122012 olarak belirlense de \u00a02012 y\u0131l\u0131nda bu rakam 101404 e gerilemi\u015ftir. \u0130lk bak\u0131\u015fta olumsuz gibi g\u00f6r\u00fcnen bu rakamsal farkl\u0131l\u0131\u011f\u0131n internet kullan\u0131m s\u0131kl\u0131\u011f\u0131 , bilgisayar \u00e7\u0131kt\u0131 hizmeti, \u00a0ve fotokopi hizmetlerindeki yayg\u0131nla\u015fmandan kaynakland\u0131\u011f\u0131 g\u00f6r\u00fclm\u00fc\u015ft\u00fcr\u201d dedi.<\/p>\n<p style=\"text-align: justify;\">Kaynak:http:\/\/www.canakkalehedef.com<\/p>\n","protected":false},"excerpt":{"rendered":"<p>\u00c7anakkale Mehmet Akif Ersoy \u0130l Halk K\u00fct\u00fcphanesi 2011-2012 y\u0131llar\u0131 aras\u0131nda k\u00fct\u00fcphane kullan\u0131m\u0131 konusunda yapt\u0131\u011f\u0131 istatistik \u00e7al\u0131\u015fmay\u0131 kamuya sundu.\u00a0Belirtilen\u00a0 senelerde farkl\u0131 konu ba\u015fl\u0131klar\u0131ndan yola \u00e7\u0131karak k\u00fct\u00fcphanedeki kitap say\u0131s\u0131, okuyucu say\u0131s\u0131, \u00fcye say\u0131s\u0131, \u00f6d\u00fcn\u00e7 verilen materyal say\u0131s\u0131 a\u00e7\u0131s\u0131ndan\u00a0 k\u0131yaslamalar ve de\u011ferlendirmeler yap\u0131ld\u0131.<\/p>\n","protected":false},"author":1,"featured_media":0,"comment_status":"open","ping_status":"open","sticky":false,"template":"","format":"standard","meta":{"footnotes":""},"categories":[1,1499],"tags":[848],"class_list":["post-9343","post","type-post","status-publish","format-standard","hentry","category-genel","category-kutuphane-istatistikleri","tag-halk-kutuphaneleri"],"_links":{"self":[{"href":"https:\/\/www.bbyhaber.com\/bby\/wp-json\/wp\/v2\/posts\/9343"}],"collection":[{"href":"https:\/\/www.bbyhaber.com\/bby\/wp-json\/wp\/v2\/posts"}],"about":[{"href":"https:\/\/www.bbyhaber.com\/bby\/wp-json\/wp\/v2\/types\/post"}],"author":[{"embeddable":true,"href":"https:\/\/www.bbyhaber.com\/bby\/wp-json\/wp\/v2\/users\/1"}],"replies":[{"embeddable":true,"href":"https:\/\/www.bbyhaber.com\/bby\/wp-json\/wp\/v2\/comments?post=9343"}],"version-history":[{"count":0,"href":"https:\/\/www.bbyhaber.com\/bby\/wp-json\/wp\/v2\/posts\/9343\/revisions"}],"wp:attachment":[{"href":"https:\/\/www.bbyhaber.com\/bby\/wp-json\/wp\/v2\/media?parent=9343"}],"wp:term":[{"taxonomy":"category","embeddable":true,"href":"https:\/\/www.bbyhaber.com\/bby\/wp-json\/wp\/v2\/categories?post=9343"},{"taxonomy":"post_tag","embeddable":true,"href":"https:\/\/www.bbyhaber.com\/bby\/wp-json\/wp\/v2\/tags?post=9343"}],"curies":[{"name":"wp","href":"https:\/\/api.w.org\/{rel}","templated":true}]}}