{"id":9338,"date":"2013-02-05T10:33:20","date_gmt":"2013-02-05T08:33:20","guid":{"rendered":"http:\/\/www.bbyhaber.com\/bby\/?p=9338"},"modified":"2013-03-04T23:48:07","modified_gmt":"2013-03-04T21:48:07","slug":"comu-kutuphanesi-binaya-sigmiyor-canakkale","status":"publish","type":"post","link":"https:\/\/www.bbyhaber.com\/bby\/2013\/02\/05\/comu-kutuphanesi-binaya-sigmiyor-canakkale","title":{"rendered":"\u00c7OM\u00dc K\u00fct\u00fcphanesi Binaya S\u0131\u011fm\u0131yor-\u00c7anakkale"},"content":{"rendered":"<p style=\"text-align: justify;\">Hedef 1 milyon kitap\u2019 parolas\u0131yla yola \u00e7\u0131kan \u00c7anakkale Onsekiz Mart \u00dcniversitesi K\u00fct\u00fcphanesi i\u00e7in ek bina yap\u0131m\u0131na ba\u015fland\u0131. \u0130ki bina, birbirine t\u00fcp ge\u00e7itlerle ba\u011flanacak. \u0130lahiyat Fak\u00fcltesi, T\u0131p Fak\u00fcltesi, E\u011fitim Fak\u00fcltesi ve Biga \u0130ktisadi ve \u0130dari Bilimler Fak\u00fcltesinde ayr\u0131 k\u00fct\u00fcphaneler olu\u015fturulacak.\u00c7anakkale Onsekiz Mart \u00dcniversitesi k\u00fct\u00fcphanesi b\u00fcy\u00fcmeye devam ediyor.<\/p>\n<p style=\"text-align: justify;\"><!--more--> 7 g\u00fcn 24 saat esas\u0131na g\u00f6re hizmet veren k\u00fct\u00fcphanenin kap\u0131s\u0131 hi\u00e7 kilitlenmiyor. Ayda 10 bin kitab\u0131n katalogland\u0131\u011f\u0131 k\u00fct\u00fcphanedeki kitap say\u0131s\u0131 500 bini a\u015ft\u0131. Durum b\u00f6yle olunca, ikinci bina ihtiyac\u0131 ortaya \u00e7\u0131kt\u0131. Ek bina yap\u0131m\u0131 i\u00e7in \u00e7al\u0131\u015fmalar\u0131n devam etti\u011fini s\u00f6yleyen \u00c7OM\u00dc Rekt\u00f6r\u00fc Prof. Dr. Sedat La\u00e7iner, \u201cEk binam\u0131z\u0131n yap\u0131m\u0131 h\u0131zla devam ediyor. Buras\u0131 da tamamlan\u0131nca 2 binay\u0131 birbirine t\u00fcp ge\u00e7itlerle ba\u011flayaca\u011f\u0131z. K\u00fct\u00fcphane, bizim \u00f6ng\u00f6rd\u00fc\u011f\u00fcm\u00fczden daha verimli kullan\u0131l\u0131yor. 500 &#8211; 600 ki\u015filik bir kapasitemiz var. \u00d6zellikle s\u0131nav zamanlar\u0131nda yer bulmak zor oluyor. Ek bina bu s\u0131k\u0131nt\u0131y\u0131 \u00e7\u00f6zecek\u201d dedi.<\/p>\n<p style=\"text-align: justify;\">\u0130hlas Haber Ajans\u0131 B\u00f6lgeler Koordinat\u00f6r\u00fc L\u00fctfullah Uzun ve Bursa B\u00f6lge M\u00fcd\u00fcr\u00fc \u0130rfan Alt\u0131karde\u015f\u2019e k\u00fct\u00fcphane ve ek binay\u0131 gezdiren Prof. Dr. La\u00e7iner, \u201c\u00dcniversite olarak bir \u00e7ok yat\u0131r\u0131m\u0131m\u0131z var. Ama en \u00f6nemsedi\u011fimiz yat\u0131r\u0131mlar aras\u0131nda bu k\u00fct\u00fcphane yer al\u0131yor. \u00c7al\u0131\u015fma alanlar\u0131, kafeterya, dinlenme alanlar\u0131, bilgisayar salonlar\u0131, mescit gibi b\u00f6l\u00fcmleriyle, \u00f6\u011frencilerimize yeni bir ya\u015fam alan\u0131 da sunmu\u015f olduk. S\u0131nav zaman\u0131 buraya gelen \u00f6\u011frencimiz, hi\u00e7 d\u0131\u015far\u0131ya \u00e7\u0131kma ihtiyac\u0131 hissetmeden b\u00fct\u00fcn ihtiya\u00e7lar\u0131n\u0131 kar\u015f\u0131layabiliyor\u201d diye konu\u015ftu.<\/p>\n<p style=\"text-align: justify;\">K\u00fct\u00fcphanenin yeni kurulmu\u015f olmas\u0131na ra\u011fmen, bir \u00e7ok alanda di\u011fer k\u00fct\u00fcphaneleri geride b\u0131rakt\u0131\u011f\u0131n\u0131 da s\u00f6yleyen La\u00e7iner, \u201cBa\u015fta \u00e7evre iller olmak \u00fczere T\u00fcrkiye\u2019nin her yerinden kitap geliyor. Sadece bu kitaplar\u0131n tasnifi ile u\u011fra\u015fan uzman arkada\u015flar\u0131m\u0131z var. Kitaplar kategorilerine ayr\u0131l\u0131yor, giri\u015fleri yap\u0131l\u0131yor, etiketleniyor, sonra da raflardaki yerini al\u0131yor. Ayda 10 bin kitap giri\u015fi yap\u0131yoruz. Bunun i\u00e7in bir yaz\u0131l\u0131m program\u0131 kullan\u0131l\u0131yor. \u00c7OM\u00dc K\u00fct\u00fcphanesinden giri\u015fini yapt\u0131\u011f\u0131m\u0131z kitaplar\u0131n y\u00fczde 60\u2019\u0131, ilk giri\u015f. Yani ilk kataloglayan biz oluyoruz\u201d dedi. La\u00e7iner, k\u00fct\u00fcphanede \u2018Avustralya\u2019 b\u00f6l\u00fcm\u00fc olu\u015fturuldu\u011funu, \u00c7anakkale\u2019ye gezmeye gelen konuklar\u0131n, burada kendi k\u00fclt\u00fcrlerine ait kitaplar\u0131 bulabildi\u011fini de s\u00f6yledi.<\/p>\n<p style=\"text-align: justify;\">Kaynak: http:\/\/www.pirsushaber.com<\/p>\n","protected":false},"excerpt":{"rendered":"<p>Hedef 1 milyon kitap\u2019 parolas\u0131yla yola \u00e7\u0131kan \u00c7anakkale Onsekiz Mart \u00dcniversitesi K\u00fct\u00fcphanesi i\u00e7in ek bina yap\u0131m\u0131na ba\u015fland\u0131. \u0130ki bina, birbirine t\u00fcp ge\u00e7itlerle ba\u011flanacak. \u0130lahiyat Fak\u00fcltesi, T\u0131p Fak\u00fcltesi, E\u011fitim Fak\u00fcltesi ve Biga \u0130ktisadi ve \u0130dari Bilimler Fak\u00fcltesinde ayr\u0131 k\u00fct\u00fcphaneler olu\u015fturulacak.\u00c7anakkale Onsekiz Mart \u00dcniversitesi k\u00fct\u00fcphanesi b\u00fcy\u00fcmeye devam ediyor.<\/p>\n","protected":false},"author":1,"featured_media":0,"comment_status":"open","ping_status":"open","sticky":false,"template":"","format":"standard","meta":{"footnotes":""},"categories":[1],"tags":[1437],"class_list":["post-9338","post","type-post","status-publish","format-standard","hentry","category-genel","tag-univ-arastirma-kutuphaneleri"],"_links":{"self":[{"href":"https:\/\/www.bbyhaber.com\/bby\/wp-json\/wp\/v2\/posts\/9338"}],"collection":[{"href":"https:\/\/www.bbyhaber.com\/bby\/wp-json\/wp\/v2\/posts"}],"about":[{"href":"https:\/\/www.bbyhaber.com\/bby\/wp-json\/wp\/v2\/types\/post"}],"author":[{"embeddable":true,"href":"https:\/\/www.bbyhaber.com\/bby\/wp-json\/wp\/v2\/users\/1"}],"replies":[{"embeddable":true,"href":"https:\/\/www.bbyhaber.com\/bby\/wp-json\/wp\/v2\/comments?post=9338"}],"version-history":[{"count":0,"href":"https:\/\/www.bbyhaber.com\/bby\/wp-json\/wp\/v2\/posts\/9338\/revisions"}],"wp:attachment":[{"href":"https:\/\/www.bbyhaber.com\/bby\/wp-json\/wp\/v2\/media?parent=9338"}],"wp:term":[{"taxonomy":"category","embeddable":true,"href":"https:\/\/www.bbyhaber.com\/bby\/wp-json\/wp\/v2\/categories?post=9338"},{"taxonomy":"post_tag","embeddable":true,"href":"https:\/\/www.bbyhaber.com\/bby\/wp-json\/wp\/v2\/tags?post=9338"}],"curies":[{"name":"wp","href":"https:\/\/api.w.org\/{rel}","templated":true}]}}