{"id":9334,"date":"2013-02-05T09:39:39","date_gmt":"2013-02-05T07:39:39","guid":{"rendered":"http:\/\/www.bbyhaber.com\/bby\/?p=9334"},"modified":"2014-04-14T19:09:46","modified_gmt":"2014-04-14T17:09:46","slug":"02022013-tarihinde-yapilan-gorevde-yukselme-sinavi-soru-ve-cevaplari","status":"publish","type":"post","link":"https:\/\/www.bbyhaber.com\/bby\/2013\/02\/05\/02022013-tarihinde-yapilan-gorevde-yukselme-sinavi-soru-ve-cevaplari","title":{"rendered":"02\/02\/2013 Tarihinde Yap\u0131lan G\u00f6revde Y\u00fckselme S\u0131nav\u0131 Soru ve Cevaplar\u0131"},"content":{"rendered":"<p style=\"text-align: justify;\">K\u00fclt\u00fcr ve Turizm Bakanl\u0131\u011f\u0131 merkez ve ta\u015fra te\u015fkilat\u0131nda 657 say\u0131l\u0131 Devlet Memurlar\u0131 Kanununa tabi olarak de\u011fi\u015fik s\u0131n\u0131f ve unvanlarda memur stat\u00fcs\u00fcnde g\u00f6rev yapmakta olan personelin \u015eube M\u00fcd\u00fcr\u00fc, M\u00fcze M\u00fcd\u00fcr\u00fc, <strong>K\u00fct\u00fcphane M\u00fcd\u00fcr\u00fc<\/strong>, Folklor Ara\u015ft\u0131rmac\u0131s\u0131 ve M\u00fcze Ara\u015ft\u0131rmac\u0131s\u0131 unvanl\u0131 kadrolara, g\u00f6revde y\u00fckselme suretiyle atanmalar\u0131n\u0131 sa\u011flamak amac\u0131yla ger\u00e7ekle\u015ftirilen g\u00f6revde y\u00fckselme e\u011fitimi sonunda Ankara\u2019da Gazi \u00dcniversitesi S\u00fcrekli E\u011fitim Merkezine (GAZ\u0130SEM) yapt\u0131r\u0131lan g\u00f6revde y\u00fckselme s\u0131nav\u0131 soru kitaplar\u0131 a\u015fa\u011f\u0131da yer alm\u0131\u015ft\u0131r. Sorular\u0131n do\u011fru cevaplar\u0131 ise soru kitap\u00e7\u0131klar\u0131nda k\u0131rm\u0131z\u0131 renkte g\u00f6sterilmi\u015ftir.<!--more--><\/p>\n<p style=\"text-align: justify;\">S\u00f6z konusu s\u0131navda sorulan sorular ya da cevaplar\u0131 \u00fczerinde teredd\u00fcd\u00fc olan adaylar, s\u0131nava kat\u0131ld\u0131klar\u0131 unvan ile ilgili soru ve cevap anahtarlar\u0131na kar\u015f\u0131 itirazlar\u0131n\u0131 soru ve cevaplar\u0131n yay\u0131nland\u0131\u011f\u0131 tarihten (04\/02\/2013) itibaren 4 (d\u00f6rt) g\u00fcn i\u00e7inde<strong> gerek\u00e7eleri ile birlikte<\/strong>\u00a0(ba\u015fvuran\u0131n ad\u0131n\u0131n, soyad\u0131n\u0131n, imzas\u0131n\u0131n, imza tarihinin ve adresinin yer ald\u0131\u011f\u0131 bir dilek\u00e7e ile) yaz\u0131l\u0131 olarak Personel Dairesi Ba\u015fkanl\u0131\u011f\u0131na ba\u015fvurabileceklerdir.<\/p>\n<p style=\"text-align: justify;\">S\u00fcresi i\u00e7inde (04\/02\/2013 tarihinden 07\/02\/2013 tarihi mesai bitimine kadar) Personel Dairesi Ba\u015fkanl\u0131\u011f\u0131 kay\u0131tlar\u0131na girmeyen, imza ve adresi olmayan dilek\u00e7eler i\u015fleme al\u0131nmayacakt\u0131r. Ancak,\u00a0<strong>s\u00fcrenin k\u0131sa olmas\u0131 nedeniyle s\u00f6z konusu dilek\u00e7elerin a\u015fa\u011f\u0131da belirtilen numaralara, as\u0131llar\u0131n\u0131n da en k\u0131sa s\u00fcrede g\u00f6nderilmesi kayd\u0131yla, faks ile de g\u00f6nderilmesi m\u00fcmk\u00fcn bulunmaktad\u0131r.<\/strong><\/p>\n<p>Faks Numaralar\u0131: 0 312 311 81 45\u00a0\u00a0\u00a0&#8211;\u00a0\u00a0\u00a0\u00a00 312 311 14 56<\/p>\n<p>Bilgi \u0130\u00e7in \u0130rtibat:\u00a0\u00a0\u00a0\u00a0M.Atila \u00d6Z\u015eATIR\u00a0\u00a0\u00a00 312 311 20 61<\/p>\n<p>Mustafa GEN\u00c7\u00a0\u00a0\u00a00 312 312 49 05<\/p>\n<p style=\"text-align: justify;\"><a href=\"http:\/\/www.bbyhaber.com\/bby\/wp-content\/uploads\/dosyalar\/KTB\/gorevde-yukselme\/2013\/kutuphane-muduru-gorevde-yukselme-sinavi-a.pdf\" target=\"_blank\"><span style=\"color: #0000ff;\"><strong>K\u00dcT\u00dcPHANE M\u00dcD\u00dcR\u00dc A Kitap\u00e7\u0131\u011f\u0131 soru ve cevaplar i\u00e7in t\u0131klay\u0131n\u0131z<\/strong><\/span><\/a><\/p>\n<p style=\"text-align: justify;\"><a href=\"http:\/\/pdb.kulturturizm.gov.tr\/Eklenti\/5665,kutuphane-muduru-b.pdf?0\" target=\"_blank\"><span style=\"color: #0000ff;\"><strong>K\u00dcT\u00dcPHANE M\u00dcD\u00dcR\u00dc B Kitap\u00e7\u0131\u011f\u0131 soru ve cevaplar i\u00e7in t\u0131klay\u0131n\u0131z<\/strong><\/span><\/a><\/p>\n<p style=\"text-align: justify;\">Kaynak: http:\/\/pdb.kulturturizm.gov.tr<\/p>\n<p style=\"text-align: justify;\"><img loading=\"lazy\" decoding=\"async\" class=\"alignleft\" src=\"http:\/\/pdb.kulturturizm.gov.tr\/images\/pdb3_01.jpg\" alt=\"\" width=\"464\" height=\"79\" \/><\/p>\n","protected":false},"excerpt":{"rendered":"<p>K\u00fclt\u00fcr ve Turizm Bakanl\u0131\u011f\u0131 merkez ve ta\u015fra te\u015fkilat\u0131nda 657 say\u0131l\u0131 Devlet Memurlar\u0131 Kanununa tabi olarak de\u011fi\u015fik s\u0131n\u0131f ve unvanlarda memur stat\u00fcs\u00fcnde g\u00f6rev yapmakta olan personelin \u015eube M\u00fcd\u00fcr\u00fc, M\u00fcze M\u00fcd\u00fcr\u00fc, K\u00fct\u00fcphane M\u00fcd\u00fcr\u00fc, Folklor Ara\u015ft\u0131rmac\u0131s\u0131 ve M\u00fcze Ara\u015ft\u0131rmac\u0131s\u0131 unvanl\u0131 kadrolara, g\u00f6revde y\u00fckselme suretiyle atanmalar\u0131n\u0131 sa\u011flamak amac\u0131yla ger\u00e7ekle\u015ftirilen g\u00f6revde y\u00fckselme e\u011fitimi sonunda Ankara\u2019da Gazi \u00dcniversitesi S\u00fcrekli E\u011fitim Merkezine [&hellip;]<\/p>\n","protected":false},"author":1,"featured_media":0,"comment_status":"open","ping_status":"open","sticky":false,"template":"","format":"standard","meta":{"footnotes":""},"categories":[1],"tags":[525],"class_list":["post-9334","post","type-post","status-publish","format-standard","hentry","category-genel","tag-gorevde-yukselme-kutuphaneci"],"_links":{"self":[{"href":"https:\/\/www.bbyhaber.com\/bby\/wp-json\/wp\/v2\/posts\/9334"}],"collection":[{"href":"https:\/\/www.bbyhaber.com\/bby\/wp-json\/wp\/v2\/posts"}],"about":[{"href":"https:\/\/www.bbyhaber.com\/bby\/wp-json\/wp\/v2\/types\/post"}],"author":[{"embeddable":true,"href":"https:\/\/www.bbyhaber.com\/bby\/wp-json\/wp\/v2\/users\/1"}],"replies":[{"embeddable":true,"href":"https:\/\/www.bbyhaber.com\/bby\/wp-json\/wp\/v2\/comments?post=9334"}],"version-history":[{"count":0,"href":"https:\/\/www.bbyhaber.com\/bby\/wp-json\/wp\/v2\/posts\/9334\/revisions"}],"wp:attachment":[{"href":"https:\/\/www.bbyhaber.com\/bby\/wp-json\/wp\/v2\/media?parent=9334"}],"wp:term":[{"taxonomy":"category","embeddable":true,"href":"https:\/\/www.bbyhaber.com\/bby\/wp-json\/wp\/v2\/categories?post=9334"},{"taxonomy":"post_tag","embeddable":true,"href":"https:\/\/www.bbyhaber.com\/bby\/wp-json\/wp\/v2\/tags?post=9334"}],"curies":[{"name":"wp","href":"https:\/\/api.w.org\/{rel}","templated":true}]}}