{"id":9303,"date":"2013-02-04T17:44:18","date_gmt":"2013-02-04T15:44:18","guid":{"rendered":"http:\/\/www.bbyhaber.com\/bby\/?p=9303"},"modified":"2013-02-26T22:30:24","modified_gmt":"2013-02-26T20:30:24","slug":"resource-description-and-access-rda-turkiye-calisma-grubu","status":"publish","type":"post","link":"https:\/\/www.bbyhaber.com\/bby\/2013\/02\/04\/resource-description-and-access-rda-turkiye-calisma-grubu","title":{"rendered":"Resource Description and Access (RDA) T\u00fcrkiye \u00c7al\u0131\u015fma Grubu"},"content":{"rendered":"<p style=\"text-align: justify;\"><img loading=\"lazy\" decoding=\"async\" class=\"alignleft\" src=\"http:\/\/www.bbyhaber.com\/bby\/wp-content\/uploads\/dosyalar\/rda\/rda.jpg\" alt=\"\" width=\"200\" height=\"100\" \/>G\u00fcn\u00fcm\u00fczde bilgi kaynaklar\u0131n\u0131n t\u00fcr ve say\u0131 olarak h\u0131zl\u0131 artmas\u0131, onlar\u0131n kataloglamas\u0131ndan da s\u00fcrekli geli\u015fme ve de\u011fi\u015fikliklere neden olmaktad\u0131r. \u00a01967 y\u0131l\u0131nda ilk bas\u0131m\u0131 yap\u0131lan 1978 y\u0131l\u0131nda bilgisayarla kataloglamay\u0131 desteklemek amac\u0131 ile de ikinci bas\u0131m\u0131n\u0131 yapan Anglo- Amerikan Kataloglama Kurallar\u0131 1988, 2001, 2003 y\u0131llar\u0131nda revizyon bas\u0131mlar\u0131n\u0131 yapm\u0131\u015f olmas\u0131na kar\u015f\u0131n bilgi kaynaklar\u0131n\u0131n tam olarak niteleme ve eri\u015fiminde yetersiz kalmaktad\u0131r.<!--more--> Bu yetersizli\u011fi ortadan kald\u0131rmak amac\u0131 ile 2007 y\u0131l\u0131nda Anglo\u2013Ameikan Kataloglama Kurallar\u0131n\u0131n 3. Bas\u0131m\u0131 yap\u0131laca\u011f\u0131 duyurulmu\u015ftur. Ancak yukar\u0131da belirtilen yay\u0131n t\u00fcr\u00fcndeki h\u0131zl\u0131 geli\u015fim ve elektronik bilgi kaynaklar\u0131n\u0131n h\u0131zl\u0131 artmas\u0131 AACR haz\u0131rlay\u0131c\u0131lar\u0131n\u0131 (Ba\u015fta Library of Congress, ALA, LA CLA taraf\u0131ndan olu\u015fturulan Joint Steering Committee) farkl\u0131 bir \u00e7al\u0131\u015fmaya y\u00f6nlendirmi\u015f ve bunun sonucunda <strong>Kaynak Tan\u0131mlama ve Eri\u015fim<\/strong> olarak T\u00fcrk\u00e7eye \u00e7evrilebilecek <strong>Resource Description and Access (RDA)<\/strong> ortaya at\u0131lm\u0131\u015ft\u0131r. 2010 y\u0131l\u0131nda geli\u015ftirilmesi tamamlanan RDA, 2011 y\u0131l\u0131nda ABD de \u00fc\u00e7 ulusal k\u00fct\u00fcphanede test edilmi\u015ftir<strong> (The Library of Congress (LC), the National Library of Medicine (NLM), ve the National Agricultural Library (NAL).<\/strong><\/p>\n<p style=\"text-align: justify;\">2012 y\u0131l\u0131 sonunda genel uygulanmas\u0131 planlanan RDA \u00f6zellikle de kataloglaman\u0131n belirli alan ve kurallar\u0131nda (Ba\u015fl\u0131k se\u00e7imi, ek giri\u015fler ve fiziksel niteleme alanlar\u0131 ile genel olarak kullan\u0131lan k\u0131saltmalar) k\u00f6kl\u00fc de\u011fi\u015fiklikler \u00f6nermekte ve web uygulamalar\u0131 ve otorite dizinleri ve FRBR gibi standart uygulamalar i\u00e7ermektedir.<\/p>\n<p style=\"text-align: justify;\">Bilgi eri\u015fimin vazge\u00e7ilmez unsuru olan Kataloglama kurallar\u0131ndaki geli\u015fmelerin takip edilmesi ve \u00fclkemizin D\u00fcnyadaki geli\u015fmelerin gerisinde kalmamas\u0131 d\u00fc\u015f\u00fcncesiyle bir giri\u015fim ba\u015flat\u0131lm\u0131\u015ft\u0131r. Bu ama\u00e7la yap\u0131lan ilk beyin f\u0131rt\u0131nas\u0131 toplant\u0131s\u0131 Ankara \u00dcniversitesi Bilgi ve Belge Y\u00f6netimi B\u00f6l\u00fcm\u00fcn\u00fcn d\u00fczenledi\u011fi ve 31 May\u0131s &#8211; 02 Haziran 2012 tarihleri aras\u0131nda \u00dcrg\u00fcp, Nev\u015fehir\u2019de d\u00fczenlenen <a title=\"A.\u00dc. BBY B\u00f6l\u00fcm\u00fc Bilgi Eksenli Kuram ve Uygulamalar: Sorgulay\u0131c\u0131 ve \u00c7\u00f6z\u00fcmleyici Yakla\u015f\u0131mlar Sempozyumu\" href=\"http:\/\/www.bbyhaber.com\/bby\/2011\/11\/06\/ankara-universitesi-bby-bolumu\/\"><strong>Bilgi Eksenli Kuram ve Uygulamalar: Sorgulay\u0131c\u0131 ve \u00c7\u00f6z\u00fcmleyici Yakla\u015f\u0131mlar Sempozyumu<\/strong><\/a> kapsam\u0131nda<strong> \u2018Kataloglama Kurallar\u0131ndaki Geli\u015fmeler \u00c7al\u0131\u015ftay\u0131<\/strong>\u2019nda at\u0131lm\u0131\u015ft\u0131r.<\/p>\n<p style=\"text-align: justify;\">Bu \u00e7al\u0131\u015ftaydan sonra kurulmas\u0131na karar verilen <strong>RDA \u00e7al\u0131\u015fma grubu Milli K\u00fct\u00fcphanemizin himayesinde Eyl\u00fcl 2012 y\u0131l\u0131nda kurulmu\u015ftur<\/strong>. Akademisyenler ve Katalogculardan olu\u015fan \u00e7al\u0131\u015fma grubu belirli aral\u0131klarla toplanarak ulusal d\u00fczeyde fark\u0131ndal\u0131k yaratmak, k\u00fct\u00fcphanecileri bilgilendirmek ve ulusal standartlar olu\u015fturma y\u00f6n\u00fcnde \u00e7al\u0131\u015fmalar yapmaktad\u0131r. Grubun \u00dcNAK alt\u0131nda bir de web sayfas\u0131 olu\u015fturularak t\u00fcm bilgi ve geli\u015fmeler bu web sayfas\u0131nda payla\u015f\u0131lmaktad\u0131r. Grup herkese a\u00e7\u0131kt\u0131r ve katk\u0131lar\u0131n\u0131z beklenmektedir.<\/p>\n<p style=\"text-align: justify;\">Bilgilendirme toplant\u0131lar\u0131ndan ilki <strong><span style=\"color: #0000ff;\"><a title=\"1.Uluslararas\u0131 Semantik A\u011f ve \u00dcst Veri Sistemleri Konferans\u0131-07-08 Mart 2013\" href=\"http:\/\/www.bbyhaber.com\/bby\/2013\/01\/28\/1-uluslararasi-semantik-ag-ve-ust-veri-sistemleri-konferansi-07-08-mart-2013\/\"><span style=\"color: #0000ff;\">7-8 Mart&#8217;ta \u0130zmir Y\u00fcksek Teknoloji Enstit\u00fcs\u00fc&#8217;nde yap\u0131lacak uluslararas\u0131 toplant\u0131da<\/span><\/a><\/span><\/strong> ger\u00e7ekle\u015ftirilecektir. Daha sonra K\u00fct\u00fcphane haftas\u0131nda Ankara, \u0130stanbul ve \u0130zmir\u2019de bilgilendirme toplant\u0131lar\u0131 d\u00fczenlenecektir.\u00a0 Daha sonra <strong>19 Nisan<\/strong> da \u0130stanbul\u00a0 Bo\u011fazi\u00e7i \u00dcniversitesinde LC den Barbara Tillet ve\u00a0 OCLC den davet edilen bir konuk ile konu tart\u0131\u015f\u0131lmaya devam edecektir.<\/p>\n<p><strong>Prof. Dr. Do\u011fan At\u0131lgan<\/strong><\/p>\n<p style=\"text-align: justify;\"><span style=\"color: #ff0000;\"><a href=\"http:\/\/www.rdaturkiye.org\/ \" target=\"_blank\"><span style=\"color: #ff0000;\"><strong><span style=\"color: #0000ff;\">RDA T\u00fcrkiye \u00c7al\u0131\u015fma Grubu web sayfas\u0131 i\u00e7in t\u0131klay\u0131n\u0131z<\/span><\/strong><\/span><\/a><\/span><\/p>\n<p style=\"text-align: justify;\"><strong><span style=\"color: #0000ff;\"><a title=\"Yeni Kataloglama Standard\u0131,Resource Description and Access-RDA\" href=\"http:\/\/www.bbyhaber.com\/bby\/2013\/02\/02\/resource-description-and-access\/\"><span style=\"color: #0000ff;\">RDA Bro\u015f\u00fcr\u00fc i\u00e7in t\u0131klay\u0131n\u0131z<\/span><\/a><\/span><\/strong><\/p>\n","protected":false},"excerpt":{"rendered":"<p>G\u00fcn\u00fcm\u00fczde bilgi kaynaklar\u0131n\u0131n t\u00fcr ve say\u0131 olarak h\u0131zl\u0131 artmas\u0131, onlar\u0131n kataloglamas\u0131ndan da s\u00fcrekli geli\u015fme ve de\u011fi\u015fikliklere neden olmaktad\u0131r. \u00a01967 y\u0131l\u0131nda ilk bas\u0131m\u0131 yap\u0131lan 1978 y\u0131l\u0131nda bilgisayarla kataloglamay\u0131 desteklemek amac\u0131 ile de ikinci bas\u0131m\u0131n\u0131 yapan Anglo- Amerikan Kataloglama Kurallar\u0131 1988, 2001, 2003 y\u0131llar\u0131nda revizyon bas\u0131mlar\u0131n\u0131 yapm\u0131\u015f olmas\u0131na kar\u015f\u0131n bilgi kaynaklar\u0131n\u0131n tam olarak niteleme ve eri\u015fiminde yetersiz [&hellip;]<\/p>\n","protected":false},"author":1,"featured_media":0,"comment_status":"open","ping_status":"open","sticky":false,"template":"","format":"standard","meta":{"footnotes":""},"categories":[1,1601],"tags":[458,457],"class_list":["post-9303","post","type-post","status-publish","format-standard","hentry","category-genel","category-rda","tag-frbr","tag-prof-dr-dogan-atilgan"],"_links":{"self":[{"href":"https:\/\/www.bbyhaber.com\/bby\/wp-json\/wp\/v2\/posts\/9303"}],"collection":[{"href":"https:\/\/www.bbyhaber.com\/bby\/wp-json\/wp\/v2\/posts"}],"about":[{"href":"https:\/\/www.bbyhaber.com\/bby\/wp-json\/wp\/v2\/types\/post"}],"author":[{"embeddable":true,"href":"https:\/\/www.bbyhaber.com\/bby\/wp-json\/wp\/v2\/users\/1"}],"replies":[{"embeddable":true,"href":"https:\/\/www.bbyhaber.com\/bby\/wp-json\/wp\/v2\/comments?post=9303"}],"version-history":[{"count":0,"href":"https:\/\/www.bbyhaber.com\/bby\/wp-json\/wp\/v2\/posts\/9303\/revisions"}],"wp:attachment":[{"href":"https:\/\/www.bbyhaber.com\/bby\/wp-json\/wp\/v2\/media?parent=9303"}],"wp:term":[{"taxonomy":"category","embeddable":true,"href":"https:\/\/www.bbyhaber.com\/bby\/wp-json\/wp\/v2\/categories?post=9303"},{"taxonomy":"post_tag","embeddable":true,"href":"https:\/\/www.bbyhaber.com\/bby\/wp-json\/wp\/v2\/tags?post=9303"}],"curies":[{"name":"wp","href":"https:\/\/api.w.org\/{rel}","templated":true}]}}