{"id":930,"date":"2011-05-24T17:55:59","date_gmt":"2011-05-24T14:55:59","guid":{"rendered":"http:\/\/www.bbyhaber.com\/bby\/?p=930"},"modified":"2012-09-07T14:05:26","modified_gmt":"2012-09-07T11:05:26","slug":"il-halk-kutuphanelerinde-mesai-saatleri-degisti","status":"publish","type":"post","link":"https:\/\/www.bbyhaber.com\/bby\/2011\/05\/24\/il-halk-kutuphanelerinde-mesai-saatleri-degisti","title":{"rendered":"\u0130l halk k\u00fct\u00fcphanelerinde mesai saatleri de\u011fi\u015fti"},"content":{"rendered":"<p style=\"text-align: justify;\" align=\"justify\">K\u00fclt\u00fcr ve Turizm Bakanl\u0131\u011f\u0131 K\u00fct\u00fcphaneler ve Yay\u0131mlar Genel M\u00fcd\u00fcrl\u00fc\u011f\u00fc, il halk k\u00fct\u00fcphanelerindeki mesai saatini de\u011fi\u015ftirdi. Mesai saati i\u00e7inde \u00e7al\u0131\u015fanlar\u0131n da il halk k\u00fct\u00fcphanelerinden yararlanabilmeleri i\u00e7in k\u00fct\u00fcphanelerin \u00e7al\u0131\u015fma saatleri yeniden d\u00fczenlendi. Genel m\u00fcd\u00fcrl\u00fckten valiliklere g\u00f6nderilen yaz\u0131da, vatanda\u015flar\u0131n k\u00fct\u00fcphane hizmetlerinden daha fazla yararlanmalar\u0131n\u0131 sa\u011flamak amac\u0131yla il halk k\u00fct\u00fcphanelerinin \u00e7al\u0131\u015fma saatlerinin, <!--more-->sabah saat 08.30 ile ak\u015fam saat 19.00 olarak yeniden d\u00fczenlendi\u011fi bildirildi. A\u00e7\u0131klamada, &#8220;Mesai saatleri d\u0131\u015f\u0131nda k\u00fct\u00fcphanede d\u00f6n\u00fc\u015f\u00fcml\u00fc olarak n\u00f6bet\u00e7i personel bulundurulacakt\u0131r.&#8221; denildi. <strong><\/strong><\/p>\n<p style=\"text-align: justify;\">Kaynak: http:\/\/www.medya73.com\/<\/p>\n","protected":false},"excerpt":{"rendered":"<p>K\u00fclt\u00fcr ve Turizm Bakanl\u0131\u011f\u0131 K\u00fct\u00fcphaneler ve Yay\u0131mlar Genel M\u00fcd\u00fcrl\u00fc\u011f\u00fc, il halk k\u00fct\u00fcphanelerindeki mesai saatini de\u011fi\u015ftirdi. Mesai saati i\u00e7inde \u00e7al\u0131\u015fanlar\u0131n da il halk k\u00fct\u00fcphanelerinden yararlanabilmeleri i\u00e7in k\u00fct\u00fcphanelerin \u00e7al\u0131\u015fma saatleri yeniden d\u00fczenlendi. Genel m\u00fcd\u00fcrl\u00fckten valiliklere g\u00f6nderilen yaz\u0131da, vatanda\u015flar\u0131n k\u00fct\u00fcphane hizmetlerinden daha fazla yararlanmalar\u0131n\u0131 sa\u011flamak amac\u0131yla il halk k\u00fct\u00fcphanelerinin \u00e7al\u0131\u015fma saatlerinin,<\/p>\n","protected":false},"author":1,"featured_media":0,"comment_status":"open","ping_status":"open","sticky":false,"template":"","format":"standard","meta":{"footnotes":""},"categories":[],"tags":[848],"class_list":["post-930","post","type-post","status-publish","format-standard","hentry","tag-halk-kutuphaneleri"],"_links":{"self":[{"href":"https:\/\/www.bbyhaber.com\/bby\/wp-json\/wp\/v2\/posts\/930"}],"collection":[{"href":"https:\/\/www.bbyhaber.com\/bby\/wp-json\/wp\/v2\/posts"}],"about":[{"href":"https:\/\/www.bbyhaber.com\/bby\/wp-json\/wp\/v2\/types\/post"}],"author":[{"embeddable":true,"href":"https:\/\/www.bbyhaber.com\/bby\/wp-json\/wp\/v2\/users\/1"}],"replies":[{"embeddable":true,"href":"https:\/\/www.bbyhaber.com\/bby\/wp-json\/wp\/v2\/comments?post=930"}],"version-history":[{"count":0,"href":"https:\/\/www.bbyhaber.com\/bby\/wp-json\/wp\/v2\/posts\/930\/revisions"}],"wp:attachment":[{"href":"https:\/\/www.bbyhaber.com\/bby\/wp-json\/wp\/v2\/media?parent=930"}],"wp:term":[{"taxonomy":"category","embeddable":true,"href":"https:\/\/www.bbyhaber.com\/bby\/wp-json\/wp\/v2\/categories?post=930"},{"taxonomy":"post_tag","embeddable":true,"href":"https:\/\/www.bbyhaber.com\/bby\/wp-json\/wp\/v2\/tags?post=930"}],"curies":[{"name":"wp","href":"https:\/\/api.w.org\/{rel}","templated":true}]}}