{"id":9289,"date":"2013-02-03T13:01:13","date_gmt":"2013-02-03T11:01:13","guid":{"rendered":"http:\/\/www.bbyhaber.com\/bby\/?p=9289"},"modified":"2013-02-03T13:01:13","modified_gmt":"2013-02-03T11:01:13","slug":"ilgaz-ilce-halk-kutuphanesi-hala-kapali","status":"publish","type":"post","link":"https:\/\/www.bbyhaber.com\/bby\/2013\/02\/03\/ilgaz-ilce-halk-kutuphanesi-hala-kapali","title":{"rendered":"Ilgaz \u0130l\u00e7e Halk K\u00fct\u00fcphanesi Hala Kapal\u0131"},"content":{"rendered":"<p style=\"text-align: justify;\">Ilgaz\u2019da b\u00fct\u00fcn vatanda\u015flar\u0131n ve \u00f6zellikle \u00f6\u011frencilerin yararland\u0131\u011f\u0131 Ilgaz Halk K\u00fct\u00fcphanesi Haziran ay\u0131ndan bu yana kapal\u0131.Belediye i\u015fhan\u0131 d\u00f6rd\u00fcnc\u00fc katta sadece 4 odada faaliyet g\u00f6steren ve 10 binden fazla kitap bulunan Ilgaz Halk K\u00fct\u00fcphanesi Haziran ay\u0131nda tek g\u00f6revlisinin de emekli olmas\u0131 nedeniyle il\u00e7enin tek k\u00fct\u00fcphanesinde personel yoklu\u011fu y\u00fcz\u00fcnden kapanm\u0131\u015f oldu.<!--more--><\/p>\n<p style=\"text-align: justify;\">K\u00fct\u00fcphanenin kapanmas\u0131 ile birlikte en b\u00fcy\u00fck s\u0131k\u0131nt\u0131y\u0131 ara\u015ft\u0131rma ve \u00f6dev \u00e7al\u0131\u015fmas\u0131 yapan \u00f6\u011frenciler \u00e7ekmeye ba\u015flad\u0131.Buran\u0131n eski \u00f6\u011fretmenler lokaline ta\u015f\u0131naca\u011f\u0131 ve iki katl\u0131 binan\u0131n Halk k\u00fct\u00fcphanesi olarak hizmet verece\u011fi il\u00e7ede sevin\u00e7le kar\u015f\u0131lan\u0131rken,Eski lokalde Ilgaz Kaymakaml\u0131\u011f\u0131nca yap\u0131lan tamirat ve tadilata ra\u011fmen, eski k\u00fct\u00fcphane kapal\u0131 yenisi de aylard\u0131r bo\u015f bekliyor.<\/p>\n<p style=\"text-align: justify;\">Avrupa standartlar\u0131nda donan\u0131ma sahip olacak Yeni k\u00fct\u00fcphanede bir kat\u0131nda yeti\u015fkinlerin kitap k\u00fclt\u00fcrel yay\u0131nlar ile gazete ve internet ihtiya\u00e7lar\u0131 kar\u015f\u0131lan\u0131rken,bir kat\u0131nda da giri\u015f kat\u0131ndaki b\u00f6l\u00fcmde \u00f6\u011frenciler kitap ve internetten yararlanacaklard\u0131.<strong>7 bin n\u00fcfuslu bir il\u00e7ede 10 kahvehane aktif halde iken a\u00e7\u0131k olan bir k\u00fct\u00fcphane niye kapand\u0131<\/strong>.<\/p>\n<p style=\"text-align: justify;\">Kaynak:\u00a0http:\/\/www.haber18.com\/<\/p>\n<p style=\"text-align: justify;\">\n","protected":false},"excerpt":{"rendered":"<p>Ilgaz\u2019da b\u00fct\u00fcn vatanda\u015flar\u0131n ve \u00f6zellikle \u00f6\u011frencilerin yararland\u0131\u011f\u0131 Ilgaz Halk K\u00fct\u00fcphanesi Haziran ay\u0131ndan bu yana kapal\u0131.Belediye i\u015fhan\u0131 d\u00f6rd\u00fcnc\u00fc katta sadece 4 odada faaliyet g\u00f6steren ve 10 binden fazla kitap bulunan Ilgaz Halk K\u00fct\u00fcphanesi Haziran ay\u0131nda tek g\u00f6revlisinin de emekli olmas\u0131 nedeniyle il\u00e7enin tek k\u00fct\u00fcphanesinde personel yoklu\u011fu y\u00fcz\u00fcnden kapanm\u0131\u015f oldu.<\/p>\n","protected":false},"author":1,"featured_media":0,"comment_status":"open","ping_status":"open","sticky":false,"template":"","format":"standard","meta":{"footnotes":""},"categories":[1,1582],"tags":[848],"class_list":["post-9289","post","type-post","status-publish","format-standard","hentry","category-genel","category-kapali-kutuphaneler","tag-halk-kutuphaneleri"],"_links":{"self":[{"href":"https:\/\/www.bbyhaber.com\/bby\/wp-json\/wp\/v2\/posts\/9289"}],"collection":[{"href":"https:\/\/www.bbyhaber.com\/bby\/wp-json\/wp\/v2\/posts"}],"about":[{"href":"https:\/\/www.bbyhaber.com\/bby\/wp-json\/wp\/v2\/types\/post"}],"author":[{"embeddable":true,"href":"https:\/\/www.bbyhaber.com\/bby\/wp-json\/wp\/v2\/users\/1"}],"replies":[{"embeddable":true,"href":"https:\/\/www.bbyhaber.com\/bby\/wp-json\/wp\/v2\/comments?post=9289"}],"version-history":[{"count":0,"href":"https:\/\/www.bbyhaber.com\/bby\/wp-json\/wp\/v2\/posts\/9289\/revisions"}],"wp:attachment":[{"href":"https:\/\/www.bbyhaber.com\/bby\/wp-json\/wp\/v2\/media?parent=9289"}],"wp:term":[{"taxonomy":"category","embeddable":true,"href":"https:\/\/www.bbyhaber.com\/bby\/wp-json\/wp\/v2\/categories?post=9289"},{"taxonomy":"post_tag","embeddable":true,"href":"https:\/\/www.bbyhaber.com\/bby\/wp-json\/wp\/v2\/tags?post=9289"}],"curies":[{"name":"wp","href":"https:\/\/api.w.org\/{rel}","templated":true}]}}