{"id":927,"date":"2018-04-22T22:15:59","date_gmt":"2018-04-22T19:15:59","guid":{"rendered":"http:\/\/ihalekutuphane.com\/?p=927"},"modified":"2018-04-22T22:15:59","modified_gmt":"2018-04-22T19:15:59","slug":"dogan-gorunumlu-sahin-ogretim-gorevlisi-gorunumlu-uzman-kutuphaneci","status":"publish","type":"post","link":"https:\/\/www.bbyhaber.com\/bby\/2018\/04\/22\/dogan-gorunumlu-sahin-ogretim-gorevlisi-gorunumlu-uzman-kutuphaneci","title":{"rendered":"Do\u011fan G\u00f6r\u00fcn\u00fcml\u00fc \u015eahin, \u00d6\u011fretim G\u00f6revlisi G\u00f6r\u00fcn\u00fcml\u00fc Uzman K\u00fct\u00fcphaneci"},"content":{"rendered":"<p>Merhabalar,<\/p>\n<p>Ne g\u00fczel bir \u00fclkede ya\u015f\u0131yoruz. Her duruma ve olaya kar\u015f\u0131 yeni \u00e7\u00f6z\u00fcm \u00f6nerileri yeni bak\u0131\u015f a\u00e7\u0131lar\u0131 geli\u015ftirebiliyoruz.<\/p>\n<p><span style=\"color: #ff0000;\"><img loading=\"lazy\" decoding=\"async\" class=\"alignleft size-medium wp-image-928\" src=\"http:\/\/ihalekutuphane.com\/wp-content\/uploads\/2018\/04\/Do\u011fan-G\u00f6r\u00fcn\u00fcml\u00fc-\u015eahin-\u00d6\u011fretim-G\u00f6revlisi-G\u00f6r\u00fcn\u00fcml\u00fc-Uzman-K\u00fct\u00fcphaneci-300x171.jpg\" alt=\"\" width=\"300\" height=\"171\" \/>Do\u011fan G\u00f6r\u00fcn\u00fcml\u00fc \u015eahin<\/span> <span style=\"color: #ff0000;\">efsanesini<\/span> belki yeni ku\u015fak hat\u0131rlamaz 1990\u2019lar da <strong>\u201cKu\u015f Serisi Tofa\u015f\u201d<\/strong> otomobillerin pop\u00fcler oldu\u011fu y\u0131llarda \u015eahin model araba al\u0131p modifiye yap\u0131larak Do\u011fan\u2019a benzetiliyordu. Yurdum insan\u0131n inovasyon konusunda \u00e7\u0131\u011f\u0131r a\u00e7t\u0131\u011f\u0131 olaylardan biridir \ud83d\ude42<\/p>\n<p>Do\u011fan G\u00f6r\u00fcn\u00fcml\u00fc \u015eahin efsanesi bitmez ku\u015faklar boyu devam eder diye d\u00fc\u015f\u00fcn\u00fcrken <strong>\u201c\u00d6\u011fretim G\u00f6revlisi G\u00f6r\u00fcn\u00fcml\u00fc Uzman\u201d<\/strong> efsanesi 2018 y\u0131l\u0131nda hayat\u0131m\u0131za girdi.<\/p>\n<p><strong>\u00d6\u011fretim G\u00f6revlisi G\u00f6r\u00fcn\u00fcml\u00fc Uzman Nedir?<\/strong><\/p>\n<p>7100 Y\u00fcksek\u00f6\u011fretim Kanunu ile Baz\u0131 Kanun ve Kanun H\u00fckm\u00fcnde Kararnamelerde De\u011fi\u015fiklik Yap\u0131lmas\u0131 Hakk\u0131nda Kanun 22\/2\/2018 tarihinde y\u00fcr\u00fcrl\u00fc\u011fe girmi\u015ftir.<\/p>\n<p>\u0130lgili kanun ile;<\/p>\n<p>\u201cokutman\u201d, <strong>\u201cuzman\u201d<\/strong> ve \u201ce\u011fitim \u00f6\u011fretim planlamac\u0131s\u0131\u201d kadro unvanlar\u0131 \u00a0<strong>\u201c\u00f6\u011fretim g\u00f6revlisi\u201d<\/strong> \u015feklinde de\u011fi\u015ftirilmi\u015ftir.<\/p>\n<p>\u015eimdi ne var bunda \u00e7ok g\u00fczel olmu\u015f diyenler olabilir. Haval\u0131 bir unvan, ne i\u015f yap\u0131yorsun dediklerinde <strong>\u201cUzman K\u00fct\u00fcphaneciyim\u201d<\/strong> demek nere<span style=\"color: #ff0000;\"> \u201c\u00d6\u011fretim G\u00f6revlisi\u201d<\/span> demek nere\u2026<\/p>\n<p>Ayn\u0131 kanunu biraz daha okumaya ba\u015flay\u0131nca g\u00f6rd\u00fck ki a\u015fa\u011f\u0131daki madde b\u00fct\u00fcn sorunlara derman olmu\u015f \ud83d\ude42<\/p>\n<p>Uzman, e\u011fitim ve \u00f6\u011fretim planlamac\u0131s\u0131 kadrolar\u0131nda g\u00f6rev yapmakta iken birinci f\u0131kra uyar\u0131nca \u00f6\u011fretim g\u00f6revlisi kadrolar\u0131na atanm\u0131\u015f say\u0131lanlara <strong>ders g\u00f6revi verilmez.<\/strong><\/p>\n<p><strong>\u00d6\u011fretim G\u00f6revlisi fakat ders veremez\u2026. <\/strong><\/p>\n<p>\u00c7\u00f6z\u00fcm odakl\u0131, inovasyon felsefesini kendine k\u00fclt\u00fcr edinmi\u015f yurdum yasa yap\u0131c\u0131lar\u0131 yine bir sorunu daha k\u00f6kten \u00e7\u00f6zm\u00fc\u015ft\u00fcr\u2026.<\/p>\n<p>Bilmeyen arkada\u015flar i\u00e7in yazay\u0131m \u00d6\u011fretim G\u00f6revlisi uzun oldu\u011fu i\u00e7in k\u0131saltma kullanmak isteyen arkada\u015flar \u00e7\u0131kabilir. K\u0131saltmas\u0131 \u201c\u00d6\u011eR. GRV\u201d<\/p>\n<p><strong><span style=\"color: #ff0000;\">\u00d6\u011fretim G\u00f6revlisi G\u00f6r\u00fcn\u00fcml\u00fc Uzman Efsanesi Do\u011fan G\u00f6r\u00fcn\u00fcml\u00fc \u015eahin anlay\u0131\u015f\u0131n\u0131n modern hali olup, hay\u0131rl\u0131 olmas\u0131n\u0131 dilerim.<\/span><\/strong><\/p>\n<p>Sa\u011fl\u0131cakla Kal\u0131n Efendim&#8230;<\/p>\n<p><a href=\"http:\/\/ihalekutuphane.com\/2018\/04\/22\/dogan-gorunumlu-sahin-ogretim-gorevlisi-gorunumlu-uzman-kutuphaneci\/\" target=\"_blank\" rel=\"noopener\">Kaynak<\/a><\/p>\n","protected":false},"excerpt":{"rendered":"<p>Merhabalar, Ne g\u00fczel bir \u00fclkede ya\u015f\u0131yoruz. Her duruma ve olaya kar\u015f\u0131 yeni \u00e7\u00f6z\u00fcm \u00f6nerileri yeni bak\u0131\u015f a\u00e7\u0131lar\u0131 geli\u015ftirebiliyoruz. Do\u011fan G\u00f6r\u00fcn\u00fcml\u00fc \u015eahin efsanesini belki yeni ku\u015fak hat\u0131rlamaz 1990\u2019lar da \u201cKu\u015f Serisi Tofa\u015f\u201d otomobillerin pop\u00fcler oldu\u011fu y\u0131llarda \u015eahin model araba al\u0131p modifiye yap\u0131larak Do\u011fan\u2019a benzetiliyordu. Yurdum insan\u0131n inovasyon konusunda \u00e7\u0131\u011f\u0131r a\u00e7t\u0131\u011f\u0131 olaylardan biridir \ud83d\ude42 Do\u011fan G\u00f6r\u00fcn\u00fcml\u00fc \u015eahin [&hellip;]<\/p>\n","protected":false},"author":154,"featured_media":928,"comment_status":"open","ping_status":"open","sticky":false,"template":"","format":"standard","meta":{"footnotes":""},"categories":[1],"tags":[1167,1168],"class_list":["post-927","post","type-post","status-publish","format-standard","has-post-thumbnail","hentry","category-genel","tag-ogretim-gorevlisi","tag-uzman"],"_links":{"self":[{"href":"https:\/\/www.bbyhaber.com\/bby\/wp-json\/wp\/v2\/posts\/927"}],"collection":[{"href":"https:\/\/www.bbyhaber.com\/bby\/wp-json\/wp\/v2\/posts"}],"about":[{"href":"https:\/\/www.bbyhaber.com\/bby\/wp-json\/wp\/v2\/types\/post"}],"author":[{"embeddable":true,"href":"https:\/\/www.bbyhaber.com\/bby\/wp-json\/wp\/v2\/users\/154"}],"replies":[{"embeddable":true,"href":"https:\/\/www.bbyhaber.com\/bby\/wp-json\/wp\/v2\/comments?post=927"}],"version-history":[{"count":0,"href":"https:\/\/www.bbyhaber.com\/bby\/wp-json\/wp\/v2\/posts\/927\/revisions"}],"wp:featuredmedia":[{"embeddable":true,"href":"https:\/\/www.bbyhaber.com\/bby\/wp-json\/wp\/v2\/posts\/928"}],"wp:attachment":[{"href":"https:\/\/www.bbyhaber.com\/bby\/wp-json\/wp\/v2\/media?parent=927"}],"wp:term":[{"taxonomy":"category","embeddable":true,"href":"https:\/\/www.bbyhaber.com\/bby\/wp-json\/wp\/v2\/categories?post=927"},{"taxonomy":"post_tag","embeddable":true,"href":"https:\/\/www.bbyhaber.com\/bby\/wp-json\/wp\/v2\/tags?post=927"}],"curies":[{"name":"wp","href":"https:\/\/api.w.org\/{rel}","templated":true}]}}