{"id":9249,"date":"2013-01-30T17:07:42","date_gmt":"2013-01-30T15:07:42","guid":{"rendered":"http:\/\/www.bbyhaber.com\/bby\/?p=9249"},"modified":"2015-04-24T15:35:55","modified_gmt":"2015-04-24T12:35:55","slug":"kutuphane-paylasilamiyor-trabzon","status":"publish","type":"post","link":"https:\/\/www.bbyhaber.com\/bby\/2013\/01\/30\/kutuphane-paylasilamiyor-trabzon","title":{"rendered":"K\u00fct\u00fcphane Payla\u015f\u0131lam\u0131yor-Trabzon"},"content":{"rendered":"<p style=\"text-align: justify;\">Ak\u00e7aabat K\u00fct\u00fcphane M\u00fcd\u00fcrl\u00fc\u011f\u00fc ile Ak\u00e7aabat Anaokulu\u2019nun hizmet verdi\u011fi tapu kayd\u0131nda m\u00fclkiyeti\u00a0Hazine\u2019ye ait olan m\u00fc\u015ftemilat\u0131n m\u00fclkiyet hakk\u0131 Milli E\u011fitim Bakanl\u0131\u011f\u0131 ile K\u00fclt\u00fcr ve Turizm Bakanl\u0131\u011f\u0131\u2019n\u0131n yerel y\u00f6neticilerini kar\u015f\u0131 kar\u015f\u0131ya getirdi. <a href=\"http:\/\/www.akcaabat.gov.tr\/idari-yapi\/halk-kutuphanesi-mudurlugu.html\" target=\"_blank\">Ak\u00e7aabat \u0130l\u00e7e Halk K\u00fct\u00fcphanesi<\/a> M\u00fcd\u00fcr\u00fc \u0130smail Sa\u011flam, Milli E\u011fitim M\u00fcd\u00fcrl\u00fc\u011f\u00fc\u2019n\u00fc \u201ci\u015fgalci\u201d olarak nitelendirdi\u011fi yaz\u0131s\u0131nda Ak\u00e7aabat Anaokulu olarak kullan\u0131lan binan\u0131n bo\u015falt\u0131lmas\u0131n\u0131 isterken; <!--more-->Ak\u00e7aabat Milli E\u011fitim M\u00fcd\u00fcr\u00fc Mehmet Salih K\u00f6se ise tapu kayd\u0131nda \u201cAk\u00e7aabat Halk E\u011fitimi M\u00fcd\u00fcrl\u00fc\u011f\u00fc ve bah\u00e7esi\u201d olarak tescil edilen m\u00fc\u015ftemilat\u0131n bir b\u00f6l\u00fcm\u00fcn\u00fcn K\u00fclt\u00fcr ve Turizm Bakanl\u0131\u011f\u0131 ile Maliye Bakanl\u0131\u011f\u0131\u2019n\u0131n imzalad\u0131\u011f\u0131 bir protokolle K\u00fclt\u00fcr Bakanl\u0131\u011f\u0131\u2019na tahsis edildi\u011fini belirterek, \u201ckendi mal\u0131m\u0131zdan \u00e7\u0131kart\u0131lmak isteniyoruz\u201d dedi.<\/p>\n<p style=\"text-align: justify;\">Mevcut m\u00fc\u015ftemilatla ilgili tart\u0131\u015fma, K\u00fclt\u00fcr ve Turizm Bakanl\u0131\u011f\u0131\u2019n\u0131n okuma k\u00fclt\u00fcr\u00fcn\u00fcn geli\u015ftirilmesi a\u00e7\u0131s\u0131ndan il ve il\u00e7elerde modern gen\u00e7lik ve \u00e7ocuk k\u00fct\u00fcphanelerinin a\u00e7\u0131lmas\u0131 ve iyile\u015ftirilmesine y\u00f6nelik \u00e7al\u0131\u015fmalar \u00e7er\u00e7evesinde Ak\u00e7aabat\u2019ta da b\u00f6yle bir k\u00fct\u00fcphane kurulmas\u0131 giri\u015fimiyle ba\u015flam\u0131\u015ft\u0131.<\/p>\n<p style=\"text-align: justify;\">2630 ZC pafta, 107 ada ve 23 parsel numaral\u0131 799 metrekarelik ta\u015f\u0131nmaz\u0131n tapu kayd\u0131nda niteli\u011fi \u201c2 katl\u0131 Halk E\u011fitimi binas\u0131 ve bah\u00e7esi\u201d, sahibi ise Hazine olarak g\u00f6r\u00fcl\u00fcyor. Maliye ve G\u00fcmr\u00fck Bakanl\u0131\u011f\u0131 Milli Emlak Genel M\u00fcd\u00fcrl\u00fc\u011f\u00fc 1989 y\u0131l\u0131n\u0131n A\u011fustos ay\u0131nda Milli E\u011fitim Bakanl\u0131\u011f\u0131 ve K\u00fclt\u00fcr ve Turizm Bakanl\u0131\u011f\u0131\u2019yla imzalad\u0131\u011f\u0131 iki ayr\u0131 protokolle mevcut binan\u0131n 1. kat\u0131n\u0131 \u0130l\u00e7e Halk K\u00fct\u00fcphanesi\u2019ne, ikinci kat\u0131n\u0131 ise Halk E\u011fitimi Merkezi\u2019ne tahsis etmi\u015fti.<\/p>\n<p style=\"text-align: justify;\">Kaynak: http:\/\/www.akcaabathaber.com<\/p>\n","protected":false},"excerpt":{"rendered":"<p>Ak\u00e7aabat K\u00fct\u00fcphane M\u00fcd\u00fcrl\u00fc\u011f\u00fc ile Ak\u00e7aabat Anaokulu\u2019nun hizmet verdi\u011fi tapu kayd\u0131nda m\u00fclkiyeti\u00a0Hazine\u2019ye ait olan m\u00fc\u015ftemilat\u0131n m\u00fclkiyet hakk\u0131 Milli E\u011fitim Bakanl\u0131\u011f\u0131 ile K\u00fclt\u00fcr ve Turizm Bakanl\u0131\u011f\u0131\u2019n\u0131n yerel y\u00f6neticilerini kar\u015f\u0131 kar\u015f\u0131ya getirdi. Ak\u00e7aabat \u0130l\u00e7e Halk K\u00fct\u00fcphanesi M\u00fcd\u00fcr\u00fc \u0130smail Sa\u011flam, Milli E\u011fitim M\u00fcd\u00fcrl\u00fc\u011f\u00fc\u2019n\u00fc \u201ci\u015fgalci\u201d olarak nitelendirdi\u011fi yaz\u0131s\u0131nda Ak\u00e7aabat Anaokulu olarak kullan\u0131lan binan\u0131n bo\u015falt\u0131lmas\u0131n\u0131 isterken;<\/p>\n","protected":false},"author":1,"featured_media":0,"comment_status":"open","ping_status":"open","sticky":false,"template":"","format":"standard","meta":{"footnotes":""},"categories":[],"tags":[848],"class_list":["post-9249","post","type-post","status-publish","format-standard","hentry","tag-halk-kutuphaneleri"],"_links":{"self":[{"href":"https:\/\/www.bbyhaber.com\/bby\/wp-json\/wp\/v2\/posts\/9249"}],"collection":[{"href":"https:\/\/www.bbyhaber.com\/bby\/wp-json\/wp\/v2\/posts"}],"about":[{"href":"https:\/\/www.bbyhaber.com\/bby\/wp-json\/wp\/v2\/types\/post"}],"author":[{"embeddable":true,"href":"https:\/\/www.bbyhaber.com\/bby\/wp-json\/wp\/v2\/users\/1"}],"replies":[{"embeddable":true,"href":"https:\/\/www.bbyhaber.com\/bby\/wp-json\/wp\/v2\/comments?post=9249"}],"version-history":[{"count":0,"href":"https:\/\/www.bbyhaber.com\/bby\/wp-json\/wp\/v2\/posts\/9249\/revisions"}],"wp:attachment":[{"href":"https:\/\/www.bbyhaber.com\/bby\/wp-json\/wp\/v2\/media?parent=9249"}],"wp:term":[{"taxonomy":"category","embeddable":true,"href":"https:\/\/www.bbyhaber.com\/bby\/wp-json\/wp\/v2\/categories?post=9249"},{"taxonomy":"post_tag","embeddable":true,"href":"https:\/\/www.bbyhaber.com\/bby\/wp-json\/wp\/v2\/tags?post=9249"}],"curies":[{"name":"wp","href":"https:\/\/api.w.org\/{rel}","templated":true}]}}