{"id":9243,"date":"2013-01-30T15:49:17","date_gmt":"2013-01-30T12:49:17","guid":{"rendered":"http:\/\/www.bbyhaber.com\/bby\/?p=9243"},"modified":"2018-08-13T15:49:35","modified_gmt":"2018-08-13T12:49:35","slug":"ataturk-universitesi-bby-ogrencileri-bobcatsss-konferansina-katildilar","status":"publish","type":"post","link":"https:\/\/www.bbyhaber.com\/bby\/2013\/01\/30\/ataturk-universitesi-bby-ogrencileri-bobcatsss-konferansina-katildilar","title":{"rendered":"Atat\u00fcrk \u00dcniversitesi BBY \u00d6\u011frencileri BOBCATSSS konferans\u0131na kat\u0131ld\u0131lar."},"content":{"rendered":"<div style=\"text-align: justify;\"><a href=\"http:\/\/www.bby.hacettepe.edu.tr\/\" target=\"_blank\">Hacettepe \u00dcniversitesi BBY B\u00f6l\u00fcm\u00fc<\/a> ve Danimarka Kraliyet K\u00fct\u00fcphanecilik ve Bilgibilim Okulu taraf\u0131ndan d\u00fczenlenen BOBCATSSS 2013 konferans\u0131, 23-25 Ocak 2013 tarihlerinde Ankara\u2019da yap\u0131lm\u0131\u015ft\u0131r. <a href=\"http:\/\/www.atauni.edu.tr\/#birim=bilgi-ve-belge-yonetimi\" target=\"_blank\">Atat\u00fcrk \u00dcniversitesi BBY B\u00f6l\u00fcm\u00fc<\/a>nden 6 \u00f6\u011frenci (Ali Can U\u00e7ar, Abd\u00fcssamet Akan, U\u011fur \u00c7al\u0131k, Hasan Basri Sel\u00e7uk, Fatma \u00d6zcan, Nagehan Karaa\u011fa\u00e7) ve b\u00f6l\u00fcm ara\u015ft\u0131rma g\u00f6revlilerinden G\u00fclcan Palo konferansa kat\u0131lm\u0131\u015flard\u0131r.<!--more--><\/div>\n<div><a href=\"http:\/\/www.atauni.edu.tr\/userfiles\/101359-b235a65a72a8b9cce991b5b6e3b25754.jpg\"><img loading=\"lazy\" decoding=\"async\" class=\"alignnone\" src=\"http:\/\/www.atauni.edu.tr\/userfiles\/101359-b235a65a72a8b9cce991b5b6e3b25754.jpg\" alt=\"\" width=\"150\" height=\"150\" \/><\/a> <a href=\"http:\/\/www.atauni.edu.tr\/userfiles\/101447-b6a0d3770aedb0ee8141d45f1134ec56.jpg\"><img loading=\"lazy\" decoding=\"async\" class=\"alignnone\" src=\"http:\/\/www.atauni.edu.tr\/userfiles\/101447-b6a0d3770aedb0ee8141d45f1134ec56.jpg\" alt=\"\" width=\"150\" height=\"150\" \/><\/a><\/div>\n<div>Kaynak: http:\/\/www.atauni.edu.tr<\/div>\n","protected":false},"excerpt":{"rendered":"<p>Hacettepe \u00dcniversitesi BBY B\u00f6l\u00fcm\u00fc ve Danimarka Kraliyet K\u00fct\u00fcphanecilik ve Bilgibilim Okulu taraf\u0131ndan d\u00fczenlenen BOBCATSSS 2013 konferans\u0131, 23-25 Ocak 2013 tarihlerinde Ankara\u2019da yap\u0131lm\u0131\u015ft\u0131r. Atat\u00fcrk \u00dcniversitesi BBY B\u00f6l\u00fcm\u00fcnden 6 \u00f6\u011frenci (Ali Can U\u00e7ar, Abd\u00fcssamet Akan, U\u011fur \u00c7al\u0131k, Hasan Basri Sel\u00e7uk, Fatma \u00d6zcan, Nagehan Karaa\u011fa\u00e7) ve b\u00f6l\u00fcm ara\u015ft\u0131rma g\u00f6revlilerinden G\u00fclcan Palo konferansa kat\u0131lm\u0131\u015flard\u0131r.<\/p>\n","protected":false},"author":1,"featured_media":0,"comment_status":"open","ping_status":"open","sticky":false,"template":"","format":"standard","meta":{"footnotes":""},"categories":[1541,1],"tags":[1389,280],"class_list":["post-9243","post","type-post","status-publish","format-standard","hentry","category-ataturk-universitesi-bilgi-ve-belge-yonetimi-bolumu","category-genel","tag-ataturk-bby","tag-bobcatsss"],"_links":{"self":[{"href":"https:\/\/www.bbyhaber.com\/bby\/wp-json\/wp\/v2\/posts\/9243"}],"collection":[{"href":"https:\/\/www.bbyhaber.com\/bby\/wp-json\/wp\/v2\/posts"}],"about":[{"href":"https:\/\/www.bbyhaber.com\/bby\/wp-json\/wp\/v2\/types\/post"}],"author":[{"embeddable":true,"href":"https:\/\/www.bbyhaber.com\/bby\/wp-json\/wp\/v2\/users\/1"}],"replies":[{"embeddable":true,"href":"https:\/\/www.bbyhaber.com\/bby\/wp-json\/wp\/v2\/comments?post=9243"}],"version-history":[{"count":1,"href":"https:\/\/www.bbyhaber.com\/bby\/wp-json\/wp\/v2\/posts\/9243\/revisions"}],"predecessor-version":[{"id":24904,"href":"https:\/\/www.bbyhaber.com\/bby\/wp-json\/wp\/v2\/posts\/9243\/revisions\/24904"}],"wp:attachment":[{"href":"https:\/\/www.bbyhaber.com\/bby\/wp-json\/wp\/v2\/media?parent=9243"}],"wp:term":[{"taxonomy":"category","embeddable":true,"href":"https:\/\/www.bbyhaber.com\/bby\/wp-json\/wp\/v2\/categories?post=9243"},{"taxonomy":"post_tag","embeddable":true,"href":"https:\/\/www.bbyhaber.com\/bby\/wp-json\/wp\/v2\/tags?post=9243"}],"curies":[{"name":"wp","href":"https:\/\/api.w.org\/{rel}","templated":true}]}}