{"id":9240,"date":"2013-01-30T15:36:24","date_gmt":"2013-01-30T13:36:24","guid":{"rendered":"http:\/\/www.bbyhaber.com\/bby\/?p=9240"},"modified":"2017-02-13T12:33:47","modified_gmt":"2017-02-13T09:33:47","slug":"zamanin-camiyi-cocuk-kutuphanesi-yaptilar-haberinde-soyleyemedikleri","status":"publish","type":"post","link":"https:\/\/www.bbyhaber.com\/bby\/2013\/01\/30\/zamanin-camiyi-cocuk-kutuphanesi-yaptilar-haberinde-soyleyemedikleri","title":{"rendered":"Zaman\u2019\u0131n \u2018camiyi \u00e7ocuk k\u00fct\u00fcphanesi yapt\u0131lar\u2019 haberinde s\u00f6yleyemedikleri!"},"content":{"rendered":"<p style=\"text-align: justify;\">Bursa Nil\u00fcfer Belediyesi bir s\u00fcredir Zaman gazetesi taraf\u0131ndan hedef haline getirilerek, 700 y\u0131ll\u0131k camiyi k\u00fct\u00fcphane yapt\u0131\u011f\u0131 s\u00f6yleniyor. Haberde yer verilmeyen ger\u00e7ekler ise i\u015fin asl\u0131n\u0131n \u00f6yle olmad\u0131\u011f\u0131n\u0131 ortaya koyuyor. Zaman gazetesinde yer alan bir habere g\u00f6re Bursa Nil\u00fcfer Belediyesi 700 y\u0131ll\u0131k camiyi \u00e7ocuk k\u00fct\u00fcphanesi yapt\u0131 ve \u015fimdi bo\u015faltmayarak eski haline d\u00f6nd\u00fcr\u00fclmesini engelliyor.<!--more--><\/p>\n<p style=\"text-align: justify;\"><strong>\u00c7ocuk K\u00fct\u00fcphanesi\u2019nin tahliyesi polis zoruyla ger\u00e7ekle\u015ftirilecek<\/strong><br \/>\nZaman\u2019\u0131n haberine g\u00f6re, Vak\u0131flar B\u00f6lge M\u00fcd\u00fcrl\u00fc\u011f\u00fc haberlerin ard\u0131ndan harekete ge\u00e7ti. Vak\u0131flar B\u00f6lge M\u00fcd\u00fcrl\u00fc\u011f\u00fc\u2019n\u00fcn caminin bo\u015falt\u0131lmas\u0131 i\u00e7in il\u00e7e kaymakaml\u0131\u011f\u0131ndan yard\u0131m istedi\u011fi, kaymakaml\u0131\u011f\u0131n tahliye i\u00e7in 10 \u015eubat\u2019a kadar belediyeye s\u00fcre verdi\u011fi ifade edildi. Aksi durumda \u00c7ocuk K\u00fct\u00fcphanesi\u2019nin tahliyesi polis zoruyla ger\u00e7ekle\u015ftirilecek.<\/p>\n<p style=\"text-align: justify;\"><strong>\u0130\u015fte Zaman\u2019\u0131n haberinde yer vermedi\u011fi bilgiler<\/strong><br \/>\nHaberi sadece bu ifadeler \u00fczerine kuran Zaman gazetesinin vermedi\u011fi bilgiler ise i\u015fin asl\u0131n\u0131n hi\u00e7 de \u00f6yle olmad\u0131\u011f\u0131n\u0131 ortaya koyuyor.<\/p>\n<p style=\"text-align: justify;\">700 y\u0131ll\u0131k bir tarihi olan ve y\u0131llard\u0131r s\u00fcren bak\u0131ms\u0131zl\u0131k y\u00fcz\u00fcnden y\u0131k\u0131lmak \u00fczere olan ve harabeye d\u00f6n\u00fc\u015fm\u00fc\u015f olan eski yap\u0131y\u0131 restore eden belediye, 2009 y\u0131l\u0131n\u0131n A\u011fustos ay\u0131nda Demirci\u2019de \u201cRestorasyonu tamamlanacak olan tarihi caminin ne olarak kullan\u0131lmas\u0131n\u0131 istersiniz?\u201d \u015feklinde bir anket haz\u0131rlayarak halk\u0131n g\u00f6r\u00fc\u015flerini ald\u0131.<\/p>\n<p style=\"text-align: justify;\"><strong>&#8216;Halk\u0131n y\u00fczde 59&#8217;u k\u00fct\u00fcphane, y\u00fczde 9&#8217;u cami olsun&#8217; dedi<\/strong><br \/>\nBu anket sonucuna g\u00f6re mahalle sakinlerinin y\u00fczde 59\u2019u k\u00fct\u00fcphane, y\u00fczde 14\u2019\u00fc gen\u00e7lik merkezi, y\u00fczde 10\u2019u k\u00fclt\u00fcr merkezi, y\u00fczde 9\u2019u cami, y\u00fczde 5 k\u00fct\u00fcphane+kuran kursu, y\u00fczde 2\u2019si kuran kursu, y\u00fczde 1 top sahas\u0131 yan\u0131t\u0131n\u0131 verdi.<\/p>\n<p style=\"text-align: justify;\"><strong>8 bin \u00e7ocuk yararland\u0131<\/strong><br \/>\nBursa K\u00fclt\u00fcr ve Tabiat Varl\u0131klar\u0131n\u0131 Koruma B\u00f6lge Kurulu\u2019nun mek\u00e2n\u0131n b\u00f6lgeye yeni bir cami yap\u0131ld\u0131\u011f\u0131ndan dolay\u0131, yeni bir fonksiyon verilerek, sergi-e\u011fitim-konferans salonu ve k\u00fct\u00fcphane olarak kullan\u0131labilece\u011fi \u015feklinde bir karar ald\u0131\u011f\u0131na dikkat \u00e7eken Nil\u00fcfer Belediyesi, caminin 10 metre yak\u0131n\u0131nda ba\u015fka bir cami oldu\u011funu belirtiyor. Bu arada Nil\u00fcfer \u00c7ocuk K\u00fct\u00fcphanesi\u2019nden a\u00e7\u0131ld\u0131\u011f\u0131 g\u00fcnden bu yana yakla\u015f\u0131k 8 bin \u00e7ocuk yararland\u0131.<\/p>\n<p style=\"text-align: justify;\">Kaynak: http:\/\/haber.sol.org.tr<\/p>\n","protected":false},"excerpt":{"rendered":"<p>Bursa Nil\u00fcfer Belediyesi bir s\u00fcredir Zaman gazetesi taraf\u0131ndan hedef haline getirilerek, 700 y\u0131ll\u0131k camiyi k\u00fct\u00fcphane yapt\u0131\u011f\u0131 s\u00f6yleniyor. Haberde yer verilmeyen ger\u00e7ekler ise i\u015fin asl\u0131n\u0131n \u00f6yle olmad\u0131\u011f\u0131n\u0131 ortaya koyuyor. Zaman gazetesinde yer alan bir habere g\u00f6re Bursa Nil\u00fcfer Belediyesi 700 y\u0131ll\u0131k camiyi \u00e7ocuk k\u00fct\u00fcphanesi yapt\u0131 ve \u015fimdi bo\u015faltmayarak eski haline d\u00f6nd\u00fcr\u00fclmesini engelliyor.<\/p>\n","protected":false},"author":1,"featured_media":0,"comment_status":"open","ping_status":"open","sticky":false,"template":"","format":"standard","meta":{"footnotes":""},"categories":[],"tags":[1439],"class_list":["post-9240","post","type-post","status-publish","format-standard","hentry","tag-cocuk-kutuphaneleri"],"_links":{"self":[{"href":"https:\/\/www.bbyhaber.com\/bby\/wp-json\/wp\/v2\/posts\/9240"}],"collection":[{"href":"https:\/\/www.bbyhaber.com\/bby\/wp-json\/wp\/v2\/posts"}],"about":[{"href":"https:\/\/www.bbyhaber.com\/bby\/wp-json\/wp\/v2\/types\/post"}],"author":[{"embeddable":true,"href":"https:\/\/www.bbyhaber.com\/bby\/wp-json\/wp\/v2\/users\/1"}],"replies":[{"embeddable":true,"href":"https:\/\/www.bbyhaber.com\/bby\/wp-json\/wp\/v2\/comments?post=9240"}],"version-history":[{"count":1,"href":"https:\/\/www.bbyhaber.com\/bby\/wp-json\/wp\/v2\/posts\/9240\/revisions"}],"predecessor-version":[{"id":21058,"href":"https:\/\/www.bbyhaber.com\/bby\/wp-json\/wp\/v2\/posts\/9240\/revisions\/21058"}],"wp:attachment":[{"href":"https:\/\/www.bbyhaber.com\/bby\/wp-json\/wp\/v2\/media?parent=9240"}],"wp:term":[{"taxonomy":"category","embeddable":true,"href":"https:\/\/www.bbyhaber.com\/bby\/wp-json\/wp\/v2\/categories?post=9240"},{"taxonomy":"post_tag","embeddable":true,"href":"https:\/\/www.bbyhaber.com\/bby\/wp-json\/wp\/v2\/tags?post=9240"}],"curies":[{"name":"wp","href":"https:\/\/api.w.org\/{rel}","templated":true}]}}