{"id":924,"date":"2011-05-31T17:52:45","date_gmt":"2011-05-31T14:52:45","guid":{"rendered":"http:\/\/www.bbyhaber.com\/bby\/?p=924"},"modified":"2012-09-07T14:05:19","modified_gmt":"2012-09-07T11:05:19","slug":"bartin-il-halk-kutuphanesi-2011inci-uyesine-hediye-verdi","status":"publish","type":"post","link":"https:\/\/www.bbyhaber.com\/bby\/2011\/05\/31\/bartin-il-halk-kutuphanesi-2011inci-uyesine-hediye-verdi","title":{"rendered":"Bart\u0131n \u0130l Halk K\u00fct\u00fcphanesi 2011&#8217;inci \u00fcyesine hediye verdi"},"content":{"rendered":"<p style=\"text-align: justify;\" align=\"justify\">\u0130l K\u00fclt\u00fcr ve Turizm M\u00fcd\u00fcr\u00fc Dervi\u015f \u00d6zbay, k\u00fct\u00fcphane salonunda d\u00fczenlenen t\u00f6rende yapt\u0131\u011f\u0131 konu\u015fmada, k\u00fct\u00fcphane \u00fcye say\u0131s\u0131n\u0131n ilk 5 ayda 2 bin 31&#8217;e ula\u015ft\u0131\u011f\u0131n\u0131, Cumhuriyet \u0130lk\u00f6\u011fretim Okulu \u00f6\u011frencisi Ahmet Selim Bilir&#8217;in 2011. \u00fcye olarak kay\u0131tlara ge\u00e7ti\u011fini s\u00f6yledi. \u0130l\u00e7eler de dahil olmak \u00fczere k\u00fct\u00fcphanelerde kitap s\u0131k\u0131nt\u0131s\u0131 olmad\u0131\u011f\u0131n\u0131 anlatan \u00d6zbay, \u015f\u00f6yle konu\u015ftu:<\/p>\n<p style=\"text-align: justify;\" align=\"justify\">&#8220;K\u00fct\u00fcphanemize g\u00fcncel kitaplar da s\u00fcrekli gelmektedir. Okurlar\u0131m\u0131z\u0131n bize bildirdi\u011fi kitaplar\u0131 biz de bakanl\u0131\u011f\u0131m\u0131za bildiriyor ve yeni \u00e7\u0131kan eseri en k\u0131sa s\u00fcrede k\u00fct\u00fcphanemize kat\u0131yoruz. Ocak-may\u0131s aylar\u0131nda k\u00fct\u00fcphanemizden \u00f6d\u00fcn\u00e7 al\u0131nan kitap say\u0131s\u0131 13 bin 50&#8217;ye ula\u015fm\u0131\u015ft\u0131r. &#8220;K\u00fct\u00fcphane M\u00fcd\u00fcr\u00fc T\u00fclay Erduran&#8217;\u0131n da bulundu\u011fu t\u00f6rende \u00d6zbay, hediyelerini verdi\u011fi Bilir&#8217;den k\u00fct\u00fcphaneye daha \u00e7ok arkada\u015f getirme s\u00f6z\u00fc ald\u0131.<strong><br \/>\n<\/strong><\/p>\n<p style=\"text-align: justify;\" align=\"justify\">Kaynak: <a href=\"http:\/\/www.haber3.com\/\" target=\"_blank\">http:\/\/www.haber3.com\/<\/a><\/p>\n","protected":false},"excerpt":{"rendered":"<p>\u0130l K\u00fclt\u00fcr ve Turizm M\u00fcd\u00fcr\u00fc Dervi\u015f \u00d6zbay, k\u00fct\u00fcphane salonunda d\u00fczenlenen t\u00f6rende yapt\u0131\u011f\u0131 konu\u015fmada, k\u00fct\u00fcphane \u00fcye say\u0131s\u0131n\u0131n ilk 5 ayda 2 bin 31&#8217;e ula\u015ft\u0131\u011f\u0131n\u0131, Cumhuriyet \u0130lk\u00f6\u011fretim Okulu \u00f6\u011frencisi Ahmet Selim Bilir&#8217;in 2011. \u00fcye olarak kay\u0131tlara ge\u00e7ti\u011fini s\u00f6yledi. \u0130l\u00e7eler de dahil olmak \u00fczere k\u00fct\u00fcphanelerde kitap s\u0131k\u0131nt\u0131s\u0131 olmad\u0131\u011f\u0131n\u0131 anlatan \u00d6zbay, \u015f\u00f6yle konu\u015ftu: &#8220;K\u00fct\u00fcphanemize g\u00fcncel kitaplar da s\u00fcrekli gelmektedir. [&hellip;]<\/p>\n","protected":false},"author":1,"featured_media":0,"comment_status":"open","ping_status":"open","sticky":false,"template":"","format":"standard","meta":{"footnotes":""},"categories":[1],"tags":[],"class_list":["post-924","post","type-post","status-publish","format-standard","hentry","category-genel"],"_links":{"self":[{"href":"https:\/\/www.bbyhaber.com\/bby\/wp-json\/wp\/v2\/posts\/924"}],"collection":[{"href":"https:\/\/www.bbyhaber.com\/bby\/wp-json\/wp\/v2\/posts"}],"about":[{"href":"https:\/\/www.bbyhaber.com\/bby\/wp-json\/wp\/v2\/types\/post"}],"author":[{"embeddable":true,"href":"https:\/\/www.bbyhaber.com\/bby\/wp-json\/wp\/v2\/users\/1"}],"replies":[{"embeddable":true,"href":"https:\/\/www.bbyhaber.com\/bby\/wp-json\/wp\/v2\/comments?post=924"}],"version-history":[{"count":0,"href":"https:\/\/www.bbyhaber.com\/bby\/wp-json\/wp\/v2\/posts\/924\/revisions"}],"wp:attachment":[{"href":"https:\/\/www.bbyhaber.com\/bby\/wp-json\/wp\/v2\/media?parent=924"}],"wp:term":[{"taxonomy":"category","embeddable":true,"href":"https:\/\/www.bbyhaber.com\/bby\/wp-json\/wp\/v2\/categories?post=924"},{"taxonomy":"post_tag","embeddable":true,"href":"https:\/\/www.bbyhaber.com\/bby\/wp-json\/wp\/v2\/tags?post=924"}],"curies":[{"name":"wp","href":"https:\/\/api.w.org\/{rel}","templated":true}]}}