{"id":9237,"date":"2013-01-30T15:31:25","date_gmt":"2013-01-30T13:31:25","guid":{"rendered":"http:\/\/www.bbyhaber.com\/bby\/?p=9237"},"modified":"2016-01-18T13:44:46","modified_gmt":"2016-01-18T11:44:46","slug":"genclerin-tercihi-kutuphane-karsiyakaizmir","status":"publish","type":"post","link":"https:\/\/www.bbyhaber.com\/bby\/2013\/01\/30\/genclerin-tercihi-kutuphane-karsiyakaizmir","title":{"rendered":"Gen\u00e7lerin tercihi: K\u00fct\u00fcphane-Kar\u015f\u0131yaka\/\u0130zmir"},"content":{"rendered":"<p style=\"text-align: justify;\">Kar\u015f\u0131yakal\u0131 gen\u00e7ler, 2012 y\u0131l\u0131nda zaman ge\u00e7irmek i\u00e7in internet kafelerin yerine k\u00fct\u00fcphaneleri tercih etti. Kar\u015f\u0131yaka Belediyesi b\u00fcnyesindeki 5 k\u00fct\u00fcphaneyi 2012 y\u0131l\u0131nda kullanan gen\u00e7 ve \u00e7ocuklar\u0131n say\u0131s\u0131, bir \u00f6nceki y\u0131la oranla art\u0131\u015f g\u00f6sterdi. 2011 y\u0131l\u0131nda 17 bin 300 ki\u015finin yararland\u0131\u011f\u0131 k\u00fct\u00fcphanelere 2012 y\u0131l\u0131nda 18 bin 352 gen\u00e7 ve \u00e7ocuk geldi. \u0130nternet kafeler \u00e7a\u011f\u0131nda Kar\u015f\u0131yaka\u2019da<!--more--> k\u00fct\u00fcphanelerin bu kadar ilgi g\u00f6rmesini yapt\u0131klar\u0131 \u00e7al\u0131\u015fmalara ba\u011flayan Belediye ba\u015fkan\u0131 Cevat Durak, \u201c\u00c7ocuklar\u0131m\u0131z\u0131n ve gen\u00e7lerimizin internet kafeler yerine k\u00fct\u00fcphanelerde zaman ge\u00e7irmesi i\u00e7in 5 k\u00fct\u00fcphanemize de bilgisayarlar koyduk. Gen\u00e7lerimiz, buralarda hem kitap okuyabiliyor, hem de interneti kullanabiliyor\u201d dedi.<\/p>\n<p style=\"text-align: justify;\">Kar\u015f\u0131yaka Belediyesi\u2019nin farkl\u0131 semtlerde 5 k\u00fct\u00fcphanesi bulunuyor. \u015eemikler\u2019deki \u0130smail Hakk\u0131 Tongu\u00e7, Z\u00fcbeyde Han\u0131m Mahallesi\u2019ndeki Hasan Ali Y\u00fccel ve \u0130smail Cem ile Cumhuriyet Mahallesi\u2019ndeki 80. Y\u0131l ve B\u00fclent Ecevit K\u00fclt\u00fcr Merkezi\u2019ndeki k\u00fct\u00fcphaneleri gen\u00e7ler i\u00e7in \u00e7ekim merkezi yapmay\u0131 hedefleyen \u00e7al\u0131\u015fma sonu\u00e7 verdi. 2011 y\u0131l\u0131nda 17 bin 300 ki\u015finin kulland\u0131\u011f\u0131 k\u00fct\u00fcphanelerden 2012 y\u0131l\u0131nda 18 bin 352 ki\u015fi yararland\u0131, 3953 kitap \u00f6d\u00fcn\u00e7 verildi.<\/p>\n<p style=\"text-align: justify;\">\u00c7al\u0131\u015fma kapsam\u0131nda velilerin talepleri do\u011frultusunda \u00e7ocuklar\u0131 internet kafelerden kurtarmak i\u00e7in bir dizi \u00f6nlemler al\u0131nd\u0131. \u00d6ncelikle t\u00fcm k\u00fct\u00fcphanelere bilgisayar al\u0131n\u0131p, taray\u0131c\u0131lar\u0131 ve yaz\u0131c\u0131lar\u0131 ba\u011fland\u0131. Daha sonra internet ba\u011flant\u0131lar\u0131 kurulup \u00f6\u011frencilerin \u00fccretsiz yararlanmas\u0131 sa\u011fland\u0131. K\u00fct\u00fcphanelere gelen \u00e7ocuklar\u0131n yazd\u0131\u011f\u0131 \u015fiir, hikaye, deneme ve an\u0131 yaz\u0131lar\u0131n\u0131n yer ald\u0131\u011f\u0131 Kar\u015f\u0131yaka Belediyesi Semt K\u00fct\u00fcphanesi isimli \u00e7ocuk dergisi \u00e7\u0131kart\u0131ld\u0131. Dergi i\u00e7in g\u00f6n\u00fcll\u00fclerden olu\u015fan bir grup e\u011fitimci k\u00fct\u00fcphanelerde s\u00fcrekli toplant\u0131lar yaparak \u00e7ocuklara yaz\u0131 yazmaya te\u015fvik etti. \u00c7ocuklar\u0131n yazd\u0131\u011f\u0131 yaz\u0131larla bas\u0131lan dergi k\u00fct\u00fcphanelerde \u00fccretsiz da\u011f\u0131t\u0131ld\u0131.\u00a0 K\u00fct\u00fcphanelere g\u00fcncel okuma kitaplar\u0131 al\u0131nd\u0131. \u00dcye \u00e7ocuklara evlerinde okumalar\u0131 i\u00e7in \u00f6d\u00fcn\u00e7 kitap verildi. Ege \u00dcniversitesi ile yap\u0131lan anla\u015fma ile k\u00fct\u00fcphanelerimizde kentlilik e\u011fitimi verilmeye ba\u015fland\u0131. \u00dcniversitedeki son s\u0131n\u0131f \u00f6\u011frencileri kentini daha yak\u0131ndan tan\u0131malar\u0131 i\u00e7in \u00e7ocuklara g\u00f6rsel sunumlarla anlat\u0131lar yapt\u0131. \u00c7ocuk kitaplar\u0131 yazarlar\u0131 ile k\u00fct\u00fcphanelerde s\u00f6yle\u015filer yap\u0131ld\u0131, \u00fccretsiz kitaplar da\u011f\u0131t\u0131ld\u0131.<\/p>\n<p style=\"text-align: justify;\">Kaynak: www.haberekspres.com.tr<\/p>\n","protected":false},"excerpt":{"rendered":"<p>Kar\u015f\u0131yakal\u0131 gen\u00e7ler, 2012 y\u0131l\u0131nda zaman ge\u00e7irmek i\u00e7in internet kafelerin yerine k\u00fct\u00fcphaneleri tercih etti. Kar\u015f\u0131yaka Belediyesi b\u00fcnyesindeki 5 k\u00fct\u00fcphaneyi 2012 y\u0131l\u0131nda kullanan gen\u00e7 ve \u00e7ocuklar\u0131n say\u0131s\u0131, bir \u00f6nceki y\u0131la oranla art\u0131\u015f g\u00f6sterdi. 2011 y\u0131l\u0131nda 17 bin 300 ki\u015finin yararland\u0131\u011f\u0131 k\u00fct\u00fcphanelere 2012 y\u0131l\u0131nda 18 bin 352 gen\u00e7 ve \u00e7ocuk geldi. \u0130nternet kafeler \u00e7a\u011f\u0131nda Kar\u015f\u0131yaka\u2019da<\/p>\n","protected":false},"author":1,"featured_media":0,"comment_status":"open","ping_status":"open","sticky":false,"template":"","format":"standard","meta":{"footnotes":""},"categories":[1,1499],"tags":[848,820],"class_list":["post-9237","post","type-post","status-publish","format-standard","hentry","category-genel","category-kutuphane-istatistikleri","tag-halk-kutuphaneleri","tag-mahalle-kutuphaneleri"],"_links":{"self":[{"href":"https:\/\/www.bbyhaber.com\/bby\/wp-json\/wp\/v2\/posts\/9237"}],"collection":[{"href":"https:\/\/www.bbyhaber.com\/bby\/wp-json\/wp\/v2\/posts"}],"about":[{"href":"https:\/\/www.bbyhaber.com\/bby\/wp-json\/wp\/v2\/types\/post"}],"author":[{"embeddable":true,"href":"https:\/\/www.bbyhaber.com\/bby\/wp-json\/wp\/v2\/users\/1"}],"replies":[{"embeddable":true,"href":"https:\/\/www.bbyhaber.com\/bby\/wp-json\/wp\/v2\/comments?post=9237"}],"version-history":[{"count":0,"href":"https:\/\/www.bbyhaber.com\/bby\/wp-json\/wp\/v2\/posts\/9237\/revisions"}],"wp:attachment":[{"href":"https:\/\/www.bbyhaber.com\/bby\/wp-json\/wp\/v2\/media?parent=9237"}],"wp:term":[{"taxonomy":"category","embeddable":true,"href":"https:\/\/www.bbyhaber.com\/bby\/wp-json\/wp\/v2\/categories?post=9237"},{"taxonomy":"post_tag","embeddable":true,"href":"https:\/\/www.bbyhaber.com\/bby\/wp-json\/wp\/v2\/tags?post=9237"}],"curies":[{"name":"wp","href":"https:\/\/api.w.org\/{rel}","templated":true}]}}