{"id":9228,"date":"2013-01-29T23:24:07","date_gmt":"2013-01-29T21:24:07","guid":{"rendered":"http:\/\/www.bbyhaber.com\/bby\/?p=9228"},"modified":"2013-03-11T10:13:25","modified_gmt":"2013-03-11T08:13:25","slug":"osmanli-donemi-nadir-eserlerinin-sayisallastirilmasi","status":"publish","type":"post","link":"https:\/\/www.bbyhaber.com\/bby\/2013\/01\/29\/osmanli-donemi-nadir-eserlerinin-sayisallastirilmasi","title":{"rendered":"Proje Tan\u0131t\u0131m Toplant\u0131s\u0131-Osmanl\u0131 D\u00f6nemi Nadir Eserlerinin Say\u0131salla\u015ft\u0131r\u0131lmas\u0131-07 \u015eubat 2013"},"content":{"rendered":"<p style=\"text-align: justify;\">Kalk\u0131nma Ajans\u0131 Kar Amac\u0131 G\u00fctmeyen Kurulu\u015flara Y\u00f6nelik Bilgi Odakl\u0131 Ekonomik Kalk\u0131nma Mali Destek Program\u0131 kapsam\u0131nda desteklenen \u201c\u0130BB K\u00fct\u00fcphane Ve M\u00fczeler M\u00fcd\u00fcrl\u00fc\u011f\u00fc\u2019nde Bulunan Osmanl\u0131 D\u00f6nemi Nadir Eserlerin Kataloglanmas\u0131, Dijital Ortama Aktar\u0131lmas\u0131 Ve Elektronik Ortamda Sunulmas\u0131\u201d adl\u0131 projemizin tan\u0131t\u0131m toplant\u0131s\u0131nda sizleri de aram\u0131zda g\u00f6rmekten b\u00fcy\u00fck onur duyar\u0131z.<!--more--><\/p>\n<p style=\"text-align: justify;\"><strong><span style=\"color: #ff0000;\">Toplant\u0131 Yer ve Zaman\u0131<\/span><\/strong><br \/>\n<strong>Tarih : <span style=\"color: #0000ff;\">07 \u015eubat 2013 Saat 14.00 \u2013 16.00<\/span><\/strong><br \/>\n<strong>Yer : Atat\u00fcrk Kitapl\u0131\u011f\u0131 Konferans Salonu. Mete Cad. No. 6 Taksim \/ \u0130stanbul<\/strong><br \/>\n<strong>Tel : 0212 249 65 95<\/strong><\/p>\n<p style=\"text-align: justify;\"><span style=\"color: #ff0000;\"><strong>Proje Hakk\u0131nda K\u0131sa Bilgi<\/strong><\/span><\/p>\n<p style=\"text-align: justify;\">\u0130BB K\u00fclt\u00fcr ve Sosyal \u0130\u015fler Daire Ba\u015fkanl\u0131\u011f\u0131 K\u00fct\u00fcphane ve M\u00fczeler M\u00fcd\u00fcrl\u00fc\u011f\u00fc taraf\u0131ndan haz\u0131rlanan \u201c\u0130BB K\u00fct\u00fcphane ve M\u00fczeler M\u00fcd\u00fcrl\u00fc\u011f\u00fc&#8217;nde Bulunan Osmanl\u0131 D\u00f6nemi Nadir Eserlerin Kataloglanmas\u0131, Dijital Ortama Aktar\u0131lmas\u0131 ve Elektronik Ortamda Kullan\u0131ma Sunulmas\u0131\u201d isimli proje \u201c\u0130stanbul Kalk\u0131nma Ajans\u0131 Kar Amac\u0131 G\u00fctmeyen Kurulu\u015flara Y\u00f6nelik Bilgi Odakl\u0131 Ekonomik Kalk\u0131nma Mali Destek Program\u0131\u201d kapsam\u0131nda desteklenmeye hak kazanm\u0131\u015ft\u0131r. Proje, 12 ay boyunca \u0130BB K\u00fct\u00fcphane ve M\u00fczeler M\u00fcd\u00fcrl\u00fc\u011f\u00fc taraf\u0131ndan y\u00fcr\u00fct\u00fclecektir.<\/p>\n<p style=\"text-align: justify;\">Bu projeyle \u0130BB K\u00fct\u00fcphane ve M\u00fczeler M\u00fcd\u00fcrl\u00fc\u011f\u00fc Atat\u00fcrk Kitapl\u0131\u011f\u0131\u2019nda bulunan Arap\u00e7a, Fars\u00e7a ve Osmanl\u0131 T\u00fcrk\u00e7esi ile bas\u0131lm\u0131\u015f 40.000 adet nadir eserin kataloglama ve niteleme i\u015flemlerinin uluslararas\u0131 k\u00fct\u00fcphanecilik standartlar\u0131na uygun hale getirilmesi, eserlerin taranarak say\u0131sal ortama aktar\u0131lmas\u0131, depolanmas\u0131 ve web \u00fczerinden \u00fccretsiz olarak hizmete sunulmas\u0131 hedeflenmi\u015ftir. Proje sonunda Atat\u00fcrk Kitapl\u0131\u011f\u0131\u2019nda bulunan bas\u0131l\u0131 k\u00fclt\u00fcrel miras\u0131n korunmas\u0131, g\u00f6r\u00fcn\u00fcrl\u00fc\u011f\u00fcn\u00fcn artt\u0131r\u0131lmas\u0131 ve bilgiye eri\u015fiminin daha etkin ve yayg\u0131n bir hale getirilmesi ama\u00e7lanmaktad\u0131r.<\/p>\n<p style=\"text-align: justify;\">Proje Tan\u0131t\u0131m Toplant\u0131s\u0131&#8217;na kat\u0131lacak olan siz de\u011ferli akademisyen ve ara\u015ft\u0131rmac\u0131lar\u0131m\u0131z\u0131n kat\u0131l\u0131m durumlar\u0131n\u0131 05 \u015eubat Sal\u0131 g\u00fcn\u00fc mesai bitimine kadar <strong>dijitallestirmeprojesi@gmail.com<\/strong> adresine bildirmelerini \u00f6nemle rica ederiz.<\/p>\n<p style=\"text-align: justify;\"><strong><span style=\"color: #0000ff;\"><a href=\"http:\/\/www.facebook.com\/events\/329963783772552\/\" target=\"_blank\"><span style=\"color: #0000ff;\">Facebook etkinlik sayfas\u0131 i\u00e7in t\u0131klay\u0131n\u0131z<\/span><\/a><\/span><\/strong><\/p>\n","protected":false},"excerpt":{"rendered":"<p>Kalk\u0131nma Ajans\u0131 Kar Amac\u0131 G\u00fctmeyen Kurulu\u015flara Y\u00f6nelik Bilgi Odakl\u0131 Ekonomik Kalk\u0131nma Mali Destek Program\u0131 kapsam\u0131nda desteklenen \u201c\u0130BB K\u00fct\u00fcphane Ve M\u00fczeler M\u00fcd\u00fcrl\u00fc\u011f\u00fc\u2019nde Bulunan Osmanl\u0131 D\u00f6nemi Nadir Eserlerin Kataloglanmas\u0131, Dijital Ortama Aktar\u0131lmas\u0131 Ve Elektronik Ortamda Sunulmas\u0131\u201d adl\u0131 projemizin tan\u0131t\u0131m toplant\u0131s\u0131nda sizleri de aram\u0131zda g\u00f6rmekten b\u00fcy\u00fck onur duyar\u0131z.<\/p>\n","protected":false},"author":1,"featured_media":0,"comment_status":"open","ping_status":"open","sticky":false,"template":"","format":"standard","meta":{"footnotes":""},"categories":[1479],"tags":[1395],"class_list":["post-9228","post","type-post","status-publish","format-standard","hentry","category-dijital-kopyalama","tag-bby-mesleki-etkinlikler-arsivi"],"_links":{"self":[{"href":"https:\/\/www.bbyhaber.com\/bby\/wp-json\/wp\/v2\/posts\/9228"}],"collection":[{"href":"https:\/\/www.bbyhaber.com\/bby\/wp-json\/wp\/v2\/posts"}],"about":[{"href":"https:\/\/www.bbyhaber.com\/bby\/wp-json\/wp\/v2\/types\/post"}],"author":[{"embeddable":true,"href":"https:\/\/www.bbyhaber.com\/bby\/wp-json\/wp\/v2\/users\/1"}],"replies":[{"embeddable":true,"href":"https:\/\/www.bbyhaber.com\/bby\/wp-json\/wp\/v2\/comments?post=9228"}],"version-history":[{"count":0,"href":"https:\/\/www.bbyhaber.com\/bby\/wp-json\/wp\/v2\/posts\/9228\/revisions"}],"wp:attachment":[{"href":"https:\/\/www.bbyhaber.com\/bby\/wp-json\/wp\/v2\/media?parent=9228"}],"wp:term":[{"taxonomy":"category","embeddable":true,"href":"https:\/\/www.bbyhaber.com\/bby\/wp-json\/wp\/v2\/categories?post=9228"},{"taxonomy":"post_tag","embeddable":true,"href":"https:\/\/www.bbyhaber.com\/bby\/wp-json\/wp\/v2\/tags?post=9228"}],"curies":[{"name":"wp","href":"https:\/\/api.w.org\/{rel}","templated":true}]}}