{"id":922,"date":"2011-05-31T17:48:52","date_gmt":"2011-05-31T17:48:52","guid":{"rendered":"http:\/\/www.bbyhaber.com\/bby\/?p=922"},"modified":"2012-05-15T11:14:30","modified_gmt":"2012-05-15T11:14:30","slug":"15-ataturk-cocuklari-kutuphanesi-acildi","status":"publish","type":"post","link":"https:\/\/www.bbyhaber.com\/bby\/2011\/05\/31\/15-ataturk-cocuklari-kutuphanesi-acildi","title":{"rendered":"15. Atat\u00fcrk \u00c7ocuklar\u0131 K\u00fct\u00fcphanesi A\u00e7\u0131ld\u0131"},"content":{"rendered":"<p style=\"text-align: justify;\" align=\"justify\">K\u00f6y \u00c7ocuklar\u0131 K\u00fct\u00fcphaneleri Olu\u015fturma, K\u00fclt\u00fcr, Sanat ve Dayan\u0131\u015fma Derne\u011fi, Atat\u00fcrk \u00c7ocuklar\u0131 K\u00fct\u00fcphanesi&#8217;nin 15&#8217;incisini \u0130zmir&#8217;in Tire il\u00e7esine ba\u011fl\u0131 K\u0131rtepe K\u00f6y\u00fc&#8217;nde a\u00e7t\u0131. Dernek Ba\u015fkan\u0131 Mesut Tim, K\u0131rtepe K\u00f6y\u00fc&#8217;ndeki k\u00fct\u00fcphane a\u00e7\u0131l\u0131\u015f\u0131nda yapt\u0131\u011f\u0131 konu\u015fmada, Cumhuriyetin ilk y\u0131llar\u0131nda halk\u0131n e\u011fitimi ve kitap okumas\u0131 i\u00e7in \u00e7al\u0131\u015fmalar yap\u0131ld\u0131\u011f\u0131n\u0131, o g\u00fcnlerin olanaks\u0131zl\u0131klar\u0131yla 40 bin k\u00f6ye okuma odalar\u0131 kuruldu\u011funu hat\u0131rlatt\u0131.<!--more--><\/p>\n<p style=\"text-align: justify;\" align=\"justify\">Tim, \u015funlar\u0131 kaydetti:<\/p>\n<p style=\"text-align: justify;\" align=\"justify\">&#8220;\u0130stiyoruz ki \u00f6ncelikle k\u00f6y\u00fcn \u00e7ocuklar\u0131 ve anne, babalar da bu k\u00fct\u00fcphaneden faydalans\u0131n. Burada her ya\u015ftan ve herkese hitap edecek d\u00fczeyde yakla\u015f\u0131k 3 bin kitap bulunmakta. Bu kitaplar\u0131n bir araya getirilmesi i\u00e7in harcanan zaman\u0131n ve eme\u011fin bo\u015fa gitmeyece\u011fini biliyoruz. &#8220;<\/p>\n<p style=\"text-align: justify;\" align=\"justify\">K\u0131rtepe K\u00f6y\u00fc muhtar\u0131 Mehmet Elibol ise, k\u00f6ylerinde a\u00e7\u0131lan 15. Atat\u00fcrk \u00c7ocuklar\u0131 K\u00fct\u00fcphanesini kendilerine kazand\u0131ran dernek \u00fcyelerine te\u015fekk\u00fcr etti. Elibol, &#8220;Bug\u00fcnden itibaren bu k\u00fct\u00fcphaneden yararlanacak \u00e7ocuklar\u0131m\u0131z yar\u0131n\u0131n doktorlar\u0131, avukatlar\u0131 belki de \u00f6\u011fretmenleri olacaklar. Bunda hepimizin katk\u0131s\u0131 var. Daha nice k\u00fct\u00fcphanelere&#8221; dedi.\u00a0<strong><\/strong><\/p>\n<p style=\"text-align: justify;\" align=\"justify\">Kaynak: <a href=\"http:\/\/izmir.haberleri.com\/\" target=\"_blank\">http:\/\/izmir.haberleri.com\/<\/a><\/p>\n","protected":false},"excerpt":{"rendered":"<p>K\u00f6y \u00c7ocuklar\u0131 K\u00fct\u00fcphaneleri Olu\u015fturma, K\u00fclt\u00fcr, Sanat ve Dayan\u0131\u015fma Derne\u011fi, Atat\u00fcrk \u00c7ocuklar\u0131 K\u00fct\u00fcphanesi&#8217;nin 15&#8217;incisini \u0130zmir&#8217;in Tire il\u00e7esine ba\u011fl\u0131 K\u0131rtepe K\u00f6y\u00fc&#8217;nde a\u00e7t\u0131. Dernek Ba\u015fkan\u0131 Mesut Tim, K\u0131rtepe K\u00f6y\u00fc&#8217;ndeki k\u00fct\u00fcphane a\u00e7\u0131l\u0131\u015f\u0131nda yapt\u0131\u011f\u0131 konu\u015fmada, Cumhuriyetin ilk y\u0131llar\u0131nda halk\u0131n e\u011fitimi ve kitap okumas\u0131 i\u00e7in \u00e7al\u0131\u015fmalar yap\u0131ld\u0131\u011f\u0131n\u0131, o g\u00fcnlerin olanaks\u0131zl\u0131klar\u0131yla 40 bin k\u00f6ye okuma odalar\u0131 kuruldu\u011funu hat\u0131rlatt\u0131.<\/p>\n","protected":false},"author":1,"featured_media":0,"comment_status":"open","ping_status":"open","sticky":false,"template":"","format":"standard","meta":{"footnotes":""},"categories":[1539,1,1498],"tags":[],"class_list":["post-922","post","type-post","status-publish","format-standard","hentry","category-ataturk-cocuklari-kutuphanesi","category-genel","category-koy-kutuphaneleri"],"_links":{"self":[{"href":"https:\/\/www.bbyhaber.com\/bby\/wp-json\/wp\/v2\/posts\/922"}],"collection":[{"href":"https:\/\/www.bbyhaber.com\/bby\/wp-json\/wp\/v2\/posts"}],"about":[{"href":"https:\/\/www.bbyhaber.com\/bby\/wp-json\/wp\/v2\/types\/post"}],"author":[{"embeddable":true,"href":"https:\/\/www.bbyhaber.com\/bby\/wp-json\/wp\/v2\/users\/1"}],"replies":[{"embeddable":true,"href":"https:\/\/www.bbyhaber.com\/bby\/wp-json\/wp\/v2\/comments?post=922"}],"version-history":[{"count":0,"href":"https:\/\/www.bbyhaber.com\/bby\/wp-json\/wp\/v2\/posts\/922\/revisions"}],"wp:attachment":[{"href":"https:\/\/www.bbyhaber.com\/bby\/wp-json\/wp\/v2\/media?parent=922"}],"wp:term":[{"taxonomy":"category","embeddable":true,"href":"https:\/\/www.bbyhaber.com\/bby\/wp-json\/wp\/v2\/categories?post=922"},{"taxonomy":"post_tag","embeddable":true,"href":"https:\/\/www.bbyhaber.com\/bby\/wp-json\/wp\/v2\/tags?post=922"}],"curies":[{"name":"wp","href":"https:\/\/api.w.org\/{rel}","templated":true}]}}