{"id":9215,"date":"2013-01-29T13:38:59","date_gmt":"2013-01-29T11:38:59","guid":{"rendered":"http:\/\/www.bbyhaber.com\/bby\/?p=9215"},"modified":"2013-06-28T15:56:03","modified_gmt":"2013-06-28T12:56:03","slug":"2013-kpss-yerlestirme-sinav-takvimi-aciklandi","status":"publish","type":"post","link":"https:\/\/www.bbyhaber.com\/bby\/2013\/01\/29\/2013-kpss-yerlestirme-sinav-takvimi-aciklandi","title":{"rendered":"2013 KPSS Yerle\u015ftirme ve S\u0131nav Takvimi A\u00e7\u0131kland\u0131"},"content":{"rendered":"<p><img loading=\"lazy\" decoding=\"async\" class=\"alignleft\" src=\"http:\/\/www.bbyhaber.com\/bby\/wp-content\/uploads\/dosyalar\/kpss\/resimler\/bbykpss.jpg\" alt=\"\" width=\"70\" height=\"70\" \/><\/p>\n<p>2013 Y\u0131l\u0131na ait s\u0131nav ve yerle\u015ftirme takvimi a\u015fa\u011f\u0131daki \u015fekilde\u00a0 belirlenmi\u015ftir.<!--more--><\/p>\n<ul>\n<li><span style=\"color: #0000ff;\"><strong><a title=\"KPSS\u2019de A grubu ve B grubu kadro ne demektir?\" href=\"http:\/\/www.bbyhaber.com\/bby\/2012\/07\/31\/kpssde-a-grubu-ve-b-grubu-kadro-ne-demektir\/\"><span style=\"color: #0000ff;\">KPSS\u2019de A grubu ve B grubu kadro ne demektir?<\/span><\/a><\/strong><\/span><\/li>\n<li><span style=\"color: #0000ff;\"><strong><a title=\"2012 KPSS s\u0131nav sonucuna g\u00f6re BBY puan s\u0131ralamas\u0131n\u0131 kendiniz olu\u015fturmak istermisiniz\" href=\"http:\/\/www.bbyhaber.com\/bby\/2012\/08\/14\/2012-kpss-bby-puan-siralamasi\/\"><span style=\"color: #0000ff;\">2012 KPSS BBY Puan S\u0131ralamas\u0131 i\u00e7in t\u0131klay\u0131n\u0131z.<\/span><\/a><\/strong><\/span><\/li>\n<li><span style=\"color: #0000ff;\"><strong><a title=\"2012 KPSS\u2019de BBY b\u00f6l\u00fcmlerinin ba\u015far\u0131 s\u0131ralamalar\u0131\" href=\"http:\/\/www.bbyhaber.com\/bby\/2012\/12\/21\/2012-kpssde-bby-bolum-basari-siralamalari\/\"><span style=\"color: #0000ff;\">2012 KPSS\u2019de BBY b\u00f6l\u00fcmlerinin ba\u015far\u0131 s\u0131ralamalar\u0131.<\/span><\/a><\/strong><\/span><strong><br \/>\n<\/strong><\/li>\n<li><span style=\"color: #ff0000;\"><strong><a href=\"http:\/\/www.bbyhaber.com\/bby\/category\/bbykpss\/\"><span style=\"color: #ff0000;\">BBY KPSS ile ilgili t\u00fcm haber i\u00e7eri\u011fi i\u00e7in t\u0131klay\u0131n\u0131z.<\/span><\/a><\/strong><\/span><\/li>\n<\/ul>\n<table width=\"520\" border=\"1\" cellspacing=\"0\" cellpadding=\"0\">\n<tbody>\n<tr>\n<td colspan=\"3\" width=\"600\">\n<p align=\"center\"><strong><span style=\"color: #ff0000;\">2013 KPSS Takvimi<\/span><\/strong><\/p>\n<\/td>\n<\/tr>\n<tr>\n<td valign=\"top\" width=\"202\"><\/td>\n<td width=\"202\">\n<p align=\"center\">Ba\u015fvuru Tarihi<\/p>\n<\/td>\n<td width=\"203\">\n<p align=\"center\">S\u0131nav Tarihi<\/p>\n<\/td>\n<\/tr>\n<tr>\n<td width=\"202\">KPSS A Grubu ve \u00d6\u011fretmenlik<\/td>\n<td width=\"202\">\n<p align=\"center\">6 May\u0131s &#8211; 15 May\u0131s 2013<\/p>\n<\/td>\n<td width=\"202\">\n<p align=\"center\">06-07 Temmuz 2013<\/p>\n<\/td>\n<\/tr>\n<tr>\n<td width=\"202\">\u00d6\u011fretmenlik Alan Testi<\/td>\n<td width=\"202\">\n<p align=\"center\">6 May\u0131s &#8211; 15 May\u0131s 2013<\/p>\n<\/td>\n<td width=\"202\">\n<p align=\"center\">14 Temmuz 2013<\/p>\n<\/td>\n<\/tr>\n<\/tbody>\n<\/table>\n<table width=\"519\" border=\"1\" cellspacing=\"0\" cellpadding=\"0\">\n<tbody>\n<tr>\n<td colspan=\"3\" valign=\"top\" width=\"600\">\n<p align=\"center\"><span style=\"color: #0000ff;\"><strong>2013 KPSS Yerle\u015ftirme Takvimi<\/strong><\/span><\/p>\n<\/td>\n<\/tr>\n<tr>\n<td valign=\"top\" width=\"198\"><\/td>\n<td valign=\"top\" width=\"201\">\n<p align=\"center\">DPB taraf\u0131ndan kamu kurum ve kurulu\u015flar\u0131ndan yerle\u015ftirme taleplerinin toplanmas\u0131<\/p>\n<\/td>\n<td width=\"208\">\n<p align=\"center\">\u00d6SYM Ba\u015fkanl\u0131\u011f\u0131nca tercihlerin al\u0131nmas\u0131<\/p>\n<\/td>\n<\/tr>\n<tr>\n<td width=\"198\">KPSS 1. Yerle\u015ftirme<\/td>\n<td width=\"201\">\n<p align=\"center\">04 Mart \u2013 24 May\u0131s 2013<\/p>\n<\/td>\n<td width=\"208\">\n<p align=\"center\">24 Haziran &#8211; 03 Temmuz 2013<\/p>\n<\/td>\n<\/tr>\n<tr>\n<td width=\"198\">KPSS 2. Yerle\u015ftirme<\/td>\n<td width=\"201\">\n<p align=\"center\">12 A\u011fustos &#8211; 04 Ekim 2013<\/p>\n<\/td>\n<td width=\"208\">\n<p align=\"center\">18 Kas\u0131m &#8211; 27 Kas\u0131m 2013<\/p>\n<\/td>\n<\/tr>\n<\/tbody>\n<\/table>\n<p>Kaynak: <a href=\"http:\/\/www.dpb.gov.tr\/dpb_duyuru_20130129.html\" target=\"_blank\">DPB<\/a><\/p>\n","protected":false},"excerpt":{"rendered":"<p>2013 Y\u0131l\u0131na ait s\u0131nav ve yerle\u015ftirme takvimi a\u015fa\u011f\u0131daki \u015fekilde\u00a0 belirlenmi\u015ftir.<\/p>\n","protected":false},"author":1,"featured_media":0,"comment_status":"open","ping_status":"open","sticky":false,"template":"","format":"standard","meta":{"footnotes":""},"categories":[31],"tags":[418,419],"class_list":["post-9215","post","type-post","status-publish","format-standard","hentry","category-bbykpss","tag-2012-1-kpss-bby-max-min-puanlar","tag-2012-2-kpss-bby-max-min-puanlar"],"_links":{"self":[{"href":"https:\/\/www.bbyhaber.com\/bby\/wp-json\/wp\/v2\/posts\/9215"}],"collection":[{"href":"https:\/\/www.bbyhaber.com\/bby\/wp-json\/wp\/v2\/posts"}],"about":[{"href":"https:\/\/www.bbyhaber.com\/bby\/wp-json\/wp\/v2\/types\/post"}],"author":[{"embeddable":true,"href":"https:\/\/www.bbyhaber.com\/bby\/wp-json\/wp\/v2\/users\/1"}],"replies":[{"embeddable":true,"href":"https:\/\/www.bbyhaber.com\/bby\/wp-json\/wp\/v2\/comments?post=9215"}],"version-history":[{"count":0,"href":"https:\/\/www.bbyhaber.com\/bby\/wp-json\/wp\/v2\/posts\/9215\/revisions"}],"wp:attachment":[{"href":"https:\/\/www.bbyhaber.com\/bby\/wp-json\/wp\/v2\/media?parent=9215"}],"wp:term":[{"taxonomy":"category","embeddable":true,"href":"https:\/\/www.bbyhaber.com\/bby\/wp-json\/wp\/v2\/categories?post=9215"},{"taxonomy":"post_tag","embeddable":true,"href":"https:\/\/www.bbyhaber.com\/bby\/wp-json\/wp\/v2\/tags?post=9215"}],"curies":[{"name":"wp","href":"https:\/\/api.w.org\/{rel}","templated":true}]}}