{"id":9213,"date":"2013-01-28T20:15:16","date_gmt":"2013-01-28T18:15:16","guid":{"rendered":"http:\/\/www.bbyhaber.com\/bby\/?p=9213"},"modified":"2013-01-28T20:15:16","modified_gmt":"2013-01-28T18:15:16","slug":"silahli-gruplar-kutuphane-yakti-fransamali","status":"publish","type":"post","link":"https:\/\/www.bbyhaber.com\/bby\/2013\/01\/28\/silahli-gruplar-kutuphane-yakti-fransamali","title":{"rendered":"Silahl\u0131 gruplar k\u00fct\u00fcphane yakt\u0131!-Fransa\/Mali"},"content":{"rendered":"<p style=\"text-align: justify;\"><img loading=\"lazy\" decoding=\"async\" class=\"alignleft\" src=\"http:\/\/www.bbyhaber.com\/bby\/wp-content\/uploads\/2013\/01\/yazmaeser.jpg\" alt=\"\" width=\"200\" height=\"150\" \/>Mali&#8217;de silahl\u0131 gruplar, eski el yazmas\u0131 eserlerin bulundu\u011fu k\u00fct\u00fcphaneyi yakt\u0131. Fransa&#8217;n\u0131n askeri m\u00fcdahale d\u00fczenledi\u011fi Mali&#8217;nin Timbuktu kentinde silahl\u0131 gruplar\u0131n, eski el yazmas\u0131 eserlerin bulundu\u011fu bir k\u00fct\u00fcphaneyi yakt\u0131\u011f\u0131 bildirildi. <!--more-->Timbuktu Belediye Ba\u015fkan\u0131 Osmane Halle, AP ajans\u0131na telefonla yapt\u0131\u011f\u0131 a\u00e7\u0131klamada, silahl\u0131 gruplar\u0131n, k\u00fct\u00fcphanede yer alan k\u00fclt\u00fcr, bilim ve co\u011frafya konulu \u00e7ok say\u0131da eski kitab\u0131 yakt\u0131\u011f\u0131n\u0131 s\u00f6yledi.<\/p>\n<p style=\"text-align: justify;\">Frans\u0131z ve Mali askeri birliklerinin, bug\u00fcn ba\u015fkent Bamako&#8217;nun 900 kilometre kuzeydo\u011fusunda yer alan Timbuktu hava liman\u0131na girdi\u011fi a\u00e7\u0131klanm\u0131\u015ft\u0131. AFP&#8217;ye konu\u015fan \u00fcst d\u00fczey bir ordu yetkilisi, askeri birliklerin Timbuktu havaliman\u0131n\u0131 kontrol alt\u0131na ald\u0131\u011f\u0131n\u0131 ve b\u00f6lgede herhangi bir g\u00fcvenlik sorunu ya\u015fanmad\u0131\u011f\u0131n\u0131 bildirmi\u015fti.<\/p>\n<p style=\"text-align: justify;\">Kaynak:\u00a0http:\/\/www.haberturk.com<\/p>\n","protected":false},"excerpt":{"rendered":"<p>Mali&#8217;de silahl\u0131 gruplar, eski el yazmas\u0131 eserlerin bulundu\u011fu k\u00fct\u00fcphaneyi yakt\u0131. Fransa&#8217;n\u0131n askeri m\u00fcdahale d\u00fczenledi\u011fi Mali&#8217;nin Timbuktu kentinde silahl\u0131 gruplar\u0131n, eski el yazmas\u0131 eserlerin bulundu\u011fu bir k\u00fct\u00fcphaneyi yakt\u0131\u011f\u0131 bildirildi.<\/p>\n","protected":false},"author":1,"featured_media":0,"comment_status":"open","ping_status":"open","sticky":false,"template":"","format":"standard","meta":{"footnotes":""},"categories":[1,1500,1509],"tags":[438],"class_list":["post-9213","post","type-post","status-publish","format-standard","hentry","category-genel","category-nadir-eserler","category-yazma-eserler","tag-el-yazmalari"],"_links":{"self":[{"href":"https:\/\/www.bbyhaber.com\/bby\/wp-json\/wp\/v2\/posts\/9213"}],"collection":[{"href":"https:\/\/www.bbyhaber.com\/bby\/wp-json\/wp\/v2\/posts"}],"about":[{"href":"https:\/\/www.bbyhaber.com\/bby\/wp-json\/wp\/v2\/types\/post"}],"author":[{"embeddable":true,"href":"https:\/\/www.bbyhaber.com\/bby\/wp-json\/wp\/v2\/users\/1"}],"replies":[{"embeddable":true,"href":"https:\/\/www.bbyhaber.com\/bby\/wp-json\/wp\/v2\/comments?post=9213"}],"version-history":[{"count":0,"href":"https:\/\/www.bbyhaber.com\/bby\/wp-json\/wp\/v2\/posts\/9213\/revisions"}],"wp:attachment":[{"href":"https:\/\/www.bbyhaber.com\/bby\/wp-json\/wp\/v2\/media?parent=9213"}],"wp:term":[{"taxonomy":"category","embeddable":true,"href":"https:\/\/www.bbyhaber.com\/bby\/wp-json\/wp\/v2\/categories?post=9213"},{"taxonomy":"post_tag","embeddable":true,"href":"https:\/\/www.bbyhaber.com\/bby\/wp-json\/wp\/v2\/tags?post=9213"}],"curies":[{"name":"wp","href":"https:\/\/api.w.org\/{rel}","templated":true}]}}