{"id":9206,"date":"2013-01-28T13:36:38","date_gmt":"2013-01-28T11:36:38","guid":{"rendered":"http:\/\/www.bbyhaber.com\/bby\/?p=9206"},"modified":"2018-10-15T12:55:07","modified_gmt":"2018-10-15T09:55:07","slug":"1-uluslararasi-semantik-ag-ve-ust-veri-sistemleri-konferansi-07-08-mart-2013","status":"publish","type":"post","link":"https:\/\/www.bbyhaber.com\/bby\/2013\/01\/28\/1-uluslararasi-semantik-ag-ve-ust-veri-sistemleri-konferansi-07-08-mart-2013","title":{"rendered":"1.Uluslararas\u0131 Semantik A\u011f ve \u00dcst Veri Sistemleri Konferans\u0131-07-08 Mart 2013"},"content":{"rendered":"<p style=\"text-align: justify;\"><img loading=\"lazy\" decoding=\"async\" class=\"alignleft\" src=\"http:\/\/www.bbyhaber.com\/bby\/wp-content\/uploads\/bby-dernek-logolar\/ankos-logo.gif\" alt=\"\" width=\"164\" height=\"86\" \/><\/p>\n<p><em><strong>Tema: \u201cBibliyografik Tan\u0131mlama ve Eri\u015fimin Gelece\u011fi\u201d<\/strong><\/em><strong><em> <\/em><span style=\"color: #0000ff;\">07-08 Mart 2013, Urla, \u00a0\u0130zmir,<\/span><\/strong><span style=\"color: #0000ff;\"><strong>\u00a0T\u00fcrkiye<\/strong><\/span><\/p>\n<p style=\"text-align: justify;\">Bilgi eri\u015fim genelde ilk olarak bilgi kaynaklar\u0131n\u0131 temsil eden kataloglar taranarak ve sonra kitap gibi bilgi bar\u0131nd\u0131ran nesnelere fiziksel eri\u015fim sa\u011flanarak ger\u00e7ekle\u015fir. Bilgi kaynaklar\u0131n\u0131 temsil eden kart ve \u00e7evrimi\u00e7i kataloglar ge\u00e7mi\u015fte k\u00fct\u00fcphane kullan\u0131c\u0131lar\u0131na olduk\u00e7a iyi hizmet vermi\u015ftir. Ancak 20. y\u00fczy\u0131lda geli\u015ftirilen ve uygulanan kataloglama ve s\u0131n\u0131flama sistemleri yeni formatlar\u0131n t\u00fcremesi (\u00f6rn. \u0130nternet ve elektronik kitaplar),<!--more--> farkl\u0131 payda\u015flardan ayn\u0131 bilgi kayna\u011f\u0131n\u0131 temsil eden bir\u00e7ok \u00fcst veri sisteminin bulunmas\u0131 (\u00f6r. k\u00fct\u00fcphaneler, yay\u0131nc\u0131lar ve \u00e7evrimi\u00e7i kitap sat\u0131c\u0131lar\u0131) ve semantik a\u011flar\u0131n geli\u015fimi sebebiyle 21. y\u00fczy\u0131lda ge\u00e7ersiz hale gelmeye ba\u015flam\u0131\u015ft\u0131r. \u00c7evrimi\u00e7i kataloglara ek olarak, genellikle a\u011f ortam\u0131nda birarada var olan ve birlikte \u00e7al\u0131\u015fan bilgi kaynaklar\u0131n\u0131 tan\u0131mlamak i\u00e7in ontolojiler, a\u011f s\u0131n\u0131flamalar\u0131, isim-alanlar\u0131, elektronik izleme ve fi\u015flemeler bulunmaktad\u0131r.<\/p>\n<p style=\"text-align: justify;\">Bu uluslararas\u0131 konferans 21. y\u00fczy\u0131lda bibliyografik eri\u015fimin gelece\u011fini tart\u0131\u015fmak i\u00e7in \u00e7e\u015fitli disiplinlerden uzmanlar\u0131 biraraya getirmeyi hedeflemektedir. K\u00fct\u00fcphane, bilgi ve bilgisayar bilimciler ile yay\u0131nc\u0131lar ve ontoloji geli\u015ftiriciler, di\u011ferleriyle birlikte, kullan\u0131c\u0131 ortam\u0131nda semantik a\u011f ve \u00fcst veri sistemlerinin de\u011fi\u015fen rol\u00fc \u00fczerine g\u00f6r\u00fc\u015flerini payla\u015facaklar (\u00f6rn.\u00e7evrimi\u00e7i kataloglar, meta-arama, bulma ara\u00e7lar\u0131) bununla beraber k\u00fct\u00fcphanede, a\u011f ve y\u00f6netim ortamlar\u0131nda (\u00f6rn. MARC, DC, EAD, <a href=\"http:\/\/www.bbyhaber.com\/bby\/wp-content\/uploads\/dosyalar\/rda\/rda-brosur-turkish.pdf\" target=\"_blank\">RDA<\/a>, RDF, FRBR, FRAD) ve yukar\u0131da bahsedilen alanlarda kullan\u0131labilecek bir\u00e7ok uygulama ve teknolojiyi ke\u015ffedeceklerdir.\u00a0 <a href=\"http:\/\/www.bbyhaber.com\/bby\/wp-content\/uploads\/dosyalar\/rda\/rda-brosur-turkish.pdf\" target=\"_blank\">RDA<\/a> Toolkit kullan\u0131m\u0131 \u00fczerine yar\u0131m g\u00fcnl\u00fck bir at\u00f6lye \u00e7al\u0131\u015fmas\u0131 ger\u00e7ekle\u015ftirilecektir.<\/p>\n<p style=\"text-align: justify;\">Bibiliyografik eri\u015fim konusunda d\u00fcnyaca \u00fcnl\u00fc uzman ve d\u00fc\u015f\u00fcn\u00fcr, Berkeley\u2019deki Kaliforniya \u00dcniversitesinden (ABD) <a href=\"http:\/\/meetings.ankos.gen.tr\/swms\/tr\/michael-buckland-ozgecmis.html\" target=\"_blank\">Profes\u00f6r Michael Buckland<\/a> ,\u00a0<a href=\"http:\/\/meetings.ankos.gen.tr\/swms\/tr\/buckland-makale-ozeti.html\">\u201c<\/a><a href=\"http:\/\/meetings.ankos.gen.tr\/swms\/tr\/buckland-makale-ozeti.html\" target=\"_blank\">Gelecek Nesil K\u00fct\u00fcphane ve Bilgi Hizmetleri\u201d<\/a>ba\u015fl\u0131kl\u0131 konferans a\u00e7\u0131\u015f konu\u015fmas\u0131n\u0131 yapacak. Profes\u00f6r Buckland Semantik a\u011f ve \u00dcst veri Sistemlerinin k\u00fct\u00fcphanecilerin, ar\u015fivcilerin, ve ara\u015ft\u0131rmac\u0131lar\u0131n \u00e7al\u0131\u015fma uygulamalar\u0131na getirdi\u011fi f\u0131rsatlar\u0131 irdeleyecek.<\/p>\n<p style=\"text-align: justify;\">Sevim McCutcheon, Kent State \u00dcniversitesi\u2019nde (ABD) Katalog K\u00fct\u00fcphanecisi ve Yard\u0131mc\u0131 Do\u00e7ent olarak g\u00f6rev yapmaktad\u0131r. Onun i\u015f sorumluluklar\u0131 \u00f6ncelikle monografiler (kitap, e-kitaplar, mikroform, ve elektronik lisans ve doktora tezleri (eTDS) bibliyografik kay\u0131tlar\u0131 olu\u015fturmak ve geli\u015ftirmek vard\u0131r. Gerekti\u011fi gibi otorite kay\u0131tlar\u0131 olu\u015fturmak, kataloglama konusunda b\u00f6lgesel k\u00fct\u00fcphaneler i\u00e7in kontak noktas\u0131 olmak onun g\u00f6rev alanlar\u0131 i\u00e7indedir. Sevim\u2019in konu\u015fmas\u0131 \u00a0FRBR , <a href=\"http:\/\/www.bbyhaber.com\/bby\/wp-content\/uploads\/dosyalar\/rda\/rda-brosur-turkish.pdf\" target=\"_blank\">RDA<\/a> ve AACR2 kay\u0131tlar aras\u0131nda \u00f6nemli farkl\u0131l\u0131klar, \u00a0KS\u00dc s\u00fcreci, USA uygulamalar\u0131, otomasyon sistemlerinin bu s\u00fcrece uyumlu hale gelmesi gibi konunun t\u00fcm y\u00f6nleri ile anlat\u0131laca\u011f\u0131 bir sunumu i\u00e7ermektedir. <a href=\"http:\/\/www.bbyhaber.com\/bby\/wp-content\/uploads\/dosyalar\/rda\/rda-brosur-turkish.pdf\" target=\"_blank\">RDA<\/a> konusunda \u00a0USA\u2019daki se\u00e7kin otoriteler aras\u0131nda olan Sevim t\u00fcm deneyimlerini ayr\u0131ca d\u00fczenlenecek bir soru-cevap b\u00f6l\u00fcm\u00fc ile \u00a0bizimle payla\u015facak.<\/p>\n<p style=\"text-align: justify;\">\u00d6neri ve yorumlar\u0131n\u0131z\u0131 bekliyoruz. L\u00fctfen olas\u0131 konu\u015fmac\u0131lar ve\u00a0bildiri konular\u0131\/ba\u015fl\u0131klar\u0131\u00a0ile ilgili fikirlerinizi <a href=\"mailto:gultekingurdal@iyte.edu.tr\">gultekingurdal@iyte.edu.tr<\/a> adresine yaz\u0131n\u0131z.<\/p>\n<p style=\"text-align: justify;\">1. Semantik A\u011f ve \u00dcst veri Sistemleri 2013 \u0130zmir Konferans\u0131\u2019na katk\u0131lar\u0131n\u0131z\u0131 ve kat\u0131l\u0131m\u0131n\u0131z\u0131 bekliyoruz.<\/p>\n<p style=\"text-align: justify;\"><span style=\"color: #0000ff;\"><strong><a href=\"http:\/\/meetings.ankos.gen.tr\/swms\/tr\/\" target=\"_blank\"><span style=\"color: #0000ff;\">Konferans web sayfas\u0131 ve kat\u0131l\u0131m i\u00e7in t\u0131klay\u0131n\u0131z<\/span><\/a><\/strong><\/span><\/p>\n<table border=\"0\" cellspacing=\"2\" cellpadding=\"5\" align=\"left\">\n<caption><strong>D\u00fczenleme Komitesi E\u015f Ba\u015fkanlar\u0131<\/strong><\/caption>\n<tbody>\n<tr>\n<td><strong>G\u00fcltekin G\u00fcrdal<\/strong><\/td>\n<td><strong>Profes\u00f6r Ya\u015far Tonta<\/strong><\/td>\n<\/tr>\n<tr>\n<td>\u0130zmir Y\u00fcksek Teknoloji Enstit\u00fcs\u00fc<\/td>\n<td>Hacettepe \u00dcniversitesi<\/td>\n<\/tr>\n<tr>\n<td><a href=\"mailto:gultekingurdal@iyte.edu.tr\">gultekingurdal@iyte.edu.tr<\/a><\/td>\n<td><a href=\"mailto:tonta@hacettepe.edu.tr\">tonta@hacettepe.edu.tr<\/a><\/td>\n<\/tr>\n<\/tbody>\n<\/table>\n<p style=\"text-align: justify;\">\n","protected":false},"excerpt":{"rendered":"<p>Tema: \u201cBibliyografik Tan\u0131mlama ve Eri\u015fimin Gelece\u011fi\u201d 07-08 Mart 2013, Urla, \u00a0\u0130zmir,\u00a0T\u00fcrkiye Bilgi eri\u015fim genelde ilk olarak bilgi kaynaklar\u0131n\u0131 temsil eden kataloglar taranarak ve sonra kitap gibi bilgi bar\u0131nd\u0131ran nesnelere fiziksel eri\u015fim sa\u011flanarak ger\u00e7ekle\u015fir. Bilgi kaynaklar\u0131n\u0131 temsil eden kart ve \u00e7evrimi\u00e7i kataloglar ge\u00e7mi\u015fte k\u00fct\u00fcphane kullan\u0131c\u0131lar\u0131na olduk\u00e7a iyi hizmet vermi\u015ftir. Ancak 20. y\u00fczy\u0131lda geli\u015ftirilen ve uygulanan kataloglama [&hellip;]<\/p>\n","protected":false},"author":1,"featured_media":0,"comment_status":"open","ping_status":"open","sticky":false,"template":"","format":"standard","meta":{"footnotes":""},"categories":[1601],"tags":[1015,1395,458,1088,461,452,453],"class_list":["post-9206","post","type-post","status-publish","format-standard","hentry","category-rda","tag-ankos","tag-bby-mesleki-etkinlikler-arsivi","tag-frbr","tag-gultekin-gurdal","tag-marc","tag-semantik-ag","tag-ust-veri-sistemleri"],"_links":{"self":[{"href":"https:\/\/www.bbyhaber.com\/bby\/wp-json\/wp\/v2\/posts\/9206"}],"collection":[{"href":"https:\/\/www.bbyhaber.com\/bby\/wp-json\/wp\/v2\/posts"}],"about":[{"href":"https:\/\/www.bbyhaber.com\/bby\/wp-json\/wp\/v2\/types\/post"}],"author":[{"embeddable":true,"href":"https:\/\/www.bbyhaber.com\/bby\/wp-json\/wp\/v2\/users\/1"}],"replies":[{"embeddable":true,"href":"https:\/\/www.bbyhaber.com\/bby\/wp-json\/wp\/v2\/comments?post=9206"}],"version-history":[{"count":1,"href":"https:\/\/www.bbyhaber.com\/bby\/wp-json\/wp\/v2\/posts\/9206\/revisions"}],"predecessor-version":[{"id":25279,"href":"https:\/\/www.bbyhaber.com\/bby\/wp-json\/wp\/v2\/posts\/9206\/revisions\/25279"}],"wp:attachment":[{"href":"https:\/\/www.bbyhaber.com\/bby\/wp-json\/wp\/v2\/media?parent=9206"}],"wp:term":[{"taxonomy":"category","embeddable":true,"href":"https:\/\/www.bbyhaber.com\/bby\/wp-json\/wp\/v2\/categories?post=9206"},{"taxonomy":"post_tag","embeddable":true,"href":"https:\/\/www.bbyhaber.com\/bby\/wp-json\/wp\/v2\/tags?post=9206"}],"curies":[{"name":"wp","href":"https:\/\/api.w.org\/{rel}","templated":true}]}}