{"id":920,"date":"2011-06-03T17:48:03","date_gmt":"2011-06-03T17:48:03","guid":{"rendered":"http:\/\/www.bbyhaber.com\/bby\/?p=920"},"modified":"2012-08-02T23:36:47","modified_gmt":"2012-08-02T20:36:47","slug":"doc-dr-huseyin-odabas%e2%80%99tan-kutuphanecilik-arastirmasi","status":"publish","type":"post","link":"https:\/\/www.bbyhaber.com\/bby\/2011\/06\/03\/doc-dr-huseyin-odabas%e2%80%99tan-kutuphanecilik-arastirmasi","title":{"rendered":"Do\u00e7.Dr.H\u00fcseyin Odaba\u015f\u2019tan k\u00fct\u00fcphanecilik ara\u015ft\u0131rmas\u0131"},"content":{"rendered":"<p style=\"text-align: justify;\" align=\"justify\">T\u00fcrkiye\u2019nin farkl\u0131 b\u00f6lgelerinden 5 ayr\u0131 ilde yap\u0131lan \u2018K\u00fct\u00fcphane Ara\u015ft\u0131rmas\u0131\u2019ndan ilgin\u00e7 sonu\u00e7lar ortaya \u00e7\u0131kt\u0131. Aralar\u0131nda Erzurum\u2019un da bulundu\u011fu 5 ilde yap\u0131lan ara\u015ft\u0131rma, Atat\u00fcrk \u00dcniversitesi Edebiyat Fak\u00fcltesi Bilgi ve Belge Y\u00f6netimi B\u00f6l\u00fcm\u00fc \u00d6\u011fretim \u00dcyesi Do\u00e7. Dr. H\u00fcseyin Odaba\u015f taraf\u0131ndan yap\u0131lan ara\u015ft\u0131rmada, halk k\u00fct\u00fcphanelerinin, sahip olduklar\u0131 olanaklar\u0131n T\u00fcrkiye\u2019nin farkl\u0131 illeri aras\u0131ndaki e\u015fitlik d\u00fczeyi analiz edildi. <!--more-->Artvin, Ayd\u0131n, Bal\u0131kesir, Erzurum ve Van illerini kapsayan ara\u015ft\u0131rmada, n\u00fcfus ba\u015f\u0131na d\u00fc\u015fen k\u00fct\u00fcphane say\u0131s\u0131, n\u00fcfusa oranla kitap say\u0131s\u0131 ve ki\u015fi ba\u015f\u0131na d\u00fc\u015fen k\u00fct\u00fcphane b\u00fct\u00e7esi gibi veriler tespit edilirken, Erzurum \u00f6zelindeki detaylar da g\u00fcn y\u00fcz\u00fcne \u00e7\u0131kt\u0131. Ara\u015ft\u0131rmaya g\u00f6re, 774 bin 967 ki\u015filik n\u00fcfusa sahip olan Erzurum\u2019da, k\u00fct\u00fcphanesi olan \u015fehir merkezlerinin toplam\u0131, 476 bin 205 olarak saptan\u0131rken, her on bin ki\u015filik n\u00fcfus ba\u015f\u0131na d\u00fc\u015fen k\u00fct\u00fcphane say\u0131s\u0131 ise, 0,44 adet oldu. S\u00f6z konusu iller i\u00e7erisinde, k\u00fct\u00fcphane say\u0131s\u0131 Erzurum\u2019dan fazla olan Bal\u0131kesir\u2019de, on bin ki\u015fi ba\u015f\u0131na d\u00fc\u015fen k\u00fct\u00fcphane say\u0131s\u0131 0,36 olurken, Erzurum\u2019a ait ortalaman\u0131n, T\u00fcrkiye ortalamas\u0131 ile \u00f6rt\u00fc\u015ft\u00fc\u011f\u00fc kaydedildi.<\/p>\n<p style=\"text-align: justify;\" align=\"justify\">ODABA\u015e: K\u00dcT\u00dcPHANE H\u0130ZMETLER\u0130N\u0130N \u0130LLERE G\u00d6RE E\u015e\u0130TL\u0130K D\u00dcZEY\u0130N\u0130 \u00d6L\u00c7T\u00dcK<\/p>\n<p style=\"text-align: justify;\" align=\"justify\">Atat\u00fcrk \u00dcniversitesi Edebiyat Fak\u00fcltesi Bilgi ve Belge Y\u00f6netimi B\u00f6l\u00fcm\u00fc \u00d6\u011fretim \u00dcyesi Do\u00e7. Dr. H\u00fcseyin Odaba\u015f, toplumun e\u011fitiminde ve ayd\u0131nlanmas\u0131nda s\u00f6z sahibi olan ba\u015fl\u0131ca kurulu\u015flar\u0131n ba\u015f\u0131nda okullar\u0131n geldi\u011fini s\u00f6yledi. Halk k\u00fct\u00fcphanelerinin ise, e\u011fitim ve ayd\u0131nlanma s\u00fcrecinde toplumun bilgi gereksinimlerini kar\u015f\u0131layan kurulu\u015flar oldu\u011funa dikkati \u00e7eken Odaba\u015f, halk k\u00fct\u00fcphanelerinin sahip olduklar\u0131 olanaklar\u0131n, T\u00fcrkiye\u2019nin farkl\u0131 illeri aras\u0131nda ne d\u00fczeyde e\u015fit oldu\u011funu saptayabilmek i\u00e7in bir ara\u015ft\u0131rma yapt\u0131klar\u0131n\u0131 belirtti. Artvin, Ayd\u0131n, Bal\u0131kesir, Erzurum ve Van illerini kapsayan ara\u015ft\u0131rman\u0131n, iller ve il\u00e7eler aras\u0131nda \u00f6nemli d\u00fczeyde e\u015fitsizli\u011fin bulundu\u011funu g\u00f6sterdi\u011fini vurgulayan Odaba\u015f, \u201cT\u00fcrkiye\u2019de genellikle kamu hizmetlerinin \u00f6nemli bir b\u00f6l\u00fcm\u00fc benzer \u00f6zellikleri olan yerle\u015fim birimlerinde e\u015fit \u015fekilde sunulmamaktad\u0131r. Di\u011fer bir ifadeyle kimi yerle\u015fim birimleri, di\u011ferlerine oranla kamu hizmetlerinden daha nitelikli ko\u015fullarda yararlanmaktad\u0131rlar. Halk k\u00fct\u00fcphanesi hizmetlerinde de benzer bir durum ya\u015fanmaktad\u0131r. Yapt\u0131\u011f\u0131m\u0131z bu ara\u015ft\u0131rma, yola \u00e7\u0131kt\u0131\u011f\u0131m\u0131z bu varsay\u0131m\u0131 do\u011frulam\u0131\u015ft\u0131r.\u201d diye konu\u015ftu.<\/p>\n<p style=\"text-align: justify;\" align=\"justify\">ERZURUM\u2019DA HER ON B\u0130N K\u0130\u015e\u0130L\u0130K N\u00dcFUSA, 0,44 ADET K\u00dcT\u00dcPHANE D\u00dc\u015e\u00dcYOR\u2026<\/p>\n<p style=\"text-align: justify;\" align=\"justify\">N\u00fcfus ba\u015f\u0131na d\u00fc\u015fen k\u00fct\u00fcphane say\u0131s\u0131, n\u00fcfusa oranla kitap say\u0131s\u0131 ve ki\u015fi ba\u015f\u0131na d\u00fc\u015fen k\u00fct\u00fcphane b\u00fct\u00e7esi gibi verilerin tespit edildi\u011fi ara\u015ft\u0131rmada, Erzurum \u00f6zelindeki detaylar\u0131nda da ortaya \u00e7\u0131kt\u0131\u011f\u0131n\u0131 anlatan Odaba\u015f, \u201cAra\u015ft\u0131rmaya dahil etti\u011fimiz 5 ilde, on bin ki\u015filik n\u00fcfus ba\u015f\u0131na d\u00fc\u015fen k\u00fct\u00fcphane say\u0131s\u0131 ortalamas\u0131 0,47\u2019dir. Bulgular, yaln\u0131zca Erzurum ilinin ortalama ile \u00f6rt\u00fc\u015ft\u00fc\u011f\u00fcn\u00fc ve Artvin\u2019de de, ortalaman\u0131n \u00e7ok \u00fcst\u00fcnde bir de\u011fere ula\u015ft\u0131\u011f\u0131n\u0131 g\u00f6steriyor. Yani Erzurum\u2019da, her on bin ki\u015filik n\u00fcfusa, 0,44 adet k\u00fct\u00fcphane d\u00fc\u015fmektedir.\u201d dedi.<\/p>\n<p style=\"text-align: justify;\" align=\"justify\">Do\u00e7. Dr. H\u00fcseyin Odaba\u015f, n\u00fcfusuna oranla kitap say\u0131s\u0131 y\u00fcksek k\u00fct\u00fcphanelere sahip il\u00e7elerin \u00f6nemli bir k\u0131sm\u0131n\u0131n da, yine Erzurum\u2019la birlikte Artvin\u2019de bulundu\u011funu aktararak, k\u00fct\u00fcphanelerin b\u00fct\u00e7eleriyle n\u00fcfus aras\u0131nda ili\u015fkiye de de\u011findi. \u0130llerde 100 ki\u015fi ba\u015f\u0131na d\u00fc\u015fen k\u00fct\u00fcphane b\u00fct\u00e7esi ortalamas\u0131n\u0131n, 238 TL oldu\u011funu vurgulayan Odaba\u015f, \u201cVeriler, iller aras\u0131nda \u00f6nemli miktarlarda b\u00fct\u00e7e e\u015fitsizliklerinin oldu\u011funu g\u00f6stermektedir. \u00d6rne\u011fin Artvin\u2019deki halk k\u00fct\u00fcphaneleri ki\u015fi ba\u015f\u0131na 5,81 TL\u2019lik bir b\u00fct\u00e7eye sahipken, Erzurum\u2019da ise, ki\u015fi ba\u015f\u0131na d\u00fc\u015fen k\u00fct\u00fcphane b\u00fct\u00e7esi 1,85 TL olarak ger\u00e7ekle\u015ftirmi\u015ftir.\u201d \u015feklinde konu\u015ftu.<\/p>\n<p style=\"text-align: justify;\" align=\"justify\">ARA\u015eTIRMANIN SONUCU: K\u00dcT\u00dcPHANE H\u0130ZMETLER\u0130 E\u015e\u0130T DA\u011eITILMIYOR<\/p>\n<p style=\"text-align: justify;\" align=\"justify\">Do\u00e7. Dr. H\u00fcseyin Odaba\u015f, ara\u015ft\u0131rmada n\u00fcfus ba\u015f\u0131na d\u00fc\u015fen k\u00fct\u00fcphaneci ve k\u00fct\u00fcphanelerde istihdam edilen y\u00fcksek okul mezunu personele d\u00fc\u015fen n\u00fcfusun ara\u015ft\u0131r\u0131ld\u0131\u011f\u0131n\u0131 belirterek, \u201cY\u00fcksekokul mezunu personel ba\u015f\u0131na d\u00fc\u015fen n\u00fcfus, Erzurum\u2019da 58 bin olarak ger\u00e7ekle\u015firken, bu oran Artvin\u2019de 8 bin 100, Ayd\u0131n\u2019da 15 bin, Bal\u0131kesir\u2019de 31 bin ve Van\u2019da ise, 71 bin olmu\u015ftur.\u201d dedi. Ara\u015ft\u0131rmadan elde ettikleri sonu\u00e7lar\u0131n, k\u00fct\u00fcphane hizmetlerinde il ve il\u00e7eler aras\u0131nda e\u015fitsizli\u011fin bulundu\u011funu g\u00f6zler \u00f6n\u00fcne serdi\u011fini dile getirdi. Odaba\u015f, \u201cAra\u015ft\u0131rmam\u0131z g\u00f6steriyor ki, \u201cHalk k\u00fct\u00fcphanelerinin, sahip olduklar\u0131 olanaklar, T\u00fcrkiye\u2019nin farkl\u0131 illeri aras\u0131ndaki e\u015fitli\u011fe sahip de\u011fil. Yani, e\u015fit olmayan \u00e7e\u015fitli kamu yat\u0131r\u0131mlar\u0131 gibi, k\u00fct\u00fcphane hizmetleri de, illere ve b\u00f6lgelere de\u011fi\u015fkenlik g\u00f6steriyor.\u201d dedi.\u00a0<strong><\/strong><\/p>\n<p style=\"text-align: justify;\" align=\"justify\">Kaynak: <a href=\"http:\/\/www.erzurumgazetesi.com.tr\/\" target=\"_blank\">http:\/\/www.erzurumgazetesi.com.tr<\/a><\/p>\n","protected":false},"excerpt":{"rendered":"<p>T\u00fcrkiye\u2019nin farkl\u0131 b\u00f6lgelerinden 5 ayr\u0131 ilde yap\u0131lan \u2018K\u00fct\u00fcphane Ara\u015ft\u0131rmas\u0131\u2019ndan ilgin\u00e7 sonu\u00e7lar ortaya \u00e7\u0131kt\u0131. Aralar\u0131nda Erzurum\u2019un da bulundu\u011fu 5 ilde yap\u0131lan ara\u015ft\u0131rma, Atat\u00fcrk \u00dcniversitesi Edebiyat Fak\u00fcltesi Bilgi ve Belge Y\u00f6netimi B\u00f6l\u00fcm\u00fc \u00d6\u011fretim \u00dcyesi Do\u00e7. Dr. H\u00fcseyin Odaba\u015f taraf\u0131ndan yap\u0131lan ara\u015ft\u0131rmada, halk k\u00fct\u00fcphanelerinin, sahip olduklar\u0131 olanaklar\u0131n T\u00fcrkiye\u2019nin farkl\u0131 illeri aras\u0131ndaki e\u015fitlik d\u00fczeyi analiz edildi.<\/p>\n","protected":false},"author":1,"featured_media":0,"comment_status":"open","ping_status":"open","sticky":false,"template":"","format":"standard","meta":{"footnotes":""},"categories":[1],"tags":[106,107],"class_list":["post-920","post","type-post","status-publish","format-standard","hentry","category-genel","tag-huseyin-odabas","tag-kutuphanecilik-arastirmasi"],"_links":{"self":[{"href":"https:\/\/www.bbyhaber.com\/bby\/wp-json\/wp\/v2\/posts\/920"}],"collection":[{"href":"https:\/\/www.bbyhaber.com\/bby\/wp-json\/wp\/v2\/posts"}],"about":[{"href":"https:\/\/www.bbyhaber.com\/bby\/wp-json\/wp\/v2\/types\/post"}],"author":[{"embeddable":true,"href":"https:\/\/www.bbyhaber.com\/bby\/wp-json\/wp\/v2\/users\/1"}],"replies":[{"embeddable":true,"href":"https:\/\/www.bbyhaber.com\/bby\/wp-json\/wp\/v2\/comments?post=920"}],"version-history":[{"count":0,"href":"https:\/\/www.bbyhaber.com\/bby\/wp-json\/wp\/v2\/posts\/920\/revisions"}],"wp:attachment":[{"href":"https:\/\/www.bbyhaber.com\/bby\/wp-json\/wp\/v2\/media?parent=920"}],"wp:term":[{"taxonomy":"category","embeddable":true,"href":"https:\/\/www.bbyhaber.com\/bby\/wp-json\/wp\/v2\/categories?post=920"},{"taxonomy":"post_tag","embeddable":true,"href":"https:\/\/www.bbyhaber.com\/bby\/wp-json\/wp\/v2\/tags?post=920"}],"curies":[{"name":"wp","href":"https:\/\/api.w.org\/{rel}","templated":true}]}}