{"id":9197,"date":"2013-01-28T09:23:56","date_gmt":"2013-01-28T07:23:56","guid":{"rendered":"http:\/\/www.bbyhaber.com\/bby\/?p=9197"},"modified":"2013-01-28T09:24:54","modified_gmt":"2013-01-28T07:24:54","slug":"gezici-kutuphane-tokat","status":"publish","type":"post","link":"https:\/\/www.bbyhaber.com\/bby\/2013\/01\/28\/gezici-kutuphane-tokat","title":{"rendered":"Gezici k\u00fct\u00fcphane K\u0131z\u0131k K\u00f6y\u00fc&#8217;nde-Tokat"},"content":{"rendered":"<p style=\"text-align: justify;\"><a href=\"http:\/\/www.tokatgazetesi.com\/hll_haber_detay.php?id=16663#.UQYm2h002GS\" target=\"_blank\">tokatgazetesi.com<\/a>&#8216;un haber i\u00e7eri\u011fine g\u00f6re; Tokat \u0130l Halk K\u00fct\u00fcphanesi\u2019nin gezici k\u00fct\u00fcphanesi, 2012 y\u0131l\u0131nda bir il\u00e7e, yirmi kasaba ve k\u00f6yde okullara kitap da\u011f\u0131tt\u0131. 2012 y\u0131l\u0131 program\u0131nda son k\u00f6y olarak gidilecek K\u0131z\u0131k K\u00f6y\u00fc\u2019ne hava \u015fartlar\u0131 nedeniyle gidilememi\u015fti. Ge\u00e7ti\u011fimiz g\u00fcnlerde yollar\u0131n karla kapl\u0131 olmas\u0131na ra\u011fmen K\u0131z\u0131k K\u00f6y\u00fc\u2019ne giden Gezici K\u00fct\u00fcphane Arac\u0131, k\u00f6ye yak\u0131n bir yerde kara saplan\u0131p, yolda kald\u0131.<!--more--> Okul \u00f6\u011fretmenlerinden Yusuf \u00c7i\u011fdem\u2019in geli\u015fi ve yard\u0131m edi\u015fiyle sapland\u0131\u011f\u0131 yerden kurtulan ve k\u00f6ye \u00e7\u0131kan Gezici K\u00fct\u00fcphane\u2019nin getirdi\u011fi kitaplar\u0131 \u00f6\u011frenciler b\u00fcy\u00fck bir hevesle se\u00e7ti.<\/p>\n<p><a href=\"http:\/\/www.tokatgazetesi.com\/images\/news\/182.jpg\"><img loading=\"lazy\" decoding=\"async\" class=\"alignnone\" src=\"http:\/\/www.tokatgazetesi.com\/images\/news\/182.jpg\" alt=\"\" width=\"424\" height=\"161\" \/><\/a><\/p>\n","protected":false},"excerpt":{"rendered":"<p>tokatgazetesi.com&#8216;un haber i\u00e7eri\u011fine g\u00f6re; Tokat \u0130l Halk K\u00fct\u00fcphanesi\u2019nin gezici k\u00fct\u00fcphanesi, 2012 y\u0131l\u0131nda bir il\u00e7e, yirmi kasaba ve k\u00f6yde okullara kitap da\u011f\u0131tt\u0131. 2012 y\u0131l\u0131 program\u0131nda son k\u00f6y olarak gidilecek K\u0131z\u0131k K\u00f6y\u00fc\u2019ne hava \u015fartlar\u0131 nedeniyle gidilememi\u015fti. Ge\u00e7ti\u011fimiz g\u00fcnlerde yollar\u0131n karla kapl\u0131 olmas\u0131na ra\u011fmen K\u0131z\u0131k K\u00f6y\u00fc\u2019ne giden Gezici K\u00fct\u00fcphane Arac\u0131, k\u00f6ye yak\u0131n bir yerde kara saplan\u0131p, yolda kald\u0131.<\/p>\n","protected":false},"author":1,"featured_media":0,"comment_status":"open","ping_status":"open","sticky":false,"template":"","format":"standard","meta":{"footnotes":""},"categories":[1,1486],"tags":[1440,848],"class_list":["post-9197","post","type-post","status-publish","format-standard","hentry","category-genel","category-gezici-kutuphane","tag-gezici-kutuphaneler","tag-halk-kutuphaneleri"],"_links":{"self":[{"href":"https:\/\/www.bbyhaber.com\/bby\/wp-json\/wp\/v2\/posts\/9197"}],"collection":[{"href":"https:\/\/www.bbyhaber.com\/bby\/wp-json\/wp\/v2\/posts"}],"about":[{"href":"https:\/\/www.bbyhaber.com\/bby\/wp-json\/wp\/v2\/types\/post"}],"author":[{"embeddable":true,"href":"https:\/\/www.bbyhaber.com\/bby\/wp-json\/wp\/v2\/users\/1"}],"replies":[{"embeddable":true,"href":"https:\/\/www.bbyhaber.com\/bby\/wp-json\/wp\/v2\/comments?post=9197"}],"version-history":[{"count":0,"href":"https:\/\/www.bbyhaber.com\/bby\/wp-json\/wp\/v2\/posts\/9197\/revisions"}],"wp:attachment":[{"href":"https:\/\/www.bbyhaber.com\/bby\/wp-json\/wp\/v2\/media?parent=9197"}],"wp:term":[{"taxonomy":"category","embeddable":true,"href":"https:\/\/www.bbyhaber.com\/bby\/wp-json\/wp\/v2\/categories?post=9197"},{"taxonomy":"post_tag","embeddable":true,"href":"https:\/\/www.bbyhaber.com\/bby\/wp-json\/wp\/v2\/tags?post=9197"}],"curies":[{"name":"wp","href":"https:\/\/api.w.org\/{rel}","templated":true}]}}