{"id":9188,"date":"2013-01-27T21:53:38","date_gmt":"2013-01-27T19:53:38","guid":{"rendered":"http:\/\/www.bbyhaber.com\/bby\/?p=9188"},"modified":"2015-02-24T09:42:18","modified_gmt":"2015-02-24T07:42:18","slug":"ucler-ilkokulunda-z-kutuphane-acildi-denizli","status":"publish","type":"post","link":"https:\/\/www.bbyhaber.com\/bby\/2013\/01\/27\/ucler-ilkokulunda-z-kutuphane-acildi-denizli","title":{"rendered":"\u00dc\u00e7ler \u0130lkokulunda Z-K\u00fct\u00fcphane A\u00e7\u0131ld\u0131-Denizli"},"content":{"rendered":"<p style=\"text-align: justify;\">&#8220;Okullar Hayat Olsun&#8221; projesi kapsam\u0131nda okuma k\u00fclt\u00fcr\u00fcn\u00fcn geli\u015ftirilmesi i\u00e7in bilgisayardan elektronik e\u011fitim materyallerine, internetten zeka oyunlar\u0131na kadar \u00e7ocuklar\u0131n ilgisini \u00e7ekebilecek bir\u00e7ok materyalin bulundu\u011fu Z-k\u00fct\u00fcphane a\u00e7\u0131l\u0131\u015f\u0131 \u00dc\u00e7ler \u0130lkokulunda yap\u0131ld\u0131. Z-K\u00fct\u00fcphanesinin a\u00e7\u0131l\u0131\u015f t\u00f6renine Milli E\u011fitim Bakanl\u0131\u011f\u0131 M\u00fcste\u015far Yard\u0131mc\u0131s\u0131 Merdan Tufan, \u00d6\u011fretmen Yeti\u015ftirme ve Geli\u015ftirme Genel M\u00fcd\u00fcr\u00fc \u00d6mer Bal\u0131bey, \u0130l Milli E\u011fitim M\u00fcd\u00fcr\u00fc Sebahattin Akg\u00fcl, okul m\u00fcd\u00fcrleri, \u00f6\u011fretmenler, \u00f6\u011frenciler ve veliler kat\u0131ld\u0131.<!--more--><\/p>\n<p style=\"text-align: justify;\">T\u00f6rende Z-K\u00fct\u00fcphaneleri tan\u0131tan \u0130l Milli E\u011fitim M\u00fcd\u00fcr\u00fc Sebahattin Akg\u00fcl; &#8221; \u00dc\u00e7lerde ilkokul ve ortaokul olarak faaliyet g\u00f6steren okulumuzda meter platformu taraf\u0131ndan tasarlanan formla k\u00fct\u00fcphanemiz zengin k\u00fct\u00fcphane olarak yeniden tasarland\u0131. Zenginle\u015ftirilmi\u015f k\u00fct\u00fcphane, internet ba\u011flant\u0131s\u0131 olmas\u0131yla internet okur-yazarl\u0131\u011f\u0131n\u0131n oldu\u011fu ve bilgiye ula\u015fman\u0131n rahat oldu\u011fu mekanlard\u0131r. \u0130lkokul ve orta\u00f6\u011fretim \u00f6\u011frencileri i\u00e7in tasarlanm\u0131\u015f olan bu mekanlar\u0131m\u0131zda k\u00fc\u00e7\u00fck \u00e7ocuklara y\u00f6nelik oturma gruplar\u0131, yeti\u015fkin insanlar i\u00e7in dinlenme oturma gruplar\u0131 ile kitap okuma b\u00f6l\u00fcmleri, masalar\u0131 ile internet kullanma b\u00f6l\u00fcmlerinden olu\u015fmaktad\u0131r. Z k\u00fct\u00fcphanelerin bir di\u011fer \u00f6zelli\u011fi de tasar\u0131mlar\u0131 ile k\u00fct\u00fcphaneye gelenleri ferah ortamlar\u0131 ile kendine \u00e7ekmesi ve cezbetmesidir. Bu g\u00fczel ortamlarda t\u00fcm \u00f6\u011frencilerimize \u00fcst\u00fcn ba\u015far\u0131lar diliyorum\u201d dedi.<\/p>\n<p style=\"text-align: justify;\">\u00d6\u011fretmen Yeti\u015ftirme ve Geli\u015ftirme Genel M\u00fcd\u00fcr\u00fc \u00d6mer Bal\u0131bey ise konu\u015fmas\u0131nda; \u201c B\u00f6lge \u0130sti\u015fare toplant\u0131s\u0131 m\u00fcnasebetiyle Denizli ilinde bulunmaktay\u0131z. Bug\u00fcn\u00a0 ilimizdeki bir \u00e7ok g\u00fczel okulu g\u00f6rme \u015fans\u0131n\u0131 bulduk. \u00dc\u00e7lerde bulunan bu okulumuzda d\u00fczen tertibat a\u00e7\u0131s\u0131ndan \u00e7ok iyi durumda ve \u00f6\u011frencilerimiz ile \u00f6\u011fretmenlerimizi \u00e7ok \u015fansl\u0131 buluyorum. K\u00fct\u00fcphanenin herkese hay\u0131rl\u0131 u\u011furlu olmas\u0131n\u0131 diliyorum\u201d dedi.<\/p>\n<p style=\"text-align: justify;\">Milli E\u011fitim Bakanl\u0131\u011f\u0131 M\u00fcste\u015far Yard\u0131mc\u0131s\u0131 Merdan Tufan konu\u015fmas\u0131nda; \u201c k\u00fct\u00fcphanelerimizden herkes istifade etmelidir. Herkes okumal\u0131 ve birbirlerine okumay\u0131 tavsiye etmeleri suretiyle \u00fclkemizin okuma oran\u0131n\u0131 imrendi\u011fimiz \u00fclkeler seviyesinin \u00fczerine \u00e7\u0131karma gayreti g\u00f6stermelidir. Herkese hay\u0131rl\u0131 olmas\u0131n\u0131 diler, \u00f6\u011fretmen ve \u00f6\u011frencilerimize ba\u015far\u0131lar dilerim\u201d dedi.<\/p>\n<p style=\"text-align: justify;\">Konu\u015fmalar\u0131n ard\u0131ndan a\u00e7\u0131l\u0131\u015f kurdelesini kesen protokol \u00fcyeleri, a\u00e7\u0131l\u0131\u015fa kat\u0131lanlarla birlikte Z-K\u00fct\u00fcphaneyi gezerek incelediler. \u0130limizde \u00dc\u00e7ler \u0130lkokulu ile birlikte ilk a\u015famada Saadet Eriko\u011flu \u0130lkokulu, K\u00f6m\u00fcrc\u00fco\u011flu \u0130lkokulu, Katip \u00c7elebi \u0130lkokulu ve Hac\u0131 Ahmet Paral\u0131 \u0130lkokullar\u0131nda Z-K\u00fct\u00fcphaneler olu\u015fturdu.<\/p>\n<p style=\"text-align: justify;\">Kaynak: http:\/\/denizlimeydan.com<\/p>\n","protected":false},"excerpt":{"rendered":"<p>&#8220;Okullar Hayat Olsun&#8221; projesi kapsam\u0131nda okuma k\u00fclt\u00fcr\u00fcn\u00fcn geli\u015ftirilmesi i\u00e7in bilgisayardan elektronik e\u011fitim materyallerine, internetten zeka oyunlar\u0131na kadar \u00e7ocuklar\u0131n ilgisini \u00e7ekebilecek bir\u00e7ok materyalin bulundu\u011fu Z-k\u00fct\u00fcphane a\u00e7\u0131l\u0131\u015f\u0131 \u00dc\u00e7ler \u0130lkokulunda yap\u0131ld\u0131. Z-K\u00fct\u00fcphanesinin a\u00e7\u0131l\u0131\u015f t\u00f6renine Milli E\u011fitim Bakanl\u0131\u011f\u0131 M\u00fcste\u015far Yard\u0131mc\u0131s\u0131 Merdan Tufan, \u00d6\u011fretmen Yeti\u015ftirme ve Geli\u015ftirme Genel M\u00fcd\u00fcr\u00fc \u00d6mer Bal\u0131bey, \u0130l Milli E\u011fitim M\u00fcd\u00fcr\u00fc Sebahattin Akg\u00fcl, okul m\u00fcd\u00fcrleri, \u00f6\u011fretmenler, [&hellip;]<\/p>\n","protected":false},"author":1,"featured_media":0,"comment_status":"open","ping_status":"open","sticky":false,"template":"","format":"standard","meta":{"footnotes":""},"categories":[1510],"tags":[845,1447],"class_list":["post-9188","post","type-post","status-publish","format-standard","hentry","category-z-kutuphane","tag-okul-kutuphaneleri","tag-z-zenginlestirilmis-kutuphaneler"],"_links":{"self":[{"href":"https:\/\/www.bbyhaber.com\/bby\/wp-json\/wp\/v2\/posts\/9188"}],"collection":[{"href":"https:\/\/www.bbyhaber.com\/bby\/wp-json\/wp\/v2\/posts"}],"about":[{"href":"https:\/\/www.bbyhaber.com\/bby\/wp-json\/wp\/v2\/types\/post"}],"author":[{"embeddable":true,"href":"https:\/\/www.bbyhaber.com\/bby\/wp-json\/wp\/v2\/users\/1"}],"replies":[{"embeddable":true,"href":"https:\/\/www.bbyhaber.com\/bby\/wp-json\/wp\/v2\/comments?post=9188"}],"version-history":[{"count":0,"href":"https:\/\/www.bbyhaber.com\/bby\/wp-json\/wp\/v2\/posts\/9188\/revisions"}],"wp:attachment":[{"href":"https:\/\/www.bbyhaber.com\/bby\/wp-json\/wp\/v2\/media?parent=9188"}],"wp:term":[{"taxonomy":"category","embeddable":true,"href":"https:\/\/www.bbyhaber.com\/bby\/wp-json\/wp\/v2\/categories?post=9188"},{"taxonomy":"post_tag","embeddable":true,"href":"https:\/\/www.bbyhaber.com\/bby\/wp-json\/wp\/v2\/tags?post=9188"}],"curies":[{"name":"wp","href":"https:\/\/api.w.org\/{rel}","templated":true}]}}