{"id":918,"date":"2011-06-10T17:45:31","date_gmt":"2011-06-10T17:45:31","guid":{"rendered":"http:\/\/www.bbyhaber.com\/bby\/?p=918"},"modified":"2012-06-06T19:52:49","modified_gmt":"2012-06-06T19:52:49","slug":"bilgi-toplulugu-%e2%80%8bkitap-destek-ii-cercevesin%e2%80%8bde-yapilan-afyonkaya%e2%80%8bbelen-ilkogretim-okulu-ziyareti","status":"publish","type":"post","link":"https:\/\/www.bbyhaber.com\/bby\/2011\/06\/10\/bilgi-toplulugu-%e2%80%8bkitap-destek-ii-cercevesin%e2%80%8bde-yapilan-afyonkaya%e2%80%8bbelen-ilkogretim-okulu-ziyareti","title":{"rendered":"Bilgi Toplulu\u011fu-\u200bKitap Destek II \u00c7er\u00e7evesin\u200bde Yap\u0131lan Afyon\/Kaya\u200bbelen \u0130lk\u00f6\u011fretim Okulu Ziyareti"},"content":{"rendered":"<p style=\"text-align: justify;\" align=\"justify\">&#8221; DTCF Bilgi Toplulu\u011fu\u2019nun 2 y\u0131ld\u0131r s\u00fcrd\u00fcrd\u00fc\u011f\u00fc ve ilerleyen y\u0131llarda da devam ettirmeyi planlad\u0131klar\u0131 k\u00f6y okullar\u0131 i\u00e7in \u201cKitap Destek!\u201d kampanyas\u0131n\u0131n ikinci aya\u011f\u0131; 7 Haziran 2011 Sal\u0131 g\u00fcn\u00fc Afyon, Kayabelen Kasabas\u0131\u2019nda yer alan Kayabelen \u0130lk\u00f6\u011fretim Okulu ziyaretiyle tamamland\u0131.<!--more--><\/p>\n<p style=\"text-align: justify;\" align=\"justify\">Kayabelen \u0130lk\u00f6\u011fretim Okulu\u2019nun k\u00fct\u00fcphanesi, g\u00f6t\u00fcr\u00fclen 2000+ adet kaynakla yeniden yap\u0131land\u0131r\u0131ld\u0131. Kitap deste\u011finin yan\u0131 s\u0131ra k\u0131rtasiye, oyuncak ve giysi deste\u011finde de bulunuldu. Okul \u00f6\u011frencileri ve \u00f6\u011fretmenleriyle, kasaba halk\u0131yla bir araya gelinerek; Prof. Dr. Say\u0131n Berin U. Yurdado\u011f ve Do\u00e7. Dr. Say\u0131n Oya G\u00fcrdal Tamdo\u011fan\u2019\u0131n s\u00f6yle\u015fileriyle ve topluluk \u00fcyelerinin sunumlar\u0131yla \u201cya\u015famboyu \u00f6\u011frenme, okuryazarl\u0131k ve k\u00fct\u00fcphane\u201d \u00fczerine bir toplant\u0131 yap\u0131ld\u0131.<\/p>\n<p style=\"text-align: justify;\" align=\"justify\">Bu kampanyada yer alan t\u00fcm destek\u00e7ilerimize, B\u00f6l\u00fcm hocalar\u0131m\u0131za, B\u00f6l\u00fcm arkada\u015flar\u0131m\u0131za, topluluk \u00fcyelerimize, bizi bu yolda asla yaln\u0131z b\u0131rakmayan Prof. Dr. Say\u0131n Berin U. Yurdado\u011f ve Do\u00e7. Dr. Say\u0131n Oya G\u00fcrdal Tamdo\u011fan\u2019a \u00e7ok te\u015fekk\u00fcr ediyor; \u201cKitap Destek III\u201cde yine hep birlikte olmay\u0131 diliyoruz. &#8221;\u00a0<strong><\/strong><\/p>\n<p style=\"text-align: justify;\" align=\"justify\">Topluluk Web Sayfas\u0131: <a href=\"http:\/\/bilgitoplulugu.org\/\" target=\"_blank\">http:\/\/bilgitoplulugu.org\/<\/a><\/p>\n<p style=\"text-align: justify;\" align=\"justify\">Kaynak: \u00d6zlem \u00c7ALTI (A.\u00dc. DTCF BBY B\u00f6l\u00fcm\u00fc Bilgi Toplulu\u011fu Ba\u015fkan\u0131)<\/p>\n","protected":false},"excerpt":{"rendered":"<p>&#8221; DTCF Bilgi Toplulu\u011fu\u2019nun 2 y\u0131ld\u0131r s\u00fcrd\u00fcrd\u00fc\u011f\u00fc ve ilerleyen y\u0131llarda da devam ettirmeyi planlad\u0131klar\u0131 k\u00f6y okullar\u0131 i\u00e7in \u201cKitap Destek!\u201d kampanyas\u0131n\u0131n ikinci aya\u011f\u0131; 7 Haziran 2011 Sal\u0131 g\u00fcn\u00fc Afyon, Kayabelen Kasabas\u0131\u2019nda yer alan Kayabelen \u0130lk\u00f6\u011fretim Okulu ziyaretiyle tamamland\u0131.<\/p>\n","protected":false},"author":1,"featured_media":0,"comment_status":"open","ping_status":"open","sticky":false,"template":"","format":"standard","meta":{"footnotes":""},"categories":[1532,1492,1494,1497],"tags":[1413],"class_list":["post-918","post","type-post","status-publish","format-standard","hentry","category-ankara-universitesi-bby-bilgi-toplulugu","category-kitap-destek","category-kitap-kampanyasi","category-kitap-toplama","tag-bby-bilgi-toplulugu-gruplari"],"_links":{"self":[{"href":"https:\/\/www.bbyhaber.com\/bby\/wp-json\/wp\/v2\/posts\/918"}],"collection":[{"href":"https:\/\/www.bbyhaber.com\/bby\/wp-json\/wp\/v2\/posts"}],"about":[{"href":"https:\/\/www.bbyhaber.com\/bby\/wp-json\/wp\/v2\/types\/post"}],"author":[{"embeddable":true,"href":"https:\/\/www.bbyhaber.com\/bby\/wp-json\/wp\/v2\/users\/1"}],"replies":[{"embeddable":true,"href":"https:\/\/www.bbyhaber.com\/bby\/wp-json\/wp\/v2\/comments?post=918"}],"version-history":[{"count":0,"href":"https:\/\/www.bbyhaber.com\/bby\/wp-json\/wp\/v2\/posts\/918\/revisions"}],"wp:attachment":[{"href":"https:\/\/www.bbyhaber.com\/bby\/wp-json\/wp\/v2\/media?parent=918"}],"wp:term":[{"taxonomy":"category","embeddable":true,"href":"https:\/\/www.bbyhaber.com\/bby\/wp-json\/wp\/v2\/categories?post=918"},{"taxonomy":"post_tag","embeddable":true,"href":"https:\/\/www.bbyhaber.com\/bby\/wp-json\/wp\/v2\/tags?post=918"}],"curies":[{"name":"wp","href":"https:\/\/api.w.org\/{rel}","templated":true}]}}