{"id":9176,"date":"2013-01-27T21:35:22","date_gmt":"2013-01-27T19:35:22","guid":{"rendered":"http:\/\/www.bbyhaber.com\/bby\/?p=9176"},"modified":"2013-11-27T17:27:12","modified_gmt":"2013-11-27T15:27:12","slug":"turk-kutuphaneciligi-cilt-26-sayi-460-yayin-yili-ozel-sayisi","status":"publish","type":"post","link":"https:\/\/www.bbyhaber.com\/bby\/2013\/01\/27\/turk-kutuphaneciligi-cilt-26-sayi-460-yayin-yili-ozel-sayisi","title":{"rendered":"T\u00fcrk K\u00fct\u00fcphanecili\u011fi: Cilt 26, Say\u0131 4 (2012) \/ 60. Yay\u0131n Y\u0131l\u0131 \u00d6zel Say\u0131s\u0131"},"content":{"rendered":"<p style=\"text-align: justify;\"><a href=\"http:\/\/www.bbyhaber.com\/bby\/wp-content\/uploads\/bby-dernek-logolar\/turk-kutuphaneciligi-dergi-kapagi.jpg\"><img loading=\"lazy\" decoding=\"async\" class=\"alignleft size-thumbnail wp-image-5238\" title=\"turk-kutuphaneciligi-dergi-kapagi\" src=\"http:\/\/www.bbyhaber.com\/bby\/wp-content\/uploads\/bby-dernek-logolar\/turk-kutuphaneciligi-dergi-kapagi.jpg\" alt=\"\" width=\"150\" height=\"107\" \/><\/a>T\u00fcrk K\u00fct\u00fcphanecili\u011fi &#8211; T\u00fcrk K\u00fct\u00fcphanecili\u011fi Dergisi&#8217;nin 60. Yay\u0131n Y\u0131l\u0131 \u00d6zel Say\u0131s\u0131. <strong>SON SAYI A\u00c7IK ER\u0130\u015e\u0130ML\u0130 DE\u011e\u0130LD\u0130R. <span style=\"color: #ff0000;\"><a href=\"http:\/\/tk.kutuphaneci.org.tr\/index.php\/tk\/announcement\/view\/2\" target=\"_blank\"><span style=\"color: #ff0000;\">Abonelik i\u00e7in t\u0131klay\u0131n\u0131z.<\/span><\/a><\/span><\/strong><!--more--><\/p>\n<p style=\"text-align: justify;\">\u0130\u00e7indekiler<\/p>\n<p><span style=\"color: #0000ff;\"><strong>Edit\u00f6rden<\/strong><\/span><\/p>\n<table style=\"width: 476px; height: 54px;\" width=\"476\">\n<tbody>\n<tr valign=\"top\">\n<td><a href=\"http:\/\/tk.kutuphaneci.org.tr\/index.php\/tk\/article\/view\/2418\" target=\"_blank\">T\u00fcrk K\u00fct\u00fcphanecili\u011fi\u2019nin 60 Y\u0131l\u0131<\/a><\/td>\n<td><\/td>\n<\/tr>\n<tr>\n<td>Tayfun M. G\u00fclle<\/td>\n<td><\/td>\n<\/tr>\n<\/tbody>\n<\/table>\n<p><strong><span style=\"color: #0000ff;\">Hakemli Yaz\u0131lar<\/span><\/strong><\/p>\n<table style=\"width: 477px; height: 54px;\" width=\"477\">\n<tbody>\n<tr valign=\"top\">\n<td><a href=\"http:\/\/tk.kutuphaneci.org.tr\/index.php\/tk\/article\/view\/2407\" target=\"_blank\">Bilim Eti\u011fi: \u0130nternetin Bilim Eti\u011fi \u00dczerine Etkileri<\/a><\/td>\n<td><\/td>\n<\/tr>\n<tr>\n<td>Mehmet Toplu<\/td>\n<td><\/td>\n<\/tr>\n<\/tbody>\n<\/table>\n<table style=\"width: 475px; height: 54px;\" width=\"475\">\n<tbody>\n<tr valign=\"top\">\n<td><a href=\"http:\/\/tk.kutuphaneci.org.tr\/index.php\/tk\/article\/view\/2408\" target=\"_blank\">Dergi Kendine At\u0131f\u0131n\u0131n Etkisi: Energy Education Science and Technology \u00d6rne\u011fi<\/a><\/td>\n<td><\/td>\n<\/tr>\n<tr>\n<td>Umut Al, \u0130rem Soydal<\/td>\n<td><\/td>\n<\/tr>\n<\/tbody>\n<\/table>\n<table style=\"width: 476px; height: 54px;\" width=\"476\">\n<tbody>\n<tr valign=\"top\">\n<td><a href=\"http:\/\/tk.kutuphaneci.org.tr\/index.php\/tk\/article\/view\/2409\" target=\"_blank\">Turizm Pazarlamas\u0131 Alan\u0131n\u0131n Bibliyometrik Pro\ufb01li (2000-2010) ve Bir At\u0131f Analizi \u00c7al\u0131\u015fmas\u0131<\/a><\/td>\n<td><\/td>\n<\/tr>\n<tr>\n<td>\u00c7a\u011f\u0131l Hale \u00d6zel, Nazmi Kozak<\/td>\n<td><\/td>\n<\/tr>\n<\/tbody>\n<\/table>\n<table style=\"width: 473px; height: 54px;\" width=\"473\">\n<tbody>\n<tr valign=\"top\">\n<td><a href=\"http:\/\/tk.kutuphaneci.org.tr\/index.php\/tk\/article\/view\/2410\" target=\"_blank\">Anatolia: Turizm Ara\u015ft\u0131rmalar\u0131 Dergisi\u2019nde Yay\u0131mlanan Hakem Denetimli Makalelerin Bibliyometrik Pro\ufb01li<\/a><\/td>\n<td><\/td>\n<\/tr>\n<tr>\n<td>D\u00f6n\u00fc\u015f \u00c7i\u00e7ek, Nazmi Kozak<\/td>\n<td><\/td>\n<\/tr>\n<\/tbody>\n<\/table>\n<p><span style=\"color: #0000ff;\"><strong>Konuk Yazar<\/strong><\/span><\/p>\n<table style=\"width: 472px; height: 54px;\" width=\"472\">\n<tbody>\n<tr valign=\"top\">\n<td><a href=\"http:\/\/tk.kutuphaneci.org.tr\/index.php\/tk\/article\/view\/2411\" target=\"_blank\">Sosyal Bilimler Enstit\u00fcs\u00fc Dergilerinin Problemleri ve \u00c7\u00f6z\u00fcm \u00d6nerileri<\/a><\/td>\n<td><\/td>\n<\/tr>\n<tr>\n<td>Turhan Ka\u00e7ar<\/td>\n<td><\/td>\n<\/tr>\n<\/tbody>\n<\/table>\n<p><span style=\"color: #0000ff;\"><strong>G\u00f6r\u00fc\u015fler<\/strong><\/span><\/p>\n<table style=\"width: 468px; height: 54px;\" width=\"468\">\n<tbody>\n<tr valign=\"top\">\n<td><a href=\"http:\/\/tk.kutuphaneci.org.tr\/index.php\/tk\/article\/view\/2412\" target=\"_blank\">Ahlak ve Meslek Ahlak\u0131na Ele\u015ftirel Bir Bak\u0131\u015f<\/a><\/td>\n<td><\/td>\n<\/tr>\n<tr>\n<td>Murat Y\u0131lmaz<\/td>\n<td><\/td>\n<\/tr>\n<\/tbody>\n<\/table>\n<table style=\"width: 466px; height: 54px;\" width=\"466\">\n<tbody>\n<tr valign=\"top\">\n<td><a href=\"http:\/\/tk.kutuphaneci.org.tr\/index.php\/tk\/article\/view\/2413\" target=\"_blank\">Tebriz (\u0130ran) \u00dcniversitesi Fars Dili ve Edebiyat\u0131 B\u00f6l\u00fcm\u00fc \u00d6\u011frencilerinin Okuma Al\u0131\u015fkanl\u0131klar\u0131 \u00dczerine Bir \u00c7al\u0131\u015fma<\/a><\/td>\n<td><\/td>\n<\/tr>\n<tr>\n<td>Jahangir Gholipour<\/td>\n<td><\/td>\n<\/tr>\n<\/tbody>\n<\/table>\n<p><strong><span style=\"color: #0000ff;\">Okuyucu Mektuplar\u0131<\/span><\/strong><\/p>\n<table style=\"width: 463px; height: 54px;\" width=\"463\">\n<tbody>\n<tr valign=\"top\">\n<td><a href=\"http:\/\/tk.kutuphaneci.org.tr\/index.php\/tk\/article\/view\/2414\" target=\"_blank\">Dijital \u00c7a\u011fda D\u00fcnya Belle\u011fi: Dijitalle\u015ftirme ve Koruma Konferans\u0131<\/a><\/td>\n<td><\/td>\n<\/tr>\n<tr>\n<td>Ya\u015far Tonta<\/td>\n<td><\/td>\n<\/tr>\n<\/tbody>\n<\/table>\n<table style=\"width: 462px; height: 54px;\" width=\"462\">\n<tbody>\n<tr valign=\"top\">\n<td><a href=\"http:\/\/tk.kutuphaneci.org.tr\/index.php\/tk\/article\/view\/2415\" target=\"_blank\">TKD Kamp\u00fcs: T\u00fcrk K\u00fct\u00fcphaneciler Derne\u011fi\u2019nin Gen\u00e7lik Grubu<\/a><\/td>\n<td><\/td>\n<\/tr>\n<tr>\n<td>Tu\u011fba K\u0131z\u0131l\u00f6z<\/td>\n<td><\/td>\n<\/tr>\n<\/tbody>\n<\/table>\n<p><strong><span style=\"color: #0000ff;\">Tan\u0131t\u0131m &#8211; De\u011ferlendirme<\/span><\/strong><\/p>\n<table style=\"width: 466px; height: 54px;\" width=\"466\">\n<tbody>\n<tr valign=\"top\">\n<td><a href=\"http:\/\/tk.kutuphaneci.org.tr\/index.php\/tk\/article\/view\/2416\" target=\"_blank\">Libraries in the early 21 century: An international perspective<\/a><\/td>\n<td><\/td>\n<\/tr>\n<tr>\n<td>N. Mehmet Topkarao\u011flu<\/td>\n<td><\/td>\n<\/tr>\n<\/tbody>\n<\/table>\n","protected":false},"excerpt":{"rendered":"<p>T\u00fcrk K\u00fct\u00fcphanecili\u011fi &#8211; T\u00fcrk K\u00fct\u00fcphanecili\u011fi Dergisi&#8217;nin 60. Yay\u0131n Y\u0131l\u0131 \u00d6zel Say\u0131s\u0131. SON SAYI A\u00c7IK ER\u0130\u015e\u0130ML\u0130 DE\u011e\u0130LD\u0130R. Abonelik i\u00e7in t\u0131klay\u0131n\u0131z.<\/p>\n","protected":false},"author":1,"featured_media":0,"comment_status":"open","ping_status":"open","sticky":false,"template":"","format":"standard","meta":{"footnotes":""},"categories":[],"tags":[1416],"class_list":["post-9176","post","type-post","status-publish","format-standard","hentry","tag-turk-kutuphaneciligi"],"_links":{"self":[{"href":"https:\/\/www.bbyhaber.com\/bby\/wp-json\/wp\/v2\/posts\/9176"}],"collection":[{"href":"https:\/\/www.bbyhaber.com\/bby\/wp-json\/wp\/v2\/posts"}],"about":[{"href":"https:\/\/www.bbyhaber.com\/bby\/wp-json\/wp\/v2\/types\/post"}],"author":[{"embeddable":true,"href":"https:\/\/www.bbyhaber.com\/bby\/wp-json\/wp\/v2\/users\/1"}],"replies":[{"embeddable":true,"href":"https:\/\/www.bbyhaber.com\/bby\/wp-json\/wp\/v2\/comments?post=9176"}],"version-history":[{"count":0,"href":"https:\/\/www.bbyhaber.com\/bby\/wp-json\/wp\/v2\/posts\/9176\/revisions"}],"wp:attachment":[{"href":"https:\/\/www.bbyhaber.com\/bby\/wp-json\/wp\/v2\/media?parent=9176"}],"wp:term":[{"taxonomy":"category","embeddable":true,"href":"https:\/\/www.bbyhaber.com\/bby\/wp-json\/wp\/v2\/categories?post=9176"},{"taxonomy":"post_tag","embeddable":true,"href":"https:\/\/www.bbyhaber.com\/bby\/wp-json\/wp\/v2\/tags?post=9176"}],"curies":[{"name":"wp","href":"https:\/\/api.w.org\/{rel}","templated":true}]}}