{"id":9165,"date":"2013-01-26T19:34:18","date_gmt":"2013-01-26T17:34:18","guid":{"rendered":"http:\/\/www.bbyhaber.com\/bby\/?p=9165"},"modified":"2016-01-27T11:14:07","modified_gmt":"2016-01-27T09:14:07","slug":"genc-unak-12-sayi","status":"publish","type":"post","link":"https:\/\/www.bbyhaber.com\/bby\/2013\/01\/26\/genc-unak-12-sayi","title":{"rendered":"Gen\u00e7 \u00dcNAK B\u00fclteni 12.Say\u0131"},"content":{"rendered":"<p style=\"text-align: justify;\"><img loading=\"lazy\" decoding=\"async\" class=\"alignleft\" src=\"http:\/\/www.bbyhaber.com\/bby\/wp-content\/uploads\/bby-forum-logolar\/gencunak.jpg\" alt=\"\" width=\"124\" height=\"93\" \/>Yeni y\u0131lda, yeni ya\u015f\u0131n\u0131 kutlayan\u00a0Gen\u00e7 \u00dcNAK B\u00fclteni tatilin ilk g\u00fcnlerinde &#8220;\u00e7ocuk ve k\u00fct\u00fcphane&#8221; temas\u0131yla sizlerle.<!--more--><\/p>\n<p>\u0130\u00e7indekiler:<\/p>\n<ul>\n<li><a href=\"http:\/\/gencunak.org\/bulten\/2013\/sayi-12\/item\/43-editorden.html\" target=\"_blank\">Edit\u00f6rden (Melisa GELBAL)<\/a><\/li>\n<li><a href=\"http:\/\/gencunak.org\/bulten\/2013\/sayi-12\/item\/44-meslegimizin-genc-yuzleri.html\" target=\"_blank\">Mesle\u011fimizin Gen\u00e7 Y\u00fczleri (Nevzat \u00d6zel)<\/a><\/li>\n<li><a href=\"http:\/\/gencunak.org\/bulten\/2013\/sayi-12\/item\/45-unak-2012-bilgi-deneyimi-konferanslari-ve-batman-universitesi.html\" target=\"_blank\">\u00dcNAK \u20182012 Bilgi Deneyimi Konferanslar\u0131\u2019 ve Batman \u00dcniversitesi (Muzaffer Bimay)<\/a><\/li>\n<li><a href=\"http:\/\/gencunak.org\/bulten\/2013\/sayi-12\/item\/46-emanet-odasi.html\" target=\"_blank\">Emanet Odas\u0131 (Mine Soysal)<\/a><\/li>\n<li><a href=\"http:\/\/gencunak.org\/bulten\/2013\/sayi-12\/item\/47-kutuphane-ve-cocuk.html\" target=\"_blank\">K\u00fct\u00fcphane ve \u00c7ocuk (Hale Kas\u0131ml\u0131)<\/a><\/li>\n<li><a href=\"http:\/\/gencunak.org\/bulten\/2013\/sayi-12\/item\/48-kutuphane-ve-cocuk-2.html\" target=\"_blank\">K\u00fct\u00fcphane ve \u00c7ocuk (G\u00f6zde Torun)<\/a><\/li>\n<li><a href=\"http:\/\/gencunak.org\/bulten\/2013\/sayi-12\/item\/49-cocuk-ve-kutuphane.html\" target=\"_blank\">\u00c7ocuk ve K\u00fct\u00fcphane (Esra Kara)<\/a><\/li>\n<li><a href=\"http:\/\/gencunak.org\/bulten\/2013\/sayi-12\/item\/50-yeni-yilda-saglik-mutluluk-huzur-ve-bir-de-kitap.html\" target=\"_blank\">Yeni y\u0131lda sa\u011fl\u0131k, mutluluk, huzur ve bir de kitap (F. Meri\u00e7 D\u0130R\u0130K)<\/a><\/li>\n<li><a href=\"http:\/\/gencunak.org\/bulten\/2013\/sayi-12\/item\/51-baskentli-cocuklar-oyuncakla-bulusuyor.html\" target=\"_blank\">Ba\u015fkentli \u00c7ocuklar Oyuncakla Bulu\u015fuyor (Gen\u00e7 \u00dcNAK)<\/a><\/li>\n<li><a href=\"http:\/\/gencunak.org\/bulten\/2013\/sayi-12\/item\/52-gecmisle-gelecek-arasinda-bir-kopru-olarak-sahaflik.html\" target=\"_blank\">Ge\u00e7mi\u015fle Gelecek Aras\u0131nda Bir K\u00f6pr\u00fc Olarak Sahafl\u0131k (Sefa Mustafa DHYI)<\/a><\/li>\n<li><a href=\"http:\/\/gencunak.org\/bulten\/2013\/sayi-12\/item\/53-muzede-bilgilenmek-atolye-calismasi.html\" target=\"_blank\">\u201cM\u00fczede Bilgilenmek\u201d At\u00f6lye \u00c7al\u0131\u015fmas\u0131 (\u00d6zlem \u00c7alt\u0131)<\/a><\/li>\n<li><a href=\"http:\/\/gencunak.org\/bulten\/2013\/sayi-12\/item\/55-networking-yapma-yollari.html\" target=\"_blank\">Networking Yapma Yollar\u0131 (Hakan Dikba\u015f)<\/a><\/li>\n<li><a href=\"http:\/\/gencunak.org\/bulten\/2013\/sayi-12\/item\/56-somogyi-halk-kutuphanesi.html\" target=\"_blank\">Somogyi Halk K\u00fct\u00fcphanesi (Nur\u015fah ARSLAN)<\/a><\/li>\n<li><a href=\"http:\/\/gencunak.org\/bulten\/2013\/sayi-12\/item\/54-elektronik-dijital-yayincilik.html\" target=\"_blank\">Elektronik \/ Dijital Yay\u0131nc\u0131l\u0131k (Serdin\u00e7 KAYA)<\/a><\/li>\n<\/ul>\n","protected":false},"excerpt":{"rendered":"<p>Yeni y\u0131lda, yeni ya\u015f\u0131n\u0131 kutlayan\u00a0Gen\u00e7 \u00dcNAK B\u00fclteni tatilin ilk g\u00fcnlerinde &#8220;\u00e7ocuk ve k\u00fct\u00fcphane&#8221; temas\u0131yla sizlerle.<\/p>\n","protected":false},"author":1,"featured_media":0,"comment_status":"open","ping_status":"open","sticky":false,"template":"","format":"standard","meta":{"footnotes":""},"categories":[1],"tags":[1413,52],"class_list":["post-9165","post","type-post","status-publish","format-standard","hentry","category-genel","tag-bby-bilgi-toplulugu-gruplari","tag-gencunak"],"_links":{"self":[{"href":"https:\/\/www.bbyhaber.com\/bby\/wp-json\/wp\/v2\/posts\/9165"}],"collection":[{"href":"https:\/\/www.bbyhaber.com\/bby\/wp-json\/wp\/v2\/posts"}],"about":[{"href":"https:\/\/www.bbyhaber.com\/bby\/wp-json\/wp\/v2\/types\/post"}],"author":[{"embeddable":true,"href":"https:\/\/www.bbyhaber.com\/bby\/wp-json\/wp\/v2\/users\/1"}],"replies":[{"embeddable":true,"href":"https:\/\/www.bbyhaber.com\/bby\/wp-json\/wp\/v2\/comments?post=9165"}],"version-history":[{"count":0,"href":"https:\/\/www.bbyhaber.com\/bby\/wp-json\/wp\/v2\/posts\/9165\/revisions"}],"wp:attachment":[{"href":"https:\/\/www.bbyhaber.com\/bby\/wp-json\/wp\/v2\/media?parent=9165"}],"wp:term":[{"taxonomy":"category","embeddable":true,"href":"https:\/\/www.bbyhaber.com\/bby\/wp-json\/wp\/v2\/categories?post=9165"},{"taxonomy":"post_tag","embeddable":true,"href":"https:\/\/www.bbyhaber.com\/bby\/wp-json\/wp\/v2\/tags?post=9165"}],"curies":[{"name":"wp","href":"https:\/\/api.w.org\/{rel}","templated":true}]}}