{"id":9155,"date":"2013-01-25T15:20:12","date_gmt":"2013-01-25T13:20:12","guid":{"rendered":"http:\/\/www.bbyhaber.com\/bby\/?p=9155"},"modified":"2013-01-25T15:22:20","modified_gmt":"2013-01-25T13:22:20","slug":"odul-inek-olunca-kutuphanede-kitap-kalmadi-van","status":"publish","type":"post","link":"https:\/\/www.bbyhaber.com\/bby\/2013\/01\/25\/odul-inek-olunca-kutuphanede-kitap-kalmadi-van","title":{"rendered":"\u00d6d\u00fcl &#8216;inek&#8217; olunca k\u00fct\u00fcphanede kitap kalmad\u0131-Van"},"content":{"rendered":"<p style=\"text-align: justify;\"><a href=\"http:\/\/imggaleri.hurriyet.com.tr\/LiveImages\/Foto%20Haber\/300\/Van%27da%20inek%20%c3%b6d%c3%bcll%c3%bc%20kitap%20okuma%20kampanyas%c4%b1\/A251204200.jpg\"><img loading=\"lazy\" decoding=\"async\" class=\"alignleft\" src=\"http:\/\/imggaleri.hurriyet.com.tr\/LiveImages\/Foto%20Haber\/300\/Van%27da%20inek%20%c3%b6d%c3%bcll%c3%bc%20kitap%20okuma%20kampanyas%c4%b1\/A251204200.jpg\" alt=\"\" width=\"280\" height=\"186\" \/><\/a>Van merkeze 30 kilometre uzakl\u0131ktaki Er\u00e7ek beldesinde bulunan \u00c7ok Programl\u0131 Lise&#8217;de g\u00f6rev yapan edebiyat \u00f6\u011fretmeni Zeynep Oral \u00f6nc\u00fcl\u00fc\u011f\u00fcnde, belde ve ba\u011fl\u0131 k\u00f6ylerdeki vatanda\u015flar\u0131 kitap okumaya te\u015fvik etmek amac\u0131yla okul idaresince ba\u015flat\u0131lan &#8216;inek&#8217; \u00f6d\u00fcll\u00fc kitap okuma kampanyas\u0131, k\u0131sa s\u00fcrede b\u00fcy\u00fck yank\u0131 buldu. Kampanyadan \u00f6nce 3 bin kitab\u0131n bulundu\u011fu okul k\u00fct\u00fcphanesindeki 2 bin 500 kitab\u0131 <!--more-->veliler ba\u015fta olmak \u00fczere belde halk\u0131na ve kampanyadan haberi olan \u00e7evre k\u00f6ylerdeki vatanda\u015flara da\u011f\u0131tan \u00f6\u011fretmenler, bir taraftan k\u00fct\u00fcphanede kalan 500 kitapla kampanyay\u0131 s\u00fcrd\u00fcrmeye \u00e7al\u0131\u015f\u0131rken, bir taraftan da yeni kitap bulman\u0131n tela\u015f\u0131n\u0131 ya\u015f\u0131yor.<\/p>\n<p style=\"text-align: justify;\">&#8220;BU KADAR \u0130LG\u0130 BEKLEM\u0130YORDUK&#8221;<\/p>\n<p style=\"text-align: justify;\">Edebiyat \u00f6\u011fretmeni Oral, AA muhabirine yapt\u0131\u011f\u0131 a\u00e7\u0131klamada, Mart ay\u0131n\u0131n son haftas\u0131nda kutlanan K\u00fct\u00fcphaneler Haftas\u0131&#8217;nda sona erecek kampanyaya bu kadar ilgi g\u00f6sterilece\u011fini tahmin etmediklerini belirterek, ama\u00e7lar\u0131n\u0131n velilere ve belde halk\u0131na kitap okuma al\u0131\u015fkanl\u0131\u011f\u0131 kazand\u0131rmak oldu\u011funu s\u00f6yledi.<\/p>\n<p style=\"text-align: justify;\">Kampanyaya, \u00f6zellikle \u00f6d\u00fcl\u00fcn &#8216;inek&#8217; oldu\u011funu duyan ki\u015filerin yo\u011fun ilgi g\u00f6sterdi\u011fini anlatan Oral, \u201cKampanyay\u0131 ilk ba\u015flatt\u0131\u011f\u0131m\u0131zda k\u00fct\u00fcphanemizde 3 bin kitap vard\u0131. \u0130nsanlar \u00f6d\u00fcl\u00fcn inek oldu\u011funu duyduktan sonra ciddi \u015fekilde bizden kitap talebinde bulunuyor ve ald\u0131klar\u0131 kitaplar\u0131n hepsini okuyor. Yar\u0131 y\u0131l tatilinde okulun kapal\u0131 olaca\u011f\u0131n\u0131 \u00f6\u011frenenler, bu hafta daha fazla kitap ald\u0131 ve \u015fu an k\u00fct\u00fcphanemiz bo\u015falm\u0131\u015f durumda. Bizlere kitap g\u00f6ndermek isteyen hay\u0131rseverlerden \u00f6zellikle okuma kitab\u0131 g\u00f6ndermelerini istiyoruz\u201d dedi.<\/p>\n<p style=\"text-align: justify;\">Oral, yakla\u015f\u0131k 5 ay s\u00fcrecek kampanyaya kat\u0131lanlar\u0131n, kitap okuma al\u0131\u015fkanl\u0131\u011f\u0131 kazanaca\u011f\u0131na inand\u0131\u011f\u0131n\u0131 bildirerek, b\u00f6ylesine g\u00fczel bir hizmete vesile olmaktan mutluluk duydu\u011funu ifade etti.<\/p>\n<p style=\"text-align: justify;\">&#8220;H\u0130\u00c7 K\u0130TAP KALMADI&#8221;<\/p>\n<p style=\"text-align: justify;\">Okulun T\u00fcrk Dili ve Edebiyat\u0131 \u00f6\u011fretmeni Ebru Memi\u015f de kap\u0131 kap\u0131, k\u00f6y k\u00f6y dola\u015f\u0131p \u00f6zellikle velileri kampanyaya dahil ettiklerine de\u011finerek, \u201cBu sayede \u00e7ok say\u0131da veliye ula\u015ft\u0131k ve en fazla kitap okuyan ki\u015fiye \u00f6d\u00fcl olarak inek verilece\u011fini anlatt\u0131k. Hepsi beklentimizin \u00fczerinde ilgi g\u00f6sterdi ve \u015fu anda kitab\u0131m\u0131z kalmad\u0131\u201d diye konu\u015ftu.<\/p>\n<p style=\"text-align: justify;\">Kampanyay\u0131 kitap olmadan y\u00fcr\u00fctemeyeceklerine dikkati \u00e7eken Memi\u015f, yay\u0131nevlerinden okullar\u0131na roman, hikaye tarz\u0131 kitap yard\u0131m\u0131nda bulunmalar\u0131n\u0131 istedi.<\/p>\n<p style=\"text-align: justify;\">Kampanyaya kat\u0131lan Er\u00e7ek Belediye Ba\u015fkan\u0131 Orhan Ba\u011flay\u0131c\u0131 ise \u00e7ocu\u011funun da ayn\u0131 okulda e\u011fitim g\u00f6rd\u00fc\u011f\u00fcn\u00fc ve kampanyaya veli olarak kat\u0131ld\u0131\u011f\u0131n\u0131 belirtti. Belediyede \u00e7al\u0131\u015fan personellerin de kampanyaya kat\u0131lmalar\u0131na arac\u0131l\u0131k etti\u011fini bildiren Ba\u011flay\u0131c\u0131, amac\u0131n\u0131n hem kitap okumak hem de personele \u00f6rnek olmak oldu\u011funu dile getirdi.<\/p>\n<p style=\"text-align: justify;\">Kampanyada g\u00f6rev alan okul m\u00fcd\u00fcr\u00fc Zeynel Abidin Akku\u015f ile \u00f6\u011fretmenleri evine davet eden velilerden 60 ya\u015f\u0131ndaki Abdulgani G\u00fcrci ise \u015fimdiye kadar alt\u0131 kitap okudu\u011funu ve kitaplar\u0131 okuduk\u00e7a ufkunun geni\u015fledi\u011fini anlatt\u0131.<\/p>\n<p style=\"text-align: justify;\">\u00d6\u011fretmenlerin, T\u00fcrkiye&#8217;ye \u00f6rnek olacak bir kampanyaya imza att\u0131\u011f\u0131n\u0131n alt\u0131n\u0131 \u00e7izen G\u00fcrci, t\u00fcm kesimlerin Er\u00e7ek&#8217;te ba\u015flayan bu kampanyaya destek olmas\u0131 \u00e7a\u011fr\u0131s\u0131nda bulundu.<\/p>\n<p style=\"text-align: justify;\">&#8220;\u0130NE\u011e\u0130 DUYUNCA \u00d6NCE \u0130NANMADIK&#8221;<\/p>\n<p style=\"text-align: justify;\">Velilerden Mahfuz Canga da \u00f6d\u00fcl\u00fcn inek oldu\u011funu duydu\u011funda ilkin inanmad\u0131\u011f\u0131n\u0131, ancak olay\u0131n ciddiyeti kar\u015f\u0131s\u0131nda kendisinin de kitap okumaya ba\u015flad\u0131\u011f\u0131n\u0131 vurgulayarak, \u201c\u00d6d\u00fcl inek olunca ben de heveslendim ve k\u00fct\u00fcphaneden ald\u0131\u011f\u0131m kitaplar\u0131 okumaya ba\u015flad\u0131m. \u015eimdi s\u00fcrekli kitap okuyorum. Mart ay\u0131na kadar en fazla kitab\u0131 okuyup birinci olmak ve \u00f6d\u00fcl\u00fc almak istiyorum\u201d ifadelerini kulland\u0131.<\/p>\n<p style=\"text-align: justify;\">Kaynak: www.hurriyet.com.tr<\/p>\n","protected":false},"excerpt":{"rendered":"<p>Van merkeze 30 kilometre uzakl\u0131ktaki Er\u00e7ek beldesinde bulunan \u00c7ok Programl\u0131 Lise&#8217;de g\u00f6rev yapan edebiyat \u00f6\u011fretmeni Zeynep Oral \u00f6nc\u00fcl\u00fc\u011f\u00fcnde, belde ve ba\u011fl\u0131 k\u00f6ylerdeki vatanda\u015flar\u0131 kitap okumaya te\u015fvik etmek amac\u0131yla okul idaresince ba\u015flat\u0131lan &#8216;inek&#8217; \u00f6d\u00fcll\u00fc kitap okuma kampanyas\u0131, k\u0131sa s\u00fcrede b\u00fcy\u00fck yank\u0131 buldu. Kampanyadan \u00f6nce 3 bin kitab\u0131n bulundu\u011fu okul k\u00fct\u00fcphanesindeki 2 bin 500 kitab\u0131<\/p>\n","protected":false},"author":1,"featured_media":0,"comment_status":"open","ping_status":"open","sticky":false,"template":"","format":"standard","meta":{"footnotes":""},"categories":[1],"tags":[451,845],"class_list":["post-9155","post","type-post","status-publish","format-standard","hentry","category-genel","tag-inekli-kitap-kampanyasi","tag-okul-kutuphaneleri"],"_links":{"self":[{"href":"https:\/\/www.bbyhaber.com\/bby\/wp-json\/wp\/v2\/posts\/9155"}],"collection":[{"href":"https:\/\/www.bbyhaber.com\/bby\/wp-json\/wp\/v2\/posts"}],"about":[{"href":"https:\/\/www.bbyhaber.com\/bby\/wp-json\/wp\/v2\/types\/post"}],"author":[{"embeddable":true,"href":"https:\/\/www.bbyhaber.com\/bby\/wp-json\/wp\/v2\/users\/1"}],"replies":[{"embeddable":true,"href":"https:\/\/www.bbyhaber.com\/bby\/wp-json\/wp\/v2\/comments?post=9155"}],"version-history":[{"count":0,"href":"https:\/\/www.bbyhaber.com\/bby\/wp-json\/wp\/v2\/posts\/9155\/revisions"}],"wp:attachment":[{"href":"https:\/\/www.bbyhaber.com\/bby\/wp-json\/wp\/v2\/media?parent=9155"}],"wp:term":[{"taxonomy":"category","embeddable":true,"href":"https:\/\/www.bbyhaber.com\/bby\/wp-json\/wp\/v2\/categories?post=9155"},{"taxonomy":"post_tag","embeddable":true,"href":"https:\/\/www.bbyhaber.com\/bby\/wp-json\/wp\/v2\/tags?post=9155"}],"curies":[{"name":"wp","href":"https:\/\/api.w.org\/{rel}","templated":true}]}}