{"id":912,"date":"2011-06-21T17:40:39","date_gmt":"2011-06-21T14:40:39","guid":{"rendered":"http:\/\/www.bbyhaber.com\/bby\/?p=912"},"modified":"2013-01-10T17:25:28","modified_gmt":"2013-01-10T15:25:28","slug":"halk-kutuphaneleri-eski-gunlerini-mumla-ariyor","status":"publish","type":"post","link":"https:\/\/www.bbyhaber.com\/bby\/2011\/06\/21\/halk-kutuphaneleri-eski-gunlerini-mumla-ariyor","title":{"rendered":"Halk K\u00fct\u00fcphaneleri eski g\u00fcnlerini mumla ar\u0131yor"},"content":{"rendered":"<p style=\"text-align: justify;\" align=\"justify\">Gaziantep-Halk K\u00fct\u00fcphanelerine olan ilgi her y\u0131l artmas\u0131na ra\u011fmen, Halk K\u00fct\u00fcphaneleri\u2019nde eski canl\u0131l\u0131k yok. Eskiden vatanda\u015flar\u0131n ve \u00f6\u011frencilerin gidip saatlerce oturup kitap okudu\u011fu Halk K\u00fct\u00fcphaneleri, \u015fimdilerde sadece kitap al\u0131m merkezi haline geldi. Her ne kadar bu durum olumsuz gibi g\u00f6r\u00fcnse de vatanda\u015flar\u0131n kitaplara olan ilgisinin artmas\u0131 k\u00fct\u00fcphane \u00e7al\u0131\u015fanlar\u0131n\u0131 mutlu etmeye yetiyor. \u015eahinbey Halk K\u00fct\u00fcphanesi de yeni yerinde hizmet vermeye devam ederken, yeni okuyucu bulman\u0131n mutlulu\u011funu ya\u015f\u0131yor.<!--more--><\/p>\n<p style=\"text-align: justify;\">\u201cK\u0130TAPLARIMIZ YEN\u0130LEN\u0130YOR\u201d<br \/>\nGenelde kitaplar\u0131n \u00fcyelere \u00f6d\u00fcn\u00e7 verildi\u011fini belirten \u015eahinbey Halk K\u00fct\u00fcphanesi M\u00fcd\u00fcr\u00fc Y\u00fcksel Polat, yer de\u011fi\u015ftirmelerine ra\u011fmen okuyucular\u0131nda bir kay\u0131p ya\u015fanmad\u0131\u011f\u0131n\u0131 s\u00f6yledi. Polat, \u201ckitap \u00f6d\u00fcn\u00e7 alma oran\u0131 y\u00fczde 95\u2019leri buluyor. Yer de\u011fi\u015ftirmemize ra\u011fmen okuyucumuz gelip bizi buluyor. \u00dcye say\u0131m\u0131z da olduk\u00e7a fazla. Kitap okuma oran\u0131 da gayet iyi. Eski yerimizde tadilat oldu\u011fundan buraya ge\u00e7ici ta\u015f\u0131nd\u0131k. Binam\u0131z yap\u0131l\u0131r yap\u0131lmaz binam\u0131za geri d\u00f6nece\u011fiz. Buna ra\u011fmen oradaki okuyucular\u0131m\u0131z buraya geliyorlar. Hatta burada yeni okuyucular kazand\u0131k. \u0130lk\u00f6\u011fretim \u00e7a\u011f\u0131ndaki \u00f6\u011frenciler daha \u00e7ok geliyor. Kitaplar\u0131m\u0131z s\u00fcrekli g\u00fcncelleniyor. Yeni \u00e7\u0131kan yay\u0131nlar K\u00fclt\u00fcr ve turizm Bakanl\u0131\u011f\u0131\u2019ndan ve K\u00fct\u00fcphaneler Genel M\u00fcd\u00fcrl\u00fc\u011f\u00fc\u2019nden s\u00fcrekli yeni kitaplar geliyor. Durum b\u00f6yle olunca da yeni kitaplar dikkat \u00e7ekiyor\u201d dedi.<\/p>\n<p style=\"text-align: justify;\">\u201cOKUMA SAYISINDA ARTI\u015e VAR\u201d<br \/>\nK\u00fct\u00fcphane say\u0131s\u0131n\u0131n kent n\u00fcfusuna cevap vermedi\u011fini ifade eden Polat, bu say\u0131n\u0131n bir an \u00f6nce art\u0131r\u0131lmas\u0131 gerekti\u011fini s\u00f6yledi. Artan K\u00fct\u00fcphane say\u0131s\u0131na ba\u011fl\u0131 olarak okuma say\u0131s\u0131nda da art\u0131\u015f olaca\u011f\u0131n\u0131 savunan Polat, s\u00f6zlerini \u015f\u00f6yle s\u00fcrd\u00fcrd\u00fc: \u201c\u015eimdi asl\u0131nda her y\u00fcz bin n\u00fcfusa bir k\u00fct\u00fcphane olmas\u0131 laz\u0131m. Ama burada toplam 3 k\u00fct\u00fcphane var. Bu da talebi kar\u015f\u0131lam\u0131yor. Artan k\u00fct\u00fcphane say\u0131s\u0131na ba\u011fl\u0131 olarak okuma seviyesi de y\u00fckselecektir. \u00c7ocuklara veliler e\u015flik ediyor. Burada ev han\u0131mlar\u0131 da kitap al\u0131p okuyorlar. Bu bizim i\u00e7in sevindirici. Okuma yazman bilmeyen ki\u015fileri de y\u00f6nlendiriyoruz. Okuma al\u0131\u015fkanl\u0131\u011f\u0131 kazand\u0131rmaya \u00e7al\u0131\u015f\u0131yoruz. K\u00fct\u00fcphanemiz \u00e7e\u015fit bak\u0131m\u0131ndan olduk\u00e7a zengin. Her t\u00fcrden kitap bulabilirsiniz. Zaten halk k\u00fct\u00fcphaneleri eskiden halk \u00fcniversiteleriydi. \u015eu an o \u00f6zelli\u011fini koruyor. Ara\u015ft\u0131rma yapmak isteyen \u00f6\u011frenciler ve vatanda\u015flar\u0131m\u0131z istedi\u011fi bilgiye ula\u015fabilir\u201d diye konu\u015ftu.\u00a0<strong><\/strong><\/p>\n<p style=\"text-align: justify;\">Kaynak: http:\/\/www.gaziantephaberler.com<\/p>\n","protected":false},"excerpt":{"rendered":"<p>Gaziantep-Halk K\u00fct\u00fcphanelerine olan ilgi her y\u0131l artmas\u0131na ra\u011fmen, Halk K\u00fct\u00fcphaneleri\u2019nde eski canl\u0131l\u0131k yok. Eskiden vatanda\u015flar\u0131n ve \u00f6\u011frencilerin gidip saatlerce oturup kitap okudu\u011fu Halk K\u00fct\u00fcphaneleri, \u015fimdilerde sadece kitap al\u0131m merkezi haline geldi. Her ne kadar bu durum olumsuz gibi g\u00f6r\u00fcnse de vatanda\u015flar\u0131n kitaplara olan ilgisinin artmas\u0131 k\u00fct\u00fcphane \u00e7al\u0131\u015fanlar\u0131n\u0131 mutlu etmeye yetiyor. \u015eahinbey Halk K\u00fct\u00fcphanesi de yeni [&hellip;]<\/p>\n","protected":false},"author":1,"featured_media":0,"comment_status":"open","ping_status":"open","sticky":false,"template":"","format":"standard","meta":{"footnotes":""},"categories":[],"tags":[848],"class_list":["post-912","post","type-post","status-publish","format-standard","hentry","tag-halk-kutuphaneleri"],"_links":{"self":[{"href":"https:\/\/www.bbyhaber.com\/bby\/wp-json\/wp\/v2\/posts\/912"}],"collection":[{"href":"https:\/\/www.bbyhaber.com\/bby\/wp-json\/wp\/v2\/posts"}],"about":[{"href":"https:\/\/www.bbyhaber.com\/bby\/wp-json\/wp\/v2\/types\/post"}],"author":[{"embeddable":true,"href":"https:\/\/www.bbyhaber.com\/bby\/wp-json\/wp\/v2\/users\/1"}],"replies":[{"embeddable":true,"href":"https:\/\/www.bbyhaber.com\/bby\/wp-json\/wp\/v2\/comments?post=912"}],"version-history":[{"count":0,"href":"https:\/\/www.bbyhaber.com\/bby\/wp-json\/wp\/v2\/posts\/912\/revisions"}],"wp:attachment":[{"href":"https:\/\/www.bbyhaber.com\/bby\/wp-json\/wp\/v2\/media?parent=912"}],"wp:term":[{"taxonomy":"category","embeddable":true,"href":"https:\/\/www.bbyhaber.com\/bby\/wp-json\/wp\/v2\/categories?post=912"},{"taxonomy":"post_tag","embeddable":true,"href":"https:\/\/www.bbyhaber.com\/bby\/wp-json\/wp\/v2\/tags?post=912"}],"curies":[{"name":"wp","href":"https:\/\/api.w.org\/{rel}","templated":true}]}}