{"id":910,"date":"2011-06-27T17:38:38","date_gmt":"2011-06-27T17:38:38","guid":{"rendered":"http:\/\/www.bbyhaber.com\/bby\/?p=910"},"modified":"2012-04-24T10:41:54","modified_gmt":"2012-04-24T10:41:54","slug":"cocuklara-okumayi-tesvik-kutuphanesi","status":"publish","type":"post","link":"https:\/\/www.bbyhaber.com\/bby\/2011\/06\/27\/cocuklara-okumayi-tesvik-kutuphanesi","title":{"rendered":"\u00c7ocuklara, &#8216;Okumay\u0131 Te\u015fvik K\u00fct\u00fcphanesi&#8217;"},"content":{"rendered":"<p style=\"text-align: justify;\" align=\"justify\">K\u00fclt\u00fcr ve Turizm Bakanl\u0131\u011f\u0131 K\u00fct\u00fcphaneler ve Yay\u0131nlar Genel M\u00fcd\u00fcr Yard\u0131mc\u0131s\u0131 Semra At\u0131n\u00e7, \u00e7ocuklar\u0131n kitap ve k\u00fct\u00fcphaneyle tan\u0131\u015ft\u0131r\u0131lmas\u0131n\u0131n son derece \u00f6nemli oldu\u011funu s\u00f6yledi.Okuma, zevk ve al\u0131\u015fkanl\u0131klar\u0131n \u00e7ocuk ya\u015fta ba\u015flad\u0131\u011f\u0131n\u0131 ve bu konuda anne ve babalara b\u00fcy\u00fck g\u00f6rev d\u00fc\u015ft\u00fc\u011f\u00fcn\u00fc ifade eden At\u0131n\u00e7, &#8220;Okuyan ku\u015faklar yeti\u015ftirilmesi k\u00fct\u00fcphanecilerin tek ba\u015f\u0131na ba\u015farabilecekleri bir konu de\u011fil. <!--more--><\/p>\n<p style=\"text-align: justify;\" align=\"justify\">\u00d6\u011fretmenlerin, anne ve babalar\u0131n, k\u00fct\u00fcphaneciler ile el ele vermesi gerekmektedir. \u00d6zellikle anne ve babalar bu konuda \u00e7ocuklara \u00f6rnek olmal\u0131d\u0131r. \u00c7ocuklara kitap hediye ederek onlar\u0131 okumaya te\u015fvik edebilirler. Okuyan ailelerin \u00e7ocuklar\u0131n\u0131n daha \u00e7ok kitap okudu\u011funu g\u00f6r\u00fcyoruz. Okuman\u0131n bilginin de\u011ferini her zaman a\u015f\u0131lamal\u0131y\u0131z. \u00d6\u011fretmelerin de \u00e7ocuklar\u0131 okumaya y\u00f6nlendirecek \u00f6devler vermesi gerekiyor&#8221; dedi.<\/p>\n<p style=\"text-align: justify;\" align=\"justify\">\u00d6rnek \u00c7ocuk K\u00fct\u00fcphanesi Projesi ba\u015flatt\u0131klar\u0131n\u0131 vurgulayan At\u0131n\u00e7, &#8220;Okuma zevk ve al\u0131\u015fkanl\u0131klar \u00e7ocuk ya\u015flarda ba\u015fl\u0131yor. Bu nedenle \u00e7ocuklar\u0131n kitapla ve k\u00fct\u00fcphaneyle tan\u0131\u015ft\u0131r\u0131lmas\u0131 ve bu konuda al\u0131\u015fkanl\u0131k kazand\u0131r\u0131lmas\u0131 b\u00fcy\u00fck \u00f6nem ta\u015f\u0131yor. K\u00fclt\u00fcr ve Turizm Bakanl\u0131\u011f\u0131 olarak bir proje ba\u015flatt\u0131k. \u00d6rnek \u00e7ocuk k\u00fct\u00fcphaneleri yap\u0131yoruz. Ankara&#8217;da emekli bir Vali taraf\u0131ndan ba\u011f\u0131\u015flanan bir binada bunlar\u0131n ilkini a\u00e7t\u0131k. \u00dclkemizin ilk \u00f6rnek \u00e7ocuk k\u00fct\u00fcphanesini Bakan\u0131m\u0131z Ertu\u011frul G\u00fcnay taraf\u0131ndan hizmete a\u00e7\u0131ld\u0131.<\/p>\n<p style=\"text-align: justify;\" align=\"justify\">\u00c7ocuk k\u00fct\u00fcphanelerinin 2.&#8217;sini Diyarbak\u0131r&#8217;da olu\u015fturduk. Tabi ki bunlar yeterli de\u011fil. Bu \u00f6rnek \u00e7ocuk k\u00fct\u00fcphanelerinin say\u0131s\u0131n\u0131 artt\u0131rmam\u0131z gerekiyor. Ve halk k\u00fct\u00fcphaneleri i\u00e7inde bulunan \u00e7ocuk b\u00f6l\u00fcmlerinin de yeterli ve estetik hale getirilmesi gerekiyor. Bu konuda K\u00fclt\u00fcr ve Turizm Bakanl\u0131\u011f\u0131 olarak \u00fczerimize d\u00fc\u015feni yapmaya haz\u0131r\u0131z. Bakanl\u0131\u011f\u0131m\u0131z\u0131n tek ba\u015f\u0131na bu \u00e7al\u0131\u015fmalar\u0131 y\u00fcr\u00fctmesi biraz zaman alacakt\u0131r&#8221; diye konu\u015ftu.<\/p>\n<p style=\"text-align: justify;\" align=\"justify\">Gezici k\u00fct\u00fcphanelerde daha \u00e7a\u011fda\u015f ara\u00e7 ve gere\u00e7 bulunduracaklar\u0131n\u0131 kaydeden At\u0131n\u00e7, &#8220;Hedefe ula\u015fmay\u0131 \u00e7abukla\u015ft\u0131rmak i\u00e7in yerel y\u00f6netimlerin, sivil toplum kurulu\u015flar\u0131n\u0131n ve duyarl\u0131 vatanda\u015flar\u0131m\u0131z\u0131n da desteklerini bekliyoruz. Ayr\u0131ca sabit yerle\u015fik k\u00fct\u00fcphanelerden yararlanamayan, eve ba\u011fl\u0131 ki\u015filer ve \u015fehre uzak semtlerde oturan vatanda\u015flar\u0131m\u0131z i\u00e7in gezici k\u00fct\u00fcphaneler ile hizmet g\u00f6t\u00fcr\u00fcl\u00fcyor. Bunlar\u0131n da \u00e7a\u011fda\u015f geli\u015fmeler do\u011frultusunda yeniden yap\u0131land\u0131r\u0131lmas\u0131na ba\u015flad\u0131k. Bu y\u0131l b\u00fct\u00e7emize teklif etti\u011fimiz 5 adet gezici k\u00fct\u00fcphane arac\u0131m\u0131z\u0131 en \u00e7a\u011fda\u015f donan\u0131mla haz\u0131rlayaca\u011f\u0131z. Bunlar\u0131 5 ilimizde okuyucular\u0131m\u0131z\u0131n hizmetine sunaca\u011f\u0131z. Buralarda da \u00e7ocuklara hizmet verecek en \u00e7a\u011fda\u015f ara\u00e7 ve gere\u00e7 bulunacakt\u0131r. Kablosuz internet, bilgisayar, \u00e7ocuk kitaplar\u0131 ve oyuncaklar olacak&#8221; \u015feklinde konu\u015ftu.\u00a0<strong><\/strong><\/p>\n<p style=\"text-align: justify;\">Kaynak: http:\/\/www.nevsehirmedya.com<\/p>\n","protected":false},"excerpt":{"rendered":"<p>K\u00fclt\u00fcr ve Turizm Bakanl\u0131\u011f\u0131 K\u00fct\u00fcphaneler ve Yay\u0131nlar Genel M\u00fcd\u00fcr Yard\u0131mc\u0131s\u0131 Semra At\u0131n\u00e7, \u00e7ocuklar\u0131n kitap ve k\u00fct\u00fcphaneyle tan\u0131\u015ft\u0131r\u0131lmas\u0131n\u0131n son derece \u00f6nemli oldu\u011funu s\u00f6yledi.Okuma, zevk ve al\u0131\u015fkanl\u0131klar\u0131n \u00e7ocuk ya\u015fta ba\u015flad\u0131\u011f\u0131n\u0131 ve bu konuda anne ve babalara b\u00fcy\u00fck g\u00f6rev d\u00fc\u015ft\u00fc\u011f\u00fcn\u00fc ifade eden At\u0131n\u00e7, &#8220;Okuyan ku\u015faklar yeti\u015ftirilmesi k\u00fct\u00fcphanecilerin tek ba\u015f\u0131na ba\u015farabilecekleri bir konu de\u011fil.<\/p>\n","protected":false},"author":1,"featured_media":0,"comment_status":"open","ping_status":"open","sticky":false,"template":"","format":"standard","meta":{"footnotes":""},"categories":[1553,1486,1495],"tags":[1439,1440],"class_list":["post-910","post","type-post","status-publish","format-standard","hentry","category-cocuk-kutuphaneleri","category-gezici-kutuphane","category-kitap-okuma-aliskanligi","tag-cocuk-kutuphaneleri","tag-gezici-kutuphaneler"],"_links":{"self":[{"href":"https:\/\/www.bbyhaber.com\/bby\/wp-json\/wp\/v2\/posts\/910"}],"collection":[{"href":"https:\/\/www.bbyhaber.com\/bby\/wp-json\/wp\/v2\/posts"}],"about":[{"href":"https:\/\/www.bbyhaber.com\/bby\/wp-json\/wp\/v2\/types\/post"}],"author":[{"embeddable":true,"href":"https:\/\/www.bbyhaber.com\/bby\/wp-json\/wp\/v2\/users\/1"}],"replies":[{"embeddable":true,"href":"https:\/\/www.bbyhaber.com\/bby\/wp-json\/wp\/v2\/comments?post=910"}],"version-history":[{"count":0,"href":"https:\/\/www.bbyhaber.com\/bby\/wp-json\/wp\/v2\/posts\/910\/revisions"}],"wp:attachment":[{"href":"https:\/\/www.bbyhaber.com\/bby\/wp-json\/wp\/v2\/media?parent=910"}],"wp:term":[{"taxonomy":"category","embeddable":true,"href":"https:\/\/www.bbyhaber.com\/bby\/wp-json\/wp\/v2\/categories?post=910"},{"taxonomy":"post_tag","embeddable":true,"href":"https:\/\/www.bbyhaber.com\/bby\/wp-json\/wp\/v2\/tags?post=910"}],"curies":[{"name":"wp","href":"https:\/\/api.w.org\/{rel}","templated":true}]}}