{"id":9064,"date":"2013-01-22T11:06:53","date_gmt":"2013-01-22T09:06:53","guid":{"rendered":"http:\/\/www.bbyhaber.com\/bby\/?p=9064"},"modified":"2013-01-22T11:06:53","modified_gmt":"2013-01-22T09:06:53","slug":"konya-il-halk-kutuphanesi-yeni-binasinda-ilgi-gordu","status":"publish","type":"post","link":"https:\/\/www.bbyhaber.com\/bby\/2013\/01\/22\/konya-il-halk-kutuphanesi-yeni-binasinda-ilgi-gordu","title":{"rendered":"Konya \u0130l Halk K\u00fct\u00fcphanesi yeni binas\u0131nda ilgi g\u00f6rd\u00fc"},"content":{"rendered":"<p style=\"text-align: justify;\">2011 y\u0131l\u0131n\u0131n Aral\u0131k ay\u0131nda K\u00fclt\u00fcrpark&#8217;taki yeni binas\u0131na ta\u015f\u0131nan <a href=\"http:\/\/www.konyakutuphanesi.gov.tr\/\" target=\"_blank\">Konya \u0130l Halk K\u00fct\u00fcphanesi<\/a> okuyucu say\u0131s\u0131n\u0131 3 kat artt\u0131rd\u0131. Halk K\u00fct\u00fcphanesi trafikten uzak, sessiz bir ortamda kitap severlere daha iyi imkanlar sunuyor. K\u00fct\u00fcphane 2012 y\u0131l\u0131nda ise 8 bin 467 yeni kitab\u0131 b\u00fcnyesine katt\u0131. Yeni binan\u0131n \u0130l Halk K\u00fct\u00fcphanesi&#8217;nin fiziki ortam\u0131 iyile\u015ftirdi\u011fini, k\u00fct\u00fcphanenin bilinirli\u011fini artt\u0131rd\u0131\u011f\u0131n\u0131 belirtten \u0130l Halk K\u00fct\u00fcphanesi M\u00fcd\u00fcr\u00fc Hasan Co\u015far, <!--more-->yeni binayla daha sessiz bir ortama kavu\u015ftuklar\u0131n\u0131, bunun da okuyucu say\u0131s\u0131na yans\u0131d\u0131\u011f\u0131n\u0131 aktard\u0131. Yeni binayla birlikte okuyucu say\u0131s\u0131n\u0131n 3 kat artt\u0131\u011f\u0131n\u0131 belirten Co\u015far, g\u00fcnde de ortalama 200 kitab\u0131n \u00f6d\u00fcn\u00e7 verildi\u011fini ve \u00f6d\u00fcn\u00e7 kitap al\u0131m\u0131nda daha \u00e7ok edebi eserlerin tercih edildi\u011fini belirtti. Her kitab\u0131n okuyucusunun ayr\u0131 oldu\u011funu ifade eden Co\u015far, her sene kitap say\u0131s\u0131n\u0131 artt\u0131rd\u0131klar\u0131n\u0131, 2012 y\u0131l\u0131nda 8 bin 467 kitab\u0131 k\u00fct\u00fcphane b\u00fcnyesine dahil ettiklerini aktard\u0131.<\/p>\n<p style=\"text-align: justify;\">K\u00dcT\u00dcPHANELER TOPLUMLARIN HAFIZASIDIR<\/p>\n<p style=\"text-align: justify;\">\u00dclkemizde Halk, Ara\u015ft\u0131rma ve Milli K\u00fct\u00fcphane olmak \u00fczere \u00e7ok say\u0131da k\u00fct\u00fcphanenin bulundu\u011funu ve kitap okuma al\u0131\u015fkanl\u0131\u011f\u0131n\u0131n pek bulunmad\u0131\u011f\u0131n\u0131 dile getiren Co\u015far, \u201cK\u00fct\u00fcphaneler \u00f6nemli misyonlar \u00fcstleniyor. Bir anlamda k\u00fct\u00fcphaneler toplumlar\u0131n ortak haf\u0131zas\u0131d\u0131r. Ancak kitap okuma al\u0131\u015fkanl\u0131\u011f\u0131 sadece k\u00fct\u00fcphanenin g\u00f6revi olarak g\u00f6r\u00fclmemeli. T\u00fcm ileti\u015fim ara\u00e7lar\u0131 ve ailelerinin okuma al\u0131\u015fkanl\u0131\u011f\u0131 kazand\u0131rma noktas\u0131nda\u00a0 g\u00f6rev \u00fcstlenmesi gerekiyor. Sorumluluk y\u00fczdesi farkl\u0131 olabilir ama herkesin sorumlulu\u011fu var. \u0130leri bir toplum olmak istiyorsan\u0131z bu al\u0131\u015fkanl\u0131\u011f\u0131 edineceksiniz. Yoksa okumadan asla ileri bir toplum seviyesine ula\u015famazs\u0131n\u0131z. Bug\u00fcn bilim dev ad\u0131mlarla ilerlemektedir. Ara\u015ft\u0131ran ve ke\u015ffeden bir toplum olamazsan, sadece geriden takip edersin. Ancak okudu\u011fumuz zaman ileri bir toplum oluruz. Konu\u015fmaya geldi\u011fi zaman herkes konu\u015fuyor. Ancak yapt\u0131\u011f\u0131m\u0131z i\u015flerle de\u011ferlendirilmeliyiz. E\u011fer bir \u00f6\u011fretmen veya anne-baba, kitap okumuyor da dizi izliyorsa, \u00f6\u011freneciye kitap oku deme hakk\u0131n\u0131 kendinde g\u00f6remez, dese bile anlaml\u0131 kalmaz. Rol model olabilmemiz i\u00e7in \u00f6nce tavsiye ettiklerimizi kendimiz yapmal\u0131y\u0131z ki kaale al\u0131nal\u0131m\u201d diye konu\u015ftu.<\/p>\n<p style=\"text-align: justify;\">AMA\u00c7 OKUMAKSA\u00a0 ARA\u00c7 FARKETMEZ<\/p>\n<p style=\"text-align: justify;\">Dijital ortama aktar\u0131larak sesli olarak dinlenen kitaplarla ilgili de konu\u015fan Co\u015far, ama\u00e7 okumak ve bilgiye ula\u015fmaksa arac\u0131n niteli\u011finin farketmeyece\u011fini s\u00f6yledi. Her kitle ileti\u015fim arac\u0131n\u0131n farkl\u0131 fonksiyonlara sahip oldu\u011funu a\u00e7\u0131klayan Co\u015far, \u201cKitab\u0131 bilgilenmek ve k\u00fclt\u00fcrel birikimi artt\u0131rmak i\u00e7in okuruz. E-kitap ayn\u0131 i\u015flevi g\u00f6r\u00fcyorsa faydal\u0131 olabilir. Yararl\u0131 olup olmad\u0131\u011f\u0131n\u0131 zaman g\u00f6sterecek. E-kitap neyi sunuyor? Bas\u0131l\u0131 bir kitab\u0131n yerini tutar m\u0131? Toplum kabul ediyor mu etmiyor mu? Bekleyip g\u00f6rmek laz\u0131m. Kitap illa obje olarak alg\u0131lanmamal\u0131. Bizler bilgi ve k\u00fclt\u00fcr\u00fcm\u00fcz\u00fc artt\u0131rmak amac\u0131yla okuruz. Dolay\u0131s\u0131yla E-kitap da bu i\u015flevi yerine getirebilir\u201d dedi. S\u0131nav sisteminin \u00f6\u011frencilerin d\u00fc\u015f\u00fcnme kabiliyetini ellerinden ald\u0131\u011f\u0131n\u0131, \u00f6\u011frencileri s\u0131n\u0131rlad\u0131\u011f\u0131n\u0131 da ifade eden Co\u015far, \u00f6\u011frencilerin test kitaplar\u0131n\u0131n i\u00e7inde bo\u011fuldu\u011funu, okumaya f\u0131rsat bulamad\u0131\u011f\u0131n\u0131 kaydetti. \u00d6\u011frencilerin belirli m\u00fcfredata mahkum edildi\u011fini belirten Co\u015far, \u201cS\u0131nav sistemleri o kadar \u00e7o\u011fald\u0131 ki, art\u0131k isimlerini bile unuttuk. \u00d6\u011frenciler s\u0131navda ba\u015far\u0131l\u0131 olma derdine d\u00fc\u015ft\u00fc. S\u0131navlar aras\u0131ndan ba\u015flar\u0131n\u0131 kald\u0131r\u0131p kitap okumaya f\u0131rsat bulam\u0131yorlar. Bu da okuma al\u0131\u015fkanl\u0131\u011f\u0131 notas\u0131nda olumsuzluk te\u015fkil ediyor\u201d diye konu\u015ftu. Ayr\u0131ca Konya&#8217;da kitap s\u0131k\u0131nt\u0131s\u0131n\u0131n bulunmad\u0131\u011f\u0131n\u0131 dile getiren Co\u015far, \u201cKonya b\u00fcy\u00fck kitap marketlerinin ve b\u00fcy\u00fck k\u00fct\u00fcphanelerin bulundu\u011fu bir \u015fehir. Art\u0131k internet \u00fczerinden de kitap sipari\u015f edilebiliyor. Dolay\u0131s\u0131yla kitab\u0131n pahal\u0131 oldu\u011funu, vaktinin olmad\u0131\u011f\u0131n\u0131, kitap bulmakta s\u0131k\u0131nt\u0131 \u00e7ekti\u011fin belirtmek bahanedir\u201d s\u00f6zlerine ekledi.<\/p>\n<p style=\"text-align: justify;\">Kaynak: http:\/\/www.konyayenigun.com\/<\/p>\n","protected":false},"excerpt":{"rendered":"<p>2011 y\u0131l\u0131n\u0131n Aral\u0131k ay\u0131nda K\u00fclt\u00fcrpark&#8217;taki yeni binas\u0131na ta\u015f\u0131nan Konya \u0130l Halk K\u00fct\u00fcphanesi okuyucu say\u0131s\u0131n\u0131 3 kat artt\u0131rd\u0131. Halk K\u00fct\u00fcphanesi trafikten uzak, sessiz bir ortamda kitap severlere daha iyi imkanlar sunuyor. K\u00fct\u00fcphane 2012 y\u0131l\u0131nda ise 8 bin 467 yeni kitab\u0131 b\u00fcnyesine katt\u0131. Yeni binan\u0131n \u0130l Halk K\u00fct\u00fcphanesi&#8217;nin fiziki ortam\u0131 iyile\u015ftirdi\u011fini, k\u00fct\u00fcphanenin bilinirli\u011fini artt\u0131rd\u0131\u011f\u0131n\u0131 belirtten \u0130l Halk [&hellip;]<\/p>\n","protected":false},"author":1,"featured_media":0,"comment_status":"open","ping_status":"open","sticky":false,"template":"","format":"standard","meta":{"footnotes":""},"categories":[1,1499],"tags":[848],"class_list":["post-9064","post","type-post","status-publish","format-standard","hentry","category-genel","category-kutuphane-istatistikleri","tag-halk-kutuphaneleri"],"_links":{"self":[{"href":"https:\/\/www.bbyhaber.com\/bby\/wp-json\/wp\/v2\/posts\/9064"}],"collection":[{"href":"https:\/\/www.bbyhaber.com\/bby\/wp-json\/wp\/v2\/posts"}],"about":[{"href":"https:\/\/www.bbyhaber.com\/bby\/wp-json\/wp\/v2\/types\/post"}],"author":[{"embeddable":true,"href":"https:\/\/www.bbyhaber.com\/bby\/wp-json\/wp\/v2\/users\/1"}],"replies":[{"embeddable":true,"href":"https:\/\/www.bbyhaber.com\/bby\/wp-json\/wp\/v2\/comments?post=9064"}],"version-history":[{"count":0,"href":"https:\/\/www.bbyhaber.com\/bby\/wp-json\/wp\/v2\/posts\/9064\/revisions"}],"wp:attachment":[{"href":"https:\/\/www.bbyhaber.com\/bby\/wp-json\/wp\/v2\/media?parent=9064"}],"wp:term":[{"taxonomy":"category","embeddable":true,"href":"https:\/\/www.bbyhaber.com\/bby\/wp-json\/wp\/v2\/categories?post=9064"},{"taxonomy":"post_tag","embeddable":true,"href":"https:\/\/www.bbyhaber.com\/bby\/wp-json\/wp\/v2\/tags?post=9064"}],"curies":[{"name":"wp","href":"https:\/\/api.w.org\/{rel}","templated":true}]}}