{"id":9051,"date":"2013-01-22T08:54:39","date_gmt":"2013-01-22T06:54:39","guid":{"rendered":"http:\/\/www.bbyhaber.com\/bby\/?p=9051"},"modified":"2013-01-22T11:17:14","modified_gmt":"2013-01-22T09:17:14","slug":"arcader-tuzuk-taslagi","status":"publish","type":"post","link":"https:\/\/www.bbyhaber.com\/bby\/2013\/01\/22\/arcader-tuzuk-taslagi","title":{"rendered":"Ar\u015fiv \u00c7al\u0131\u015fanlar\u0131 Derne\u011fi T\u00fcz\u00fck Tasla\u011f\u0131"},"content":{"rendered":"<div style=\"text-align: justify;\"><strong><img loading=\"lazy\" decoding=\"async\" class=\"alignleft\" src=\"http:\/\/www.bbyhaber.com\/bby\/wp-content\/uploads\/bby-dernek-logolar\/arcader-logo.jpg\" alt=\"\" width=\"150\" height=\"150\" \/>A\u015fa\u011f\u0131daki maddeler t\u00fcz\u00fc\u011f\u00fcn asli h\u00fck\u00fcmleri olup, di\u011fer maddeler hemen hemen di\u011fer dernek t\u00fcz\u00fcklerindeki gibi standartt\u0131r. Bu maddeler \u00fczerindeki g\u00f6r\u00fc\u015f, \u00f6neri ve ele\u015ftirilerinizi &#8220;DernekFikri@gmail.com&#8221; adresinize g\u00f6nderebilirsiniz.<!--more--><\/strong><\/div>\n<p><strong>AR\u015e\u0130V \u00c7ALI\u015eANLARI DERNE\u011e\u0130 <\/strong><\/p>\n<p><strong>T\u00dcZ\u00dcK TASLA\u011eI<\/strong><\/p>\n<p><strong>Derne\u011fin Ad\u0131 Ve Merkezi<\/strong><\/p>\n<p><strong>Madde-1.<\/strong> 1) Derne\u011fin ad\u0131 <strong><em>\u201cAr\u015fiv \u00c7al\u0131\u015fanlar\u0131 Derne\u011fi\u201d<\/em><\/strong>dir.<\/p>\n<p>2) Derne\u011fin k\u0131sa ad\u0131 <strong>&#8220;ar\u00e7ader&#8221;<\/strong>dir.<\/p>\n<p>3) Derne\u011fin merkezi Ankara\u2019d\u0131r. Adresi, &#8230;&#8230;&#8230;&#8230;&#8230;&#8230;&#8230;..K\u0131z\u0131lay\/Ankara&#8217;d\u0131r.<\/p>\n<p>4) Dernek, yurt i\u00e7inde ve yurt d\u0131\u015f\u0131nda \u015fube a\u00e7abilir.<\/p>\n<p><strong>Tarafs\u0131zl\u0131k<\/strong><\/p>\n<p style=\"text-align: justify;\"><strong>Madde-2. <\/strong>1)<strong> <\/strong>Dernek hi\u00e7bir siyasi g\u00f6r\u00fc\u015f\u00fcn savunuculu\u011funu yapamaz, siyasetle u\u011fra\u015famaz, hi\u00e7bir siyasi partiden ayni veya nakdi ba\u011f\u0131\u015f alamaz.<\/p>\n<p style=\"text-align: justify;\">2) Bu maddenin birinci bendi h\u00fck\u00fcmlerini ihlal etmemek \u00fczere, amac\u0131n\u0131 ger\u00e7ekle\u015ftirmek i\u00e7in dernek\u00e7e y\u00fcr\u00fct\u00fclecek faaliyetlerde gerekli g\u00f6r\u00fclmesi halinde, t\u00fcm siyasi partilere kar\u015f\u0131 e\u015fitlik ve tarafs\u0131zl\u0131k temel prensip kabul edilecektir.<\/p>\n<p style=\"text-align: justify;\"><strong>Derne\u011fin Amac\u0131<\/strong><\/p>\n<p style=\"text-align: justify;\"><strong>Madde-3. <\/strong>1)<strong> <\/strong>Dernek;<strong> <\/strong>\u00dclkemizde ve D\u00fcnya&#8217;da ar\u015fivcilik ve k\u00fct\u00fcphanecilik mesle\u011fi ile ilgili geli\u015fmeleri ve yenilikleri takip ederek veya bu t\u00fcr geli\u015fmelerin i\u00e7erisinde fiilen rol alarak ortaya \u00e7\u0131kar\u0131lan teknolojilerin \u00fcniversite, kamu kurum ve kurulu\u015flar\u0131 ile \u00f6zel sekt\u00f6r ar\u015fiv ve k\u00fct\u00fcphanelerinde tatbik edilmesine y\u00f6nelik projeler \u00fcretmek ve \u00fcretilen projelerin tatbik edilmesine \u00e7al\u0131\u015fmak, bu alanda \u00e7al\u0131\u015fan mesleki personelin haklar\u0131n\u0131n korunmas\u0131 ve iyile\u015ftirilmesi ile mesleki bilgi ve becerilerinin geli\u015ftirilmesine \u00e7al\u0131\u015fmak, b\u00f6ylece toplumsal bilin\u00e7lenmeye katk\u0131 sa\u011flamak, k\u00fclt\u00fcrel miras\u0131m\u0131z\u0131n korunmas\u0131na ve kamu kaynaklar\u0131n\u0131n etkin kullan\u0131lmas\u0131na destek olmak amac\u0131yla kurulmu\u015ftur.<\/p>\n<p style=\"text-align: justify;\"><strong>Amac\u0131 Ger\u00e7ekle\u015ftirmek \u0130\u00e7in Dernek\u00e7e S\u00fcrd\u00fcr\u00fclecek \u00c7al\u0131\u015fma Konular\u0131 ve Bi\u00e7imleri<\/strong><\/p>\n<p style=\"text-align: justify;\"><strong>Madde-4.<\/strong> 1) Ar\u015fivcilik ve k\u00fct\u00fcphanecilik alan\u0131nda yap\u0131lan ara\u015ft\u0131rma, \u00e7al\u0131\u015fma ve geli\u015fmeleri izlemek; \u00fclkemizde bu konudaki ara\u015ft\u0131rma ve \u00e7al\u0131\u015fmalar\u0131 te\u015fvik etmek,<\/p>\n<p style=\"text-align: justify;\">\u00a02) Derne\u011fin amac\u0131 ile ilgisi bulunan ve kanunlarla yasaklanmayan alanlarda di\u011fer derneklerle veya vak\u0131f, sendika ve benzeri sivil toplum kurulu\u015flar\u0131yla ortak bir amac\u0131 ger\u00e7ekle\u015ftirmek i\u00e7in pl\u00e2tformlar olu\u015fturmak, proje baz\u0131nda ortak \u00e7al\u0131\u015fmalar yapmak veya yard\u0131mla\u015fmak,<\/p>\n<p style=\"text-align: justify;\">\u00a03) Amac\u0131n ger\u00e7ekle\u015ftirilmesi i\u00e7in gerek g\u00f6r\u00fclmesi halinde, 5072 say\u0131l\u0131 Dernek ve Vak\u0131flar\u0131n Kamu Kurum ve Kurulu\u015flar\u0131 ile \u0130li\u015fkilerine Dair Kanun h\u00fck\u00fcmleri sakl\u0131 kalmak \u00fczere, kamu kurum ve kurulu\u015flar\u0131 ile g\u00f6rev alanlar\u0131na giren konularda ortak projeler y\u00fcr\u00fctmek, kurum ve kurulu\u015flar\u0131n talepleri do\u011frultusunda mesleki alanda m\u00fcnferiden veya benzer \u00f6rg\u00fctlerle m\u00fc\u015ftereken dan\u0131\u015fmanl\u0131k hizmeti vermek, rehberlik etmek veya organizasyonlar d\u00fczenlemek,<\/p>\n<p style=\"text-align: justify;\">\u00a04) Amac\u0131 ger\u00e7ekle\u015ftirmek \u00fczere dernek\u00e7e d\u00fczenlenen faaliyetlere ve genel isti\u015fare toplant\u0131lar\u0131na ilgili \u00fcniversite, kurum ve kurulu\u015flar ile dernek, sendika, vak\u0131f gibi sivil toplum kurulu\u015flar\u0131ndan ve \u00f6zel sekt\u00f6r firmalar\u0131ndan uzman konuklar davet etmek ve bu t\u00fcr yerlere temsilci g\u00f6ndermek,<\/p>\n<p style=\"text-align: justify;\">\u00a05) Yurti\u00e7inde ve yurtd\u0131\u015f\u0131nda ayn\u0131 ve benzeri konularda \u00e7al\u0131\u015fan ilgili kurulu\u015flarla, Dernekler Kanununun 5. maddesine g\u00f6re i\u015fbirli\u011fi yapmak,<\/p>\n<p style=\"text-align: justify;\">\u00a06) Meslek \u00e7al\u0131\u015fanlar\u0131n\u0131n \u00f6zl\u00fck haklar\u0131n\u0131n iyile\u015ftirilmesine, geli\u015ftirilmesine ve var olan mesleki sorunlar\u0131n\u0131n giderilmesine y\u00f6nelik ara\u015ft\u0131rmalar yapmak, \u00e7\u00f6z\u00fcm \u00fcretmek, ilgili merciler nezdinde giri\u015fimlerde bulunmak ve sonu\u00e7lar\u0131n\u0131 takip etmek,<\/p>\n<p style=\"text-align: justify;\">\u00a07) Mesleki alanda yap\u0131lacak yasal d\u00fczenlemelerde mesleki fayda ve birlikteli\u011fi sa\u011flamak amac\u0131yla uygulamalara yard\u0131mc\u0131 olacak \u00e7\u00f6z\u00fcmler \u00fcretmek ve ilgili merciler nezdinde giri\u015fimlerde bulunmak,<\/p>\n<p style=\"text-align: justify;\">\u00a08) Mesle\u011fin kamu yarar\u0131na en iyi \u015fekilde ifa edilmesini ve geli\u015fmesini temin etmek amac\u0131yla bilimsel ve teknolojik ara\u015ft\u0131rma ve geli\u015ftirme faaliyetlerinde bulunan \u00fcyelerinin \u00e7al\u0131\u015fmalar\u0131n\u0131 desteklemek;<\/p>\n<p style=\"text-align: justify;\">9) Bu alanda faaliyet g\u00f6steren \u00fcniversite, kamu ve \u00f6zel sekt\u00f6r \u00e7al\u0131\u015fanlar\u0131 ile gelecekte bu alanda \u00e7al\u0131\u015fmas\u0131 muhtemel meslek \u00f6\u011frencilerinin yard\u0131mla\u015fma, dayan\u0131\u015fma ve be\u015feri m\u00fcnasebetlerini geli\u015ftirmeye y\u00f6nelik gezi, kamp, \u015fenlik, kermes, turnuva, yar\u0131\u015fma, konser, yemekli toplant\u0131lar gibi sosyal aktiviteler d\u00fczenlemek,<\/p>\n<p style=\"text-align: justify;\">\u00a010) Bu alanda kamu kurum ve kurulu\u015flar\u0131nda veya \u00f6zel sekt\u00f6rde \u00e7al\u0131\u015facaklar\u0131n istihdam\u0131na y\u00f6nelik geli\u015fmeleri takip etmek ve \u00fcyelerini bilgilendirmek;<\/p>\n<p style=\"text-align: justify;\">\u00a011) Dernek \u00fcyelerinin, bu alanda \u00e7al\u0131\u015fan personelin ve \u00f6\u011frencilerin mesleki bilgilerini art\u0131rmak, geli\u015ftirmek ve toplumsal e\u011fitime katk\u0131 sa\u011flamak \u00fczere Osmanl\u0131ca ar\u015fiv belgeleri okuma, fiziki ar\u015fiv d\u00fczenlemeleri, ar\u015fiv ve k\u00fct\u00fcphane dijitalle\u015ftirmeleri, restorasyon, hat, tezhip, ebru, minyat\u00fcr ve benzeri kurslar veya uzaktan e\u011fitim programlar\u0131 ile seminer, konferans, panel, sempozyum, kongre, radyo ve televizyon programlar\u0131 gibi e\u011fitici, bilimsel ve sosyo-k\u00fclt\u00fcrel etkinlikler d\u00fczenlemek, d\u00fczenlenen etkinliklere kat\u0131lmak, i\u015fbirli\u011fi yapmak veya destek olmak,<\/p>\n<p style=\"text-align: justify;\">\u00a012) Amac\u0131n ger\u00e7ekle\u015ftirilmesi i\u00e7in d\u00fczenleyece\u011fi e\u011fitici, bilimsel, sosyal ve k\u00fclt\u00fcrel etkinliklerden derne\u011fin ihtiya\u00e7lar\u0131 do\u011frultusunda gelir elde etmek, bu faaliyetlerde \u00f6zel kurulu\u015flarla sponsorluk anla\u015fmalar\u0131 yapmak, resmi ve \u00f6zel kurulu\u015flarla i\u015fbirli\u011fine girmek,<\/p>\n<p style=\"text-align: justify;\">\u00a013) Amac\u0131n ger\u00e7ekle\u015ftirilmesi i\u00e7in gerekli olan her t\u00fcrl\u00fc bilgi, belge, dok\u00fcman ve yay\u0131nlar\u0131 temin ederek sa\u011fl\u0131kl\u0131 bir \u00e7al\u0131\u015fma ortam\u0131 ve bilgi merkezi olu\u015fturmak ve dernek \u00fcyeleri ile toplumun istifadesine sunmak,<\/p>\n<p style=\"text-align: justify;\">14) Dernek \u00fcyelerinin ve bu alanda faaliyet g\u00f6steren uzman ki\u015filerin \u00e7al\u0131\u015fmalar\u0131 do\u011frultusunda gazete, dergi, kitap gibi yay\u0131nlar ile \u00fcyelerine \u00e7al\u0131\u015fmalar\u0131n\u0131 duyurmak \u00fczere bilgilendirme b\u00fcltenleri \u00e7\u0131karmak,<\/p>\n<p style=\"text-align: justify;\">\u00a015) Bas\u0131l\u0131 ve g\u00f6rsel yay\u0131nlar\u0131n \u00e7\u0131kar\u0131labilmesi i\u00e7in gerekli g\u00f6r\u00fclmesi halinde Bilim Kurulu, Yay\u0131n Kurulu gibi kurullar olu\u015fturmak,<\/p>\n<p style=\"text-align: justify;\"><strong>\u00a0<\/strong>16) Amac\u0131n ger\u00e7ekle\u015ftirilmesi i\u00e7in yapaca\u011f\u0131 t\u00fcm aktivitelerde g\u00f6rsel ve yaz\u0131l\u0131 medyadan faydalanarak \u00e7al\u0131\u015fmalar\u0131n\u0131 duyurmak, bas\u0131n a\u00e7\u0131klamas\u0131 yapmak,<\/p>\n<p style=\"text-align: justify;\"><strong>\u00a0<\/strong>17) Gerekli izinler al\u0131nmak \u015fart\u0131yla yard\u0131m toplama faaliyetlerinde bulunmak ve yurt i\u00e7inden ve yurt d\u0131\u015f\u0131ndan ba\u011f\u0131\u015f kabul etmek,<\/p>\n<p style=\"text-align: justify;\">\u00a018) Toplumda ar\u015fivcilik ve k\u00fct\u00fcphanecilik ilke ve de\u011ferlerin benimsetilmesi, k\u00fclt\u00fcrel ar\u015fiv miras\u0131m\u0131z\u0131n zenginli\u011fi, korunmas\u0131 ve gelecek nesillere ula\u015ft\u0131r\u0131lmas\u0131n\u0131n \u00f6nemi hususunda bilin\u00e7 ve fark\u0131ndal\u0131k olu\u015fturabilmek amac\u0131yla tan\u0131t\u0131m filmi, tan\u0131t\u0131m spotu, afi\u015f ve resimler gibi g\u00f6rsel \u00e7al\u0131\u015fmalar haz\u0131rlayarak veya haz\u0131rlatarak bunu reklam panolar\u0131nda, halk\u0131n rahat g\u00f6rebilece\u011fi alanlarda, g\u00f6rsel ve yaz\u0131l\u0131 medyada halka ula\u015ft\u0131rmak i\u00e7in \u00e7al\u0131\u015fmalar yapmak,<\/p>\n<p style=\"text-align: justify;\">\u00a019) Mesleki geli\u015fimin sa\u011flanmas\u0131, teknolojik yeniliklerin uygulanmas\u0131, \u00e7al\u0131\u015fanlar\u0131n \u00f6zl\u00fck haklar\u0131n\u0131n iyile\u015ftirilmesi, mesleki istihdam\u0131n desteklenmesi ve toplumun bilin\u00e7lendirilmesi alanlar\u0131nda yap\u0131lan, b\u00f6ylece mesleki ve kamusal fayda sa\u011flayan \u00e7al\u0131\u015fmalar\u0131 ger\u00e7ekle\u015ftiren ger\u00e7ek ve t\u00fczel ki\u015fileri \u00f6d\u00fcllendirmek ve te\u015fvik etmek,<\/p>\n<p style=\"text-align: justify;\">\u00a020) Gerekli g\u00f6r\u00fclen yerlerde \u015fube veya temsilcilikler a\u00e7mak,<\/p>\n<p style=\"text-align: justify;\">\u00a021) Amac\u0131n ger\u00e7ekle\u015ftirilebilmesi i\u00e7in ilgili konularda s\u00fcreli veya daimi ihtisas komisyonlar\u0131 veya \u00e7al\u0131\u015fma gruplar\u0131 kurmak, faaliyetlerine destek olmak ve sonu\u00e7land\u0131r\u0131lmas\u0131n\u0131 takip etmek,<\/p>\n<p style=\"text-align: justify;\">\u00a022) Amac\u0131n ger\u00e7ekle\u015ftirilebilmesi i\u00e7in gerek g\u00f6r\u00fclmesi halinde, meslek \u00e7al\u0131\u015fanlar\u0131 veya kamuoyu nezdinde istatistiki veri toplamaya y\u00f6nelik anket \u00e7al\u0131\u015fmas\u0131 yapmak veya yapt\u0131rmak, sonu\u00e7lar\u0131n\u0131 de\u011ferlendirmek ve gere\u011finin yap\u0131lmas\u0131na \u00e7al\u0131\u015fmak,<\/p>\n<p style=\"text-align: justify;\">23) Bu alanda mesleki e\u011fitim alm\u0131\u015f olanlar ile kamu veya \u00f6zel sekt\u00f6r projelerinde g\u00f6rev alarak yeti\u015fmi\u015f personelin kayba u\u011framamas\u0131 ve etkin kullan\u0131labilmesine y\u00f6nelik tedbirler almak ve kamusal kaynaklar\u0131n israf\u0131n\u0131 \u00f6nleyerek korunmas\u0131na destek olmak,<\/p>\n<p style=\"text-align: justify;\">\u00a024) Amac\u0131n ger\u00e7ekle\u015ftirilmesi i\u00e7in ihtiya\u00e7 duyulan ve kanunlar\u0131n yasaklamad\u0131\u011f\u0131 her t\u00fcrl\u00fc faaliyette bulunmak, ihtiya\u00e7 duydu\u011fu gelirleri temin etmek amac\u0131yla iktisadi, ticari ve sanayi i\u015fletmeler kurmak ve i\u015fletmek,<\/p>\n<p style=\"text-align: justify;\">25) \u00dcyelerinin yararlanmalar\u0131 ve bo\u015f zamanlar\u0131n\u0131 de\u011ferlendirebilmeleri i\u00e7in lokal a\u00e7mak, sosyal ve k\u00fclt\u00fcrel tesisler kurmak ve bunlar\u0131 tefri\u015f etmek,<\/p>\n<p style=\"text-align: justify;\">\u00a026) Dernek faaliyetleri i\u00e7in ihtiya\u00e7 duyulan ta\u015f\u0131n\u0131r, ta\u015f\u0131nmaz mal sat\u0131n almak, satmak, kiralamak, kiraya vermek ve ta\u015f\u0131nmazlar \u00fczerinde ayni hak tesis etmek,<\/p>\n<p style=\"text-align: justify;\">\u00a027) Amac\u0131n ger\u00e7ekle\u015ftirilmesi i\u00e7in gerek g\u00f6r\u00fclmesi durumunda yurt i\u00e7inde ve yurt d\u0131\u015f\u0131nda vak\u0131f kurmak, federasyon kurmak veya kurulu bir federasyona kat\u0131lmak, gerekli izin al\u0131narak derneklerin kurabilece\u011fi tesisleri kurmak,<\/p>\n<p style=\"text-align: justify;\">\u00a028) Dernek \u00fcyelerinin yiyecek, giyecek gibi zaruri ihtiya\u00e7 maddelerini ve di\u011fer mal ve hizmetlerle k\u0131sa vadeli kredi ihtiya\u00e7lar\u0131n\u0131 kar\u015f\u0131lamak amac\u0131yla sand\u0131k kurmak,<\/p>\n<p style=\"text-align: justify;\"><strong>Derne\u011fin Faaliyet Alan\u0131<\/strong><\/p>\n<p style=\"text-align: justify;\"><strong>Madde-4.<em> <\/em><\/strong>1) Dernek, ar\u015fivcilik ve k\u00fct\u00fcphanecilik alan\u0131nda yurt i\u00e7inde ve yurt d\u0131\u015f\u0131nda faaliyet g\u00f6sterir.<\/p>\n<p style=\"text-align: justify;\"><strong>\u00dcye Olma Hakk\u0131 ve \u00dcyelik \u0130\u015flemleri<\/strong><\/p>\n<p style=\"text-align: justify;\"><strong>Madde &#8230;.<\/strong>&#8211; Fiil ehliyetine sahip bulunan ve derne\u011fin ama\u00e7 ve ilkelerini benimseyerek bu do\u011frultuda \u00e7al\u0131\u015fmay\u0131 kabul eden ve Mevzuat\u0131n \u00f6ng\u00f6rd\u00fc\u011f\u00fc ko\u015fullar\u0131n\u0131 ta\u015f\u0131yan her ger\u00e7ek ve t\u00fczel ki\u015fi bu derne\u011fe \u00fcye olma hakk\u0131na sahiptir. Ancak, yabanc\u0131 ger\u00e7ek ki\u015filerin \u00fcye olabilmesi i\u00e7in T\u00fcrkiye\u2019de yerle\u015fme hakk\u0131na sahip olmas\u0131 da gerekir. Onursal \u00fcyelik i\u00e7in bu ko\u015ful aranmaz.<\/p>\n<p style=\"text-align: justify;\">Dernek ba\u015fkanl\u0131\u011f\u0131na yaz\u0131l\u0131 olarak yap\u0131lacak \u00fcyelik ba\u015fvurusu, dernek y\u00f6netim kurulunca en \u00e7ok otuz g\u00fcn i\u00e7inde \u00fcyeli\u011fe kabul veya iste\u011fin reddi \u015feklinde karara ba\u011flan\u0131r ve sonu\u00e7 yaz\u0131yla ba\u015fvuru sahibine bildirilir. Ba\u015fvurusu kabul edilen \u00fcye, bu ama\u00e7la tutulacak deftere kaydedilir.<\/p>\n<p style=\"text-align: justify;\">Derne\u011fin as\u0131l \u00fcyeleri, derne\u011fin kurucular\u0131 ile m\u00fcracaatlar\u0131 \u00fczerine y\u00f6netim kurulunca \u00fcyeli\u011fe kabul edilen ki\u015filerdir.<\/p>\n<p style=\"text-align: justify;\">Derne\u011fe maddi ve manevi bak\u0131mdan \u00f6nemli destek sa\u011flam\u0131\u015f bulunanlar y\u00f6netim kurulu karar\u0131 ile onursal \u00fcye olarak kabul edilebilir.<\/p>\n<p style=\"text-align: justify;\">Derne\u011fin \u015fube say\u0131s\u0131 \u00fc\u00e7ten fazla oldu\u011funda dernek merkezinde kay\u0131tl\u0131 bulunanlar\u0131n \u00fcyelik kay\u0131tlar\u0131 \u015fubelere aktar\u0131l\u0131r. Yeni \u00fcyelik m\u00fcracaatlar\u0131 \u015fubelere yap\u0131l\u0131r. \u00dcyeli\u011fe kabul ve \u00fcyelikten silinme i\u015flemleri \u015fube y\u00f6netim kurullar\u0131 taraf\u0131ndan yap\u0131l\u0131r ve en \u00e7ok otuz g\u00fcn i\u00e7inde bir yaz\u0131yla Genel Merkeze bildirilir.<\/p>\n<p style=\"text-align: justify;\"><strong>\u00dcyelikten \u00c7\u0131kma<\/strong><\/p>\n<p style=\"text-align: justify;\"><strong>Madde &#8230;..<\/strong>-Her \u00fcye yaz\u0131l\u0131 olarak bildirmek kayd\u0131yla, dernekten \u00e7\u0131kma hakk\u0131na sahiptir.<\/p>\n<p style=\"text-align: justify;\">\u00dcyenin istifa dilek\u00e7esi y\u00f6netim kuruluna ula\u015ft\u0131\u011f\u0131 anda \u00e7\u0131k\u0131\u015f i\u015flemleri sonu\u00e7lanm\u0131\u015f say\u0131l\u0131r. \u00dcyelikten ayr\u0131lma, \u00fcyenin derne\u011fe olan birikmi\u015f bor\u00e7lar\u0131n\u0131 sona erdirmez.<\/p>\n<p style=\"text-align: justify;\"><strong>\u00dcyelikten \u00c7\u0131kar\u0131lma<\/strong><\/p>\n<p style=\"text-align: justify;\"><strong>Madde &#8230;..<\/strong>-Dernek \u00fcyeli\u011finden \u00e7\u0131kar\u0131lmay\u0131 gerektiren haller:<\/p>\n<p style=\"text-align: justify;\">1-Dernek t\u00fcz\u00fc\u011f\u00fcne ayk\u0131r\u0131 davran\u0131\u015flarda bulunmak,<\/p>\n<p style=\"text-align: justify;\">2-Verilen g\u00f6revlerden s\u00fcrekli ka\u00e7\u0131nmak,<\/p>\n<p style=\"text-align: justify;\">3-Yaz\u0131l\u0131 ikazlara ra\u011fmen \u00fcyelik aidat\u0131n\u0131 alt\u0131 ay i\u00e7inde \u00f6dememek,<\/p>\n<p style=\"text-align: justify;\">4-Dernek organlar\u0131nca verilen kararlara uymamak.5-\u00dcye olma \u015fartlar\u0131n\u0131 kaybetmi\u015f olmak,<\/p>\n<p style=\"text-align: justify;\">Yukar\u0131da say\u0131lan durumlardan birinin tespiti halinde y\u00f6netim kurulu karar\u0131 ile \u00fcyelikten \u00e7\u0131kar\u0131labilir.<\/p>\n<p style=\"text-align: justify;\">Dernekten \u00e7\u0131kan veya \u00e7\u0131kar\u0131lanlar, \u00fcye kay\u0131t defterinden silinir ve dernek malvarl\u0131\u011f\u0131nda hak iddia edemez.<\/p>\n<p style=\"text-align: justify;\"><strong>Dernek\u00a0 Organlar\u0131<\/strong><\/p>\n<p style=\"text-align: justify;\"><strong>Madde &#8230;&#8230;<\/strong>-Derne\u011fin organlar\u0131 a\u015fa\u011f\u0131da g\u00f6sterilmi\u015ftir.<\/p>\n<p style=\"text-align: justify;\">\u00a0\u00a0\u00a0\u00a0\u00a0\u00a0 1-Genel kurul,<\/p>\n<p style=\"text-align: justify;\">\u00a0\u00a0\u00a0\u00a0\u00a0\u00a0 2-Y\u00f6netim kurulu,<\/p>\n<p style=\"text-align: justify;\">\u00a0\u00a0\u00a0\u00a0\u00a0\u00a0 3-Denetim kurulu,<\/p>\n<p style=\"text-align: justify;\">\u00a0\u00a0\u00a0\u00a0\u00a0\u00a0 4- \u0130sti\u015fare Kurulu<\/p>\n<p style=\"text-align: justify;\"><strong>Y\u00f6netim Kurulunun Te\u015fkili, G\u00f6rev ve Yetkileri<\/strong><\/p>\n<p style=\"text-align: justify;\"><strong>Madde &#8230;&#8230;<\/strong>-Y\u00f6netim kurulu yedi as\u0131l ve yedi yedek \u00fcye olarak genel kurulca se\u00e7ilir.<\/p>\n<p style=\"text-align: justify;\">Y\u00f6netim kurulu, se\u00e7imden sonraki ilk toplant\u0131s\u0131nda bir kararla g\u00f6rev b\u00f6l\u00fc\u015f\u00fcm\u00fc yaparak ba\u015fkan, ba\u015fkan yard\u0131mc\u0131lar\u0131, genel sekreter, sayman ve \u00fcyeleri belirler&#8230;&#8230;&#8230;&#8230;.<\/p>\n<p style=\"text-align: justify;\"><strong>Denetim Kurulunun Te\u015fkili, G\u00f6rev ve Yetkileri<\/strong><\/p>\n<p style=\"text-align: justify;\"><strong>Madde &#8230;&#8230;-<\/strong>Denetim kurulu, \u00fc\u00e7 as\u0131l ve \u00fc\u00e7 yedek \u00fcye olarak genel kurulca se\u00e7ilir&#8230;&#8230;&#8230;&#8230;&#8230;&#8230;<\/p>\n<p style=\"text-align: justify;\"><strong>\u0130sti\u015fare Kurulunun Te\u015fkili, G\u00f6rev ve Yetkileri<\/strong><\/p>\n<p style=\"text-align: justify;\"><strong>Madde &#8230;&#8230;- <\/strong>\u0130sti\u015fare Kurulu, mesleki alanda uzman \u00f6\u011fretim g\u00f6revlileri, kamu kurum ve kurulu\u015flar\u0131n\u0131n bu alanla ilgili yetkilileri, sivil toplum kurulu\u015flar\u0131n\u0131n temsilcileri ile \u00f6zel sekt\u00f6rde g\u00f6revli uzman ki\u015filerden y\u00f6netim kurulunca belirlenen ve davet edilen \u00a0en az 7 en \u00e7ok 21 asil \u00fcyeden olu\u015fur. Yap\u0131lacak isti\u015farenin g\u00fcndem maddelerinin i\u00e7eri\u011fi ve geni\u015fli\u011fine\u00a0 g\u00f6re bu say\u0131 bir \u00fcst s\u0131n\u0131r olmaks\u0131z\u0131n art\u0131r\u0131labilir&#8230;&#8230;&#8230;<\/p>\n<p style=\"text-align: justify;\"><strong>Derne\u011fin Gelir Kaynaklar\u0131<\/strong> <strong>\u00a0<\/strong><\/p>\n<p style=\"text-align: justify;\"><strong>Madde &#8230;&#8230;<\/strong>-Derne\u011fin gelir kaynaklar\u0131 a\u015fa\u011f\u0131da say\u0131lm\u0131\u015ft\u0131r.<\/p>\n<p style=\"text-align: justify;\">1- \u00dcye aidat\u0131: Asil \u00fcyelerden giri\u015f \u00f6dentisi olarak\u00a0 20 TL, ayl\u0131k olarak da 3 TL aidat al\u0131n\u0131r. \u00d6\u011frenci \u00fcyelerden giri\u015f \u00f6dentisi olarak 10 TL, ayl\u0131k olarak da 1,5 TL aidat al\u0131n\u0131r. Aidatlar y\u0131ll\u0131k olarak toplan\u0131r. Bu miktarlar\u0131 art\u0131rmaya veya eksiltmeye genel kurul yetkilidir.<\/p>\n<p style=\"text-align: justify;\">2- \u015eube kurulmas\u0131 halinde, derne\u011fin genel giderlerini kar\u015f\u0131lamak \u00fczere \u015fubeler taraf\u0131ndan tahsil edilen \u00fcye \u00f6dentilerinin %50\u2019si alt\u0131 ayda bir genel merkeze g\u00f6nderilir,<\/p>\n<p style=\"text-align: justify;\">3-Ger\u00e7ek ve t\u00fczel ki\u015filerin kendi iste\u011fi ile derne\u011fe yapt\u0131klar\u0131 ba\u011f\u0131\u015f ve yard\u0131mlar,<\/p>\n<p style=\"text-align: justify;\">4-Dernek taraf\u0131ndan tertiplenen \u00e7ay ve yemekli toplant\u0131, gezi ve e\u011flence, temsil, konser, spor yar\u0131\u015fmas\u0131, konferans gibi faaliyetlerden ve sponsorluk s\u00f6zle\u015fmelerinden sa\u011flanan gelirler,<\/p>\n<p style=\"text-align: justify;\">5-Derne\u011fin mal varl\u0131\u011f\u0131ndan elde edilen gelirler,<\/p>\n<p style=\"text-align: justify;\">6-Yard\u0131m toplama hakk\u0131ndaki mevzuat h\u00fck\u00fcmlerine uygun olarak toplanacak ba\u011f\u0131\u015f ve yard\u0131mlar,<\/p>\n<p style=\"text-align: justify;\">7-Derne\u011fin, amac\u0131n\u0131 ger\u00e7ekle\u015ftirmek i\u00e7in ihtiya\u00e7 duydu\u011fu geliri temin etmek amac\u0131yla giri\u015fti\u011fi ticari faaliyetlerden elde edilen kazan\u00e7lar,<\/p>\n<p style=\"text-align: justify;\">8-Di\u011fer gelirler.<\/p>\n<p style=\"text-align: justify;\"><strong>H\u00fck\u00fcm Eksikli\u011fi<\/strong><\/p>\n<p style=\"text-align: justify;\"><strong>Madde &#8230;..<\/strong>-Bu t\u00fcz\u00fckte belirtilmemi\u015f hususlarda\u00a0 Dernekler Kanunu, T\u00fcrk Medeni Kanunu ve bu kanunlara atfen \u00e7\u0131kart\u0131lm\u0131\u015f olan Dernekler Y\u00f6netmeli\u011fi ve ilgili di\u011fer mevzuat\u0131n dernekler hakk\u0131ndaki h\u00fck\u00fcmleri uygulan\u0131r.<\/p>\n<p style=\"text-align: justify;\"><strong>Ge\u00e7ici Madde 1- <\/strong>\u0130lk genel kurulda dernek organlar\u0131 olu\u015fturulana kadar, derne\u011fi temsil edecek ve dernekle ilgili i\u015f ve i\u015flemleri y\u00fcr\u00fctecek olan ge\u00e7ici y\u00f6netim kurulu \u00fcyeleri a\u015fa\u011f\u0131da belirtilmi\u015ftir.<\/p>\n<p style=\"text-align: justify;\">Ge\u00e7ici Y\u00f6netim Kurulu \u00dcyelerinin;<\/p>\n<p style=\"text-align: justify;\">Ad\u0131 ve Soyad\u0131\u00a0\u00a0\u00a0\u00a0\u00a0\u00a0 :\u00a0 G\u00f6rev Unvan\u0131\u00a0\u00a0\u00a0\u00a0\u00a0\u00a0\u00a0\u00a0\u00a0\u00a0\u00a0\u00a0\u00a0 :<\/p>\n<p style=\"text-align: justify;\"><strong>Bu t\u00fcz\u00fck &#8230;&#8230;..\u00a0 madde ve 1(Bir) ge\u00e7ici maddeden ibarettir.<\/strong><\/p>\n<p style=\"text-align: justify;\">Bu maddeler t\u00fcz\u00fc\u011f\u00fcn asli h\u00fck\u00fcmleri olup, di\u011fer maddeler hemen hemen di\u011fer denek t\u00fcz\u00fcklerindeki gibi standartt\u0131r.<\/p>\n","protected":false},"excerpt":{"rendered":"<p>A\u015fa\u011f\u0131daki maddeler t\u00fcz\u00fc\u011f\u00fcn asli h\u00fck\u00fcmleri olup, di\u011fer maddeler hemen hemen di\u011fer dernek t\u00fcz\u00fcklerindeki gibi standartt\u0131r. Bu maddeler \u00fczerindeki g\u00f6r\u00fc\u015f, \u00f6neri ve ele\u015ftirilerinizi &#8220;DernekFikri@gmail.com&#8221; adresinize g\u00f6nderebilirsiniz.<\/p>\n","protected":false},"author":1,"featured_media":0,"comment_status":"open","ping_status":"open","sticky":false,"template":"","format":"standard","meta":{"footnotes":""},"categories":[1],"tags":[441,1433],"class_list":["post-9051","post","type-post","status-publish","format-standard","hentry","category-genel","tag-arcader","tag-arsiv-calisanlari-dernegi"],"_links":{"self":[{"href":"https:\/\/www.bbyhaber.com\/bby\/wp-json\/wp\/v2\/posts\/9051"}],"collection":[{"href":"https:\/\/www.bbyhaber.com\/bby\/wp-json\/wp\/v2\/posts"}],"about":[{"href":"https:\/\/www.bbyhaber.com\/bby\/wp-json\/wp\/v2\/types\/post"}],"author":[{"embeddable":true,"href":"https:\/\/www.bbyhaber.com\/bby\/wp-json\/wp\/v2\/users\/1"}],"replies":[{"embeddable":true,"href":"https:\/\/www.bbyhaber.com\/bby\/wp-json\/wp\/v2\/comments?post=9051"}],"version-history":[{"count":0,"href":"https:\/\/www.bbyhaber.com\/bby\/wp-json\/wp\/v2\/posts\/9051\/revisions"}],"wp:attachment":[{"href":"https:\/\/www.bbyhaber.com\/bby\/wp-json\/wp\/v2\/media?parent=9051"}],"wp:term":[{"taxonomy":"category","embeddable":true,"href":"https:\/\/www.bbyhaber.com\/bby\/wp-json\/wp\/v2\/categories?post=9051"},{"taxonomy":"post_tag","embeddable":true,"href":"https:\/\/www.bbyhaber.com\/bby\/wp-json\/wp\/v2\/tags?post=9051"}],"curies":[{"name":"wp","href":"https:\/\/api.w.org\/{rel}","templated":true}]}}