{"id":905,"date":"2018-04-19T21:42:53","date_gmt":"2018-04-19T18:42:53","guid":{"rendered":"http:\/\/ihalekutuphane.com\/?p=905"},"modified":"2018-04-19T21:42:53","modified_gmt":"2018-04-19T18:42:53","slug":"kutuphaneciler-kitap-okumasin","status":"publish","type":"post","link":"https:\/\/www.bbyhaber.com\/bby\/2018\/04\/19\/kutuphaneciler-kitap-okumasin","title":{"rendered":"K\u00fct\u00fcphaneciler Kitap Okumas\u0131n!"},"content":{"rendered":"<p>Merhabalar,<\/p>\n<p><span style=\"font-size: 16px;\">K\u00fct\u00fcphaneciler kitap okumas\u0131n ba\u015fl\u0131\u011f\u0131n\u0131 <\/span><span style=\"font-size: 16px;\">g\u00f6renler ne demek istiyor bu adam diye d\u00fc\u015f\u00fcnebilir haklar\u0131 da vard\u0131r. Ben olaya ba\u015fka bir pencereden bakaca\u011f\u0131m.\u00a0<\/span><\/p>\n<p><img loading=\"lazy\" decoding=\"async\" class=\"alignleft size-medium wp-image-906\" src=\"http:\/\/ihalekutuphane.com\/wp-content\/uploads\/2018\/04\/K\u00fct\u00fcphaneciler-kitap-okumas\u0131n-300x171.jpg\" alt=\"\" width=\"300\" height=\"171\" \/>1997 y\u0131l\u0131nda \u0130stanbul \u00dcniversitesinde K\u00fct\u00fcphanecilik B\u00f6l\u00fcm\u00fc Dok\u00fcmantasyon ve Enformasyon Anabilim dal\u0131na ba\u015flad\u0131m.\u00a0 Okudu\u011fum anabilim dal\u0131n\u0131 yazd\u0131m ki haval\u0131 olsun \ud83d\ude42<\/p>\n<p>Bilmeyenler i\u00e7in 2018 y\u0131l\u0131 i\u00e7indeyiz. Okula ba\u015flad\u0131\u011f\u0131m y\u0131ldan beri <strong>&#8220;Oku&#8221;<\/strong> ve <strong>&#8220;Okumak&#8221;<\/strong> teriminin <strong>&#8220;K\u00fct\u00fcphanecili\u011fin&#8221;<\/strong> \u00f6n\u00fcne ge\u00e7ti\u011fini d\u00fc\u015f\u00fcn\u00fcyorum.<\/p>\n<p>Bu duruma biz K\u00fct\u00fcphaneciler neden olduk. Her K\u00fct\u00fcphane Haftas\u0131n\u0131n slogan\u0131 farkl\u0131 olsa da bas\u0131na yans\u0131yan,\u00a0 halk\u0131n ve devlet b\u00fcy\u00fcklerimizin dilinde Okumak ile ilgili kelamlar bolca ge\u00e7iyor.<\/p>\n<p><span style=\"color: #ff0000;\">Bu durum asl\u0131nda mesle\u011fe zararda veriyor. Ge\u00e7enler de pazarc\u0131 mesle\u011fimi sordu. G\u00f6\u011fs\u00fcm kabararak &#8220;K\u00fct\u00fcphaneci&#8221; dedim.\u00a0 Bana d\u00f6nd\u00fc dedi ki ak\u015fama kadar <strong>&#8220;Kitap m\u0131 okuyorsunuz&#8221;<\/strong> <\/span><\/p>\n<p><span style=\"color: #ff0000;\">Pazarc\u0131 hakl\u0131. Bizler s\u00fcrekli g\u00fcndeme &#8220;K\u00fct\u00fcphane Haftalar\u0131nda&#8221; kitap okuyarak geliyoruz.\u00a0 Adam\u0131n akl\u0131na bunun gelmesi do\u011fal&#8230;<\/span><\/p>\n<p>Ayn\u0131 \u015feyi akademik unvan\u0131 en \u00fcst seviyedeki hoca da sordu &#8220;Ak\u015fama Kadar Kitap M\u0131 Okuyorsunuz&#8221; \u0130nsan\u0131n evet ak\u015fama kadar hi\u00e7 \u00e7al\u0131\u015fm\u0131yoruz. K\u00fct\u00fcphanede ba\u015fka hi\u00e7 bir i\u015f yok. Bizde mesaimizi kitap okuyarak tamaml\u0131yoruz diyesim geldi. Tabi ki demedim olur mu hocam \u015funlar\u0131 \u015funlar\u0131 da yap\u0131yoruz deyip savunmaya ge\u00e7tim.<\/p>\n<p>Ne ac\u0131 demi insan\u0131n o kadar i\u015f yap\u0131p kendini savunmas\u0131 \ud83d\ude41<\/p>\n<p>Bu y\u00fczden meslekta\u015flara \u00f6nerim L\u00fctfen K\u00fct\u00fcphane haftalar\u0131nda fark\u0131ndal\u0131k olu\u015fturaca\u011f\u0131z diye okumay\u0131n&#8230;.<\/p>\n<p>K\u00fct\u00fcphanelerin i\u015flevleri de\u011fi\u015fti&#8230;. Art\u0131k farkl\u0131 terimler bulup reklam\u0131n\u0131 yapal\u0131m.<\/p>\n<p><a href=\"http:\/\/ihalekutuphane.com\/2018\/04\/19\/kutuphaneciler-kitap-okumasin\/\" target=\"_blank\" rel=\"noopener\">Kaynak<\/a><\/p>\n","protected":false},"excerpt":{"rendered":"<p>Merhabalar, K\u00fct\u00fcphaneciler kitap okumas\u0131n ba\u015fl\u0131\u011f\u0131n\u0131 g\u00f6renler ne demek istiyor bu adam diye d\u00fc\u015f\u00fcnebilir haklar\u0131 da vard\u0131r. Ben olaya ba\u015fka bir pencereden bakaca\u011f\u0131m.\u00a0 1997 y\u0131l\u0131nda \u0130stanbul \u00dcniversitesinde K\u00fct\u00fcphanecilik B\u00f6l\u00fcm\u00fc Dok\u00fcmantasyon ve Enformasyon Anabilim dal\u0131na ba\u015flad\u0131m.\u00a0 Okudu\u011fum anabilim dal\u0131n\u0131 yazd\u0131m ki haval\u0131 olsun \ud83d\ude42 Bilmeyenler i\u00e7in 2018 y\u0131l\u0131 i\u00e7indeyiz. Okula ba\u015flad\u0131\u011f\u0131m y\u0131ldan beri &#8220;Oku&#8221; ve &#8220;Okumak&#8221; teriminin [&hellip;]<\/p>\n","protected":false},"author":154,"featured_media":906,"comment_status":"open","ping_status":"open","sticky":false,"template":"","format":"standard","meta":{"footnotes":""},"categories":[1],"tags":[605,1165,1166],"class_list":["post-905","post","type-post","status-publish","format-standard","has-post-thumbnail","hentry","category-genel","tag-kitap","tag-kutuphaneciler","tag-okumasin"],"_links":{"self":[{"href":"https:\/\/www.bbyhaber.com\/bby\/wp-json\/wp\/v2\/posts\/905"}],"collection":[{"href":"https:\/\/www.bbyhaber.com\/bby\/wp-json\/wp\/v2\/posts"}],"about":[{"href":"https:\/\/www.bbyhaber.com\/bby\/wp-json\/wp\/v2\/types\/post"}],"author":[{"embeddable":true,"href":"https:\/\/www.bbyhaber.com\/bby\/wp-json\/wp\/v2\/users\/154"}],"replies":[{"embeddable":true,"href":"https:\/\/www.bbyhaber.com\/bby\/wp-json\/wp\/v2\/comments?post=905"}],"version-history":[{"count":0,"href":"https:\/\/www.bbyhaber.com\/bby\/wp-json\/wp\/v2\/posts\/905\/revisions"}],"wp:featuredmedia":[{"embeddable":true,"href":"https:\/\/www.bbyhaber.com\/bby\/wp-json\/wp\/v2\/posts\/906"}],"wp:attachment":[{"href":"https:\/\/www.bbyhaber.com\/bby\/wp-json\/wp\/v2\/media?parent=905"}],"wp:term":[{"taxonomy":"category","embeddable":true,"href":"https:\/\/www.bbyhaber.com\/bby\/wp-json\/wp\/v2\/categories?post=905"},{"taxonomy":"post_tag","embeddable":true,"href":"https:\/\/www.bbyhaber.com\/bby\/wp-json\/wp\/v2\/tags?post=905"}],"curies":[{"name":"wp","href":"https:\/\/api.w.org\/{rel}","templated":true}]}}