{"id":9030,"date":"2013-01-21T13:00:37","date_gmt":"2013-01-21T11:00:37","guid":{"rendered":"http:\/\/www.bbyhaber.com\/bby\/?p=9030"},"modified":"2013-01-21T13:02:46","modified_gmt":"2013-01-21T11:02:46","slug":"ogretmenin-kutuphane-kurma-cabasi-corum","status":"publish","type":"post","link":"https:\/\/www.bbyhaber.com\/bby\/2013\/01\/21\/ogretmenin-kutuphane-kurma-cabasi-corum","title":{"rendered":"\u00d6\u011fretmenin K\u00fct\u00fcphane Kurma \u00c7abas\u0131-\u00c7orum"},"content":{"rendered":"<p style=\"text-align: justify;\"><img loading=\"lazy\" decoding=\"async\" class=\"alignleft\" src=\"http:\/\/www.corumhakimiyet.net\/yonetim\/uploads\/ICSLIINAQGBEYQRLWIOF.jpg\" alt=\"\" width=\"215\" height=\"124\" \/>\u00c7orum&#8217;da bir ilk\u00f6\u011fretim okulu \u00f6\u011fretmeni, okula kurmak istedikleri k\u00fct\u00fcphane i\u00e7in sosyal payla\u015f\u0131m siteleri arac\u0131l\u0131\u011f\u0131yla kampanya ba\u015flatt\u0131. Bah\u00e7elievler Mahallesi&#8217;nde bin 800 \u00f6\u011frencinin e\u011fitim g\u00f6rd\u00fc\u011f\u00fc Kar\u015f\u0131yaka \u0130lk\u00f6\u011fretim ve Ortaokulu&#8217;nun T\u00fcrk\u00e7e \u00f6\u011fretmeni Erg\u00fcl Aslan, k\u00fct\u00fcphanesi bulunmayan okulun bu y\u00f6ndeki ihtiyac\u0131n\u0131n giderilmesi i\u00e7in \u00e7al\u0131\u015fma ba\u015flatt\u0131.<!--more--><\/p>\n<p style=\"text-align: justify;\">\u0130lk olarak \u00f6\u011frenci ve aileleri ile meslekta\u015flar\u0131ndan evlerindeki kullanmad\u0131klar\u0131 kitaplar\u0131 okula getirmelerini isteyen Aslan, bu \u015fekilde bir miktar kitap toplayabildi. Kitap ihtiyac\u0131n\u0131n kar\u015f\u0131lanmas\u0131 amac\u0131yla sosyal medyadaki pop\u00fcler sitelerde hesap a\u00e7an Aslan, y\u00fczlerce ki\u015fi, kurum ve kurulu\u015f ile sivil toplum \u00f6rg\u00fct\u00fcnemesajg\u00f6nderdi.<\/p>\n<p style=\"text-align: justify;\">Twitter&#8217;da a\u00e7t\u0131\u011f\u0131 kendi ki\u015fisel hesab\u0131ndan &#8220;\u00c7orum Merkez Kar\u015f\u0131yaka Ortaokulu&#8217;na k\u00fct\u00fcphane a\u00e7maya \u00e7al\u0131\u015f\u0131yoruz. Bin 800 \u00f6\u011frencimiz var ancak k\u00fct\u00fcphanemiz yok. Yard\u0131mc\u0131 olur musunuz-&#8221; yazarak payla\u015f\u0131mda bulunan Aslan, di\u011fer sosyal payla\u015f\u0131m sitesi Facebook \u00fczerinden de &#8220;Demokrasilerin beslenece\u011fi tek g\u0131da kitapt\u0131r anlay\u0131\u015f\u0131yla gelece\u011fe y\u00f6nelik bir \u00e7al\u0131\u015fma ba\u015flatt\u0131k. Okulumuza bir k\u00fct\u00fcphane kurmak istiyoruz. Bize yard\u0131m edin, bu tohumu hep birlikte sa\u00e7al\u0131m. Tek ba\u015f\u0131m\u0131za yapam\u0131yoruz. L\u00fctfen sizler de bize destek olun&#8221; s\u00f6zlerini yazarak destek istedi.<\/p>\n<p style=\"text-align: justify;\">S\u00f6z konusu yard\u0131m mesajlar\u0131na bir \u00e7ok ki\u015finin d\u00f6n\u00fc\u015f yapt\u0131\u011f\u0131n\u0131 ancak \u015fu ana kadar kendilerine ula\u015fan herhangi bir materyalin bulunmad\u0131\u011f\u0131n\u0131 dile getiren Erg\u00fcl Aslan, k\u00fct\u00fcphane kurulacak alan\u0131n belirlendi\u011fini ancak destek olmadan bunu ba\u015faramayacaklar\u0131n\u0131 dile getirerek \u015f\u00f6yle devam etti:<\/p>\n<p style=\"text-align: justify;\">&#8220;\u00d6zellikle k\u0131rsal kesimdeki \u00f6\u011frencilerin bulundu\u011fu okulumuz, gerek e\u011fitim-\u00f6\u011fretim gerek sosyal faaliyetler gerekse sportif konularda ba\u015far\u0131l\u0131 bir okul. Ancak ne yaz\u0131k ki okulumuzda k\u00fct\u00fcphane bulunmuyor. B\u00f6lgemizde de okulumuza yak\u0131n bir k\u00fct\u00fcphane yok. Okuma al\u0131\u015fkanl\u0131\u011f\u0131 konusunda da ba\u015far\u0131l\u0131 olmak i\u00e7in bir \u00e7al\u0131\u015fma ba\u015flatt\u0131k. Okulumuzda sadece bir kitapl\u0131k bulunuyor. \u0130stedik ki okulumuzda bir k\u00fct\u00fcphane bulunsun ve bu k\u00fct\u00fcphane sadece \u00f6\u011frencilerimize de\u011fil b\u00f6lge halk\u0131na da hitap etsin.&#8221;<\/p>\n<p style=\"text-align: justify;\">Kampanyay\u0131 sosyal medyaya ta\u015f\u0131d\u0131ktan sonra \u00e7ok olumlu tepkiler ald\u0131klar\u0131n\u0131 vurgulayan Aslan, &#8220;\u00c7al\u0131\u015fmaya ba\u015flayal\u0131 3 ay oluyor ama \u00e7ok fazla ad\u0131m atamad\u0131k. Son olarak \u00e7areyi sosyal medyaya yazmakta bulduk. B\u00fct\u00fcn T\u00fcrk\u00e7e \u00f6\u011fretmenlerin \u00e7abas\u0131yla bu i\u015f y\u00fcr\u00fcyor ama sosyal medya aya\u011f\u0131na ben bak\u0131yorum. Twitter ve Facebook&#8217;tan insanlara yard\u0131m \u00e7a\u011fr\u0131lar\u0131 yapt\u0131m. Olumlu d\u00f6n\u00fc\u015fleri de oldu. Ama hen\u00fcz somut bir \u015fey yok. Maddi katk\u0131da bulunmak isteyenlere okulun hesap numaras\u0131n\u0131, kitap g\u00f6ndermek isteyenlere de adresimizi verdik. \u0130stiyoruz ki STK&#8217;lardan, hay\u0131rsever i\u015f adamlar\u0131m\u0131zdan da destek gelsin. Bizim ekmeye \u00e7al\u0131\u015ft\u0131\u011f\u0131m\u0131z tohuma onlar da katk\u0131da bulunursa bunun meyvelerini hep beraber al\u0131r\u0131z&#8221; ifadelerini kulland\u0131.<\/p>\n<p style=\"text-align: justify;\">-\u00d6\u011frencilerin g\u00f6r\u00fc\u015fleri-<\/p>\n<p style=\"text-align: justify;\">Okulun 7&#8217;inci s\u0131n\u0131f \u00f6\u011frencisi Berkay Alka\u00e7, s\u0131n\u0131f olarak kitap okumay\u0131 \u00e7ok sevdiklerini belirterek, yeni kitaplar okuyabilmek i\u00e7in k\u00fct\u00fcphane kurulmas\u0131n\u0131 istediklerini s\u00f6yledi.<\/p>\n<p style=\"text-align: justify;\">\u00d6\u011frenci Buket Nayman ise \u00f6\u011fretmenlerin deste\u011fiyle kitap okuma al\u0131\u015fkanl\u0131\u011f\u0131 kazand\u0131klar\u0131n\u0131 ve okuduk\u00e7a yeni bilgiler edindiklerini belirterek, &#8220;Okudu\u011fumuz kitaplar sayesinde daha iyi geli\u015fti\u011fimizi ve s\u0131navlarda daha ba\u015far\u0131l\u0131 oldu\u011fumuzu hissediyoruz. Kitaplar\u0131m\u0131z\u0131 bir dost olarak g\u00f6r\u00fcyoruz. Ama bizim sorunumuz okulumuzda k\u00fct\u00fcphanemizin olmamas\u0131. Bu nedenle elinde kitap olanlardan, maddi durumu iyi olanlardan ciddi bir yard\u0131m istiyoruz&#8221; dedi.<\/p>\n<p style=\"text-align: justify;\">Kaynak: www.corumhakimiyet.net<\/p>\n","protected":false},"excerpt":{"rendered":"<p>\u00c7orum&#8217;da bir ilk\u00f6\u011fretim okulu \u00f6\u011fretmeni, okula kurmak istedikleri k\u00fct\u00fcphane i\u00e7in sosyal payla\u015f\u0131m siteleri arac\u0131l\u0131\u011f\u0131yla kampanya ba\u015flatt\u0131. Bah\u00e7elievler Mahallesi&#8217;nde bin 800 \u00f6\u011frencinin e\u011fitim g\u00f6rd\u00fc\u011f\u00fc Kar\u015f\u0131yaka \u0130lk\u00f6\u011fretim ve Ortaokulu&#8217;nun T\u00fcrk\u00e7e \u00f6\u011fretmeni Erg\u00fcl Aslan, k\u00fct\u00fcphanesi bulunmayan okulun bu y\u00f6ndeki ihtiyac\u0131n\u0131n giderilmesi i\u00e7in \u00e7al\u0131\u015fma ba\u015flatt\u0131.<\/p>\n","protected":false},"author":1,"featured_media":0,"comment_status":"open","ping_status":"open","sticky":false,"template":"","format":"standard","meta":{"footnotes":""},"categories":[1],"tags":[],"class_list":["post-9030","post","type-post","status-publish","format-standard","hentry","category-genel"],"_links":{"self":[{"href":"https:\/\/www.bbyhaber.com\/bby\/wp-json\/wp\/v2\/posts\/9030"}],"collection":[{"href":"https:\/\/www.bbyhaber.com\/bby\/wp-json\/wp\/v2\/posts"}],"about":[{"href":"https:\/\/www.bbyhaber.com\/bby\/wp-json\/wp\/v2\/types\/post"}],"author":[{"embeddable":true,"href":"https:\/\/www.bbyhaber.com\/bby\/wp-json\/wp\/v2\/users\/1"}],"replies":[{"embeddable":true,"href":"https:\/\/www.bbyhaber.com\/bby\/wp-json\/wp\/v2\/comments?post=9030"}],"version-history":[{"count":0,"href":"https:\/\/www.bbyhaber.com\/bby\/wp-json\/wp\/v2\/posts\/9030\/revisions"}],"wp:attachment":[{"href":"https:\/\/www.bbyhaber.com\/bby\/wp-json\/wp\/v2\/media?parent=9030"}],"wp:term":[{"taxonomy":"category","embeddable":true,"href":"https:\/\/www.bbyhaber.com\/bby\/wp-json\/wp\/v2\/categories?post=9030"},{"taxonomy":"post_tag","embeddable":true,"href":"https:\/\/www.bbyhaber.com\/bby\/wp-json\/wp\/v2\/tags?post=9030"}],"curies":[{"name":"wp","href":"https:\/\/api.w.org\/{rel}","templated":true}]}}