{"id":902,"date":"2011-08-02T17:33:42","date_gmt":"2011-08-02T17:33:42","guid":{"rendered":"http:\/\/www.bbyhaber.com\/bby\/?p=902"},"modified":"2012-05-30T13:13:49","modified_gmt":"2012-05-30T13:13:49","slug":"gezici-kutuphane-vatandasin-ayagina-gidiyor-gumushane","status":"publish","type":"post","link":"https:\/\/www.bbyhaber.com\/bby\/2011\/08\/02\/gezici-kutuphane-vatandasin-ayagina-gidiyor-gumushane","title":{"rendered":"Gezici K\u00fct\u00fcphane Vatanda\u015f\u0131n Aya\u011f\u0131na Gidiyor-G\u00fcm\u00fc\u015fhane"},"content":{"rendered":"<p style=\"text-align: justify;\" align=\"justify\">G\u00fcm\u00fc\u015fhane Valisi Enver Saliho\u011flu, Sosyal Destek Program\u0131 (SODES) kapsam\u0131nda K\u00fclt\u00fcr ve Turizm M\u00fcd\u00fcrl\u00fc\u011f\u00fc taraf\u0131ndan 2 bin adet kitapla birlikte sat\u0131n al\u0131nan gezici k\u00fct\u00fcphanenin k\u00f6ylere kadar giderek, vatanda\u015flara hem kitap okuma imkan\u0131 sa\u011flad\u0131\u011f\u0131n\u0131 hem de okuma al\u0131\u015fkanl\u0131\u011f\u0131 kazand\u0131rd\u0131\u011f\u0131n\u0131 s\u00f6yledi.<!--more--><\/p>\n<p style=\"text-align: justify;\">Vali Saliho\u011flu, vatanda\u015flar\u0131n kitap okumalar\u0131na olanak sa\u011flamak amac\u0131yla Torul il\u00e7esine ba\u011fl\u0131 Alt\u0131np\u0131nar beldesine giden gezici k\u00fct\u00fcphanede incelemede bulunarak \u0130l K\u00fclt\u00fcr ve Turizm M\u00fcd\u00fcr\u00fc Temel Yal\u00e7\u0131n&#8217;dan bilgi ald\u0131.<\/p>\n<p style=\"text-align: justify;\">Saliho\u011flu, inceleme sonras\u0131 Aa muhabirine yapt\u0131\u011f\u0131 a\u00e7\u0131klamada, gezici k\u00fct\u00fcphanenin haftan\u0131n belirli g\u00fcnlerinde vatanda\u015flar\u0131n aya\u011f\u0131na kadar gitti\u011fini belirterek, &#8220;Gezici k\u00fct\u00fcphanemiz g\u00fcncel kitaplar ve ansiklopedilerle donat\u0131lm\u0131\u015f. G\u00fcncel kitaplar vatanda\u015flar\u0131m\u0131za 15 g\u00fcn s\u00fcreyle verilebiliyor. \u0130steyen vatanda\u015flar istedi\u011fi kitab\u0131 15 g\u00fcn s\u00fcreyle alabiliyor. 15 g\u00fcn sonra ise yeniden gelen gezici k\u00fct\u00fcphanemize kitab\u0131 geri verebiliyor&#8221; dedi.<\/p>\n<p style=\"text-align: justify;\">SODES Projesi kapsam\u0131nda 2 bin kitapla birlikte sat\u0131n al\u0131nan gezici k\u00fct\u00fcphanenin, k\u00f6ylere, vatanda\u015flar\u0131n aya\u011f\u0131na kadar giderek, vatanda\u015flara hem kitap okuma imkan\u0131 sa\u011flad\u0131\u011f\u0131n\u0131 hem de okuma al\u0131\u015fkanl\u0131\u011f\u0131 kazand\u0131rd\u0131\u011f\u0131n\u0131 kaydeden Saliho\u011flu, \u015f\u00f6yle dedi:<\/p>\n<p style=\"text-align: justify;\">&#8220;Gezici k\u00fct\u00fcphanemiz bu g\u00fcne kadar 17 k\u00f6y\u00fcm\u00fcze gitmi\u015f. Gen\u00e7ler ve ya\u015fl\u0131lar b\u00fcy\u00fck ilgi g\u00f6steriyor. Bu g\u00fcne kadar 200 kitap okumak i\u00e7in al\u0131nm\u0131\u015f. Demek ki yap\u0131lan i\u015f, iyi bir i\u015f. Projemiz ocak ay\u0131nda sona eriyor ama biz o tarihten sonra da bu faaliyeti s\u00fcrd\u00fcrece\u011fiz. Vatanda\u015flar\u0131m\u0131z da ayaklar\u0131na kadar gelen k\u00fct\u00fcphanemizden kitap als\u0131nlar, okusunlar ama y\u0131rtmas\u0131nlar, kitaplara el koymas\u0131nlar. Kitaplar daha \u00e7ok ki\u015fiye ula\u015fs\u0131n. Kitaplardan, yaz tatili dolay\u0131s\u0131yla k\u00f6ylerine gelen hem\u015fehrilerimiz de yararlanabilirler. Kitap sanal ortamlardan farkl\u0131d\u0131r. \u0130nsanl\u0131k var oldu\u011fu s\u00fcrece kitap da var olacakt\u0131r.&#8221;<strong style=\"text-align: justify;\"><\/strong><\/p>\n<p style=\"text-align: justify;\">Kaynak: http:\/\/www.haberler.com<\/p>\n","protected":false},"excerpt":{"rendered":"<p>G\u00fcm\u00fc\u015fhane Valisi Enver Saliho\u011flu, Sosyal Destek Program\u0131 (SODES) kapsam\u0131nda K\u00fclt\u00fcr ve Turizm M\u00fcd\u00fcrl\u00fc\u011f\u00fc taraf\u0131ndan 2 bin adet kitapla birlikte sat\u0131n al\u0131nan gezici k\u00fct\u00fcphanenin k\u00f6ylere kadar giderek, vatanda\u015flara hem kitap okuma imkan\u0131 sa\u011flad\u0131\u011f\u0131n\u0131 hem de okuma al\u0131\u015fkanl\u0131\u011f\u0131 kazand\u0131rd\u0131\u011f\u0131n\u0131 s\u00f6yledi.<\/p>\n","protected":false},"author":1,"featured_media":0,"comment_status":"open","ping_status":"open","sticky":false,"template":"","format":"standard","meta":{"footnotes":""},"categories":[1486],"tags":[1440],"class_list":["post-902","post","type-post","status-publish","format-standard","hentry","category-gezici-kutuphane","tag-gezici-kutuphaneler"],"_links":{"self":[{"href":"https:\/\/www.bbyhaber.com\/bby\/wp-json\/wp\/v2\/posts\/902"}],"collection":[{"href":"https:\/\/www.bbyhaber.com\/bby\/wp-json\/wp\/v2\/posts"}],"about":[{"href":"https:\/\/www.bbyhaber.com\/bby\/wp-json\/wp\/v2\/types\/post"}],"author":[{"embeddable":true,"href":"https:\/\/www.bbyhaber.com\/bby\/wp-json\/wp\/v2\/users\/1"}],"replies":[{"embeddable":true,"href":"https:\/\/www.bbyhaber.com\/bby\/wp-json\/wp\/v2\/comments?post=902"}],"version-history":[{"count":0,"href":"https:\/\/www.bbyhaber.com\/bby\/wp-json\/wp\/v2\/posts\/902\/revisions"}],"wp:attachment":[{"href":"https:\/\/www.bbyhaber.com\/bby\/wp-json\/wp\/v2\/media?parent=902"}],"wp:term":[{"taxonomy":"category","embeddable":true,"href":"https:\/\/www.bbyhaber.com\/bby\/wp-json\/wp\/v2\/categories?post=902"},{"taxonomy":"post_tag","embeddable":true,"href":"https:\/\/www.bbyhaber.com\/bby\/wp-json\/wp\/v2\/tags?post=902"}],"curies":[{"name":"wp","href":"https:\/\/api.w.org\/{rel}","templated":true}]}}