{"id":9004,"date":"2013-01-18T19:06:17","date_gmt":"2013-01-18T17:06:17","guid":{"rendered":"http:\/\/www.bbyhaber.com\/bby\/?p=9004"},"modified":"2013-05-15T16:08:18","modified_gmt":"2013-05-15T13:08:18","slug":"zeynep-cemali-oyku-yarismasi-15-mayis-2013-_gunisigi","status":"publish","type":"post","link":"https:\/\/www.bbyhaber.com\/bby\/2013\/01\/18\/zeynep-cemali-oyku-yarismasi-15-mayis-2013-_gunisigi","title":{"rendered":"Zeynep Cemali \u00d6yk\u00fc Yar\u0131\u015fmas\u0131-15 May\u0131s 2013- @_Gunisigi"},"content":{"rendered":"<p style=\"text-align: justify;\">\u00c7ocuklar\u0131 ve gen\u00e7leri edebiyata yak\u0131nla\u015ft\u0131ran \u00e7a\u011fda\u015f kitaplar yay\u0131mlayan <a href=\" http:\/\/www.gunisigikitapligi.com \" target=\"_blank\">G\u00fcn\u0131\u015f\u0131\u011f\u0131 Kitapl\u0131\u011f\u0131<\/a>, \u00fclke \u00e7ap\u0131nda t\u00fcm 6, 7 ve 8. s\u0131n\u0131f \u00f6\u011frencilerini \u00f6yk\u00fc yazmaya \u00e7a\u011f\u0131r\u0131yor. Usta \u00f6yk\u00fcc\u00fc Zeynep Cemali\u2019nin an\u0131s\u0131na,\u00a0Milli E\u011fitim Bakanl\u0131\u011f\u0131\u2019n\u0131n izniyle \u00fclke genelinde duyurulan bu y\u0131l \u00fc\u00e7\u00fcnc\u00fcs\u00fc d\u00fczenlenen yar\u0131\u015fman\u0131n son ba\u015fvuru tarihi <span style=\"color: #0000ff;\"><strong>15 May\u0131s 2013.<\/strong><\/span><strong> <\/strong>\u00d6yk\u00fcleri de\u011ferlendirecek 2013 Se\u00e7ici Kurulu Necati G\u00fcng\u00f6r, G\u00fcls\u00fcm Cengiz, Asl\u0131 Tohumcu, Prof. Dr. Selahattin Dilid\u00fczg\u00fcn ve Dr. M\u00fcren Beykan\u2019dan olu\u015fuyor. \u0130lkgen\u00e7li\u011fe ad\u0131m atan \u00e7ocuklar\u0131n, kendilerini yazarak ifade etmelerini ve edebiyatla yak\u0131nla\u015fmalar\u0131n\u0131 hedefleyen, T\u00fcrkiye genelinde 6, 7 ve 8. s\u0131n\u0131f \u00f6\u011frencilerinin kat\u0131labildi\u011fi Zeynep Cemali \u00d6yk\u00fc Yar\u0131\u015fmas\u0131 2013 i\u00e7in ba\u015fvurular ba\u015flad\u0131. <!--more-->G\u00fcn\u0131\u015f\u0131\u011f\u0131 Kitapl\u0131\u011f\u0131 taraf\u0131ndan, usta \u00f6yk\u00fcc\u00fc Zeynep Cemali\u2019nin an\u0131s\u0131na d\u00fczenlenen yar\u0131\u015fman\u0131n temas\u0131, her y\u0131l yazar\u0131n sevilen bir kitab\u0131ndan se\u00e7iliyor. Bu y\u0131l tema, Cemali\u2019nin G\u00fcl Soka\u011f\u0131\u2019n\u0131n Dikenleri adl\u0131 \u00f6yk\u00fc kitab\u0131ndaki \u201cOnlar\u0131n aras\u0131nda olmak i\u00e7in neler vermezdi,\u201d c\u00fcmlesinden yola \u00e7\u0131k\u0131larak \u201carkada\u015fl\u0131k\u201d olarak belirlendi.<\/p>\n<p><strong>\u00d6yk\u00fclerde ac\u0131 var!<\/strong><\/p>\n<p style=\"text-align: justify;\">\u0130lk iki y\u0131l\u0131nda \u00fclke genelinde y\u00fcksek kat\u0131l\u0131mla ger\u00e7ekle\u015fen yar\u0131\u015fmaya gelen ba\u015fvurular, ilkgen\u00e7li\u011fin zihinsel iklimleri hakk\u0131nda, \u00fczerinde d\u00fc\u015f\u00fcn\u00fclmeye de\u011fer veriler ortaya koydu. G\u00fcn\u0131\u015f\u0131\u011f\u0131 Kitapl\u0131\u011f\u0131 Yay\u0131n Y\u00f6netmeni M\u00fcren Beykan, yar\u0131\u015fmaya kat\u0131lan \u00f6\u011frencilerin yaln\u0131zca d\u00f6rtte birinin erkek olmas\u0131na i\u015faret ederek, k\u0131zlar\u0131n yazmaya daha hevesli oldu\u011funu dile getiriyor. \u201c\u00d6yk\u00fclerde dikkatimizi \u00e7eken \u2018dozu y\u00fcksek ac\u0131lara d\u00fc\u015fme\u2019 hali var. A\u011f\u0131rl\u0131kl\u0131 olarak ebeveyn \u00f6l\u00fcm\u00fc, anne baba ayr\u0131l\u0131\u011f\u0131, trafik kazas\u0131, yetimhane, dayak, kavga ve sava\u015f konular\u0131 i\u015fleniyor. Ayr\u0131ca, bunca \u00f6yk\u00fc aras\u0131nda \u00e7ok az \u00f6yk\u00fcde cep telefonu, bilgisayar ve sosyal a\u011flar ge\u00e7iyor ki, ak\u0131llara \u015fu soru geliyor: Acaba \u00e7ocuklar\u0131m\u0131za g\u00fcn\u00fcm\u00fcz yazarlar\u0131n\u0131 daha s\u0131k okutam\u0131yor muyuz?\u201d Baz\u0131 \u00f6yk\u00fclerin, adeta mottolarla ve \u00e7\u0131kar\u0131lacak derslerle sonland\u0131r\u0131ld\u0131\u011f\u0131n\u0131 ya da do\u011fruluk, ahlak\u00e7\u0131l\u0131k ad\u0131na, \u015fematik kurgularla yaz\u0131ld\u0131\u011f\u0131n\u0131 belirten Beykan, \u201cBaz\u0131 \u00f6\u011fretmenlerin \u00e7ocuklar\u0131 fazlaca y\u00f6nlendirdi\u011fini d\u00fc\u015f\u00fcn\u00fcyoruz; oysa edebiyat\u0131n ruhunda \u00f6zg\u00fcrl\u00fck vard\u0131r,\u201d diyor.<\/p>\n<p style=\"text-align: justify;\">Gelece\u011fin yazar adaylar\u0131n\u0131 m\u00fcjdeleyen yar\u0131\u015fmada dereceye giren \u00f6\u011frenciler \u00f6d\u00fcllerini, 28 Eyl\u00fcl\u2019de Kadir Has \u00dcniversitesi\u2019nde d\u00fczenlenecek \u00e7ocuk ve gen\u00e7lik edebiyat\u0131 konferans\u0131 Zeynep Cemali Edebiyat G\u00fcn\u00fc\u2019n\u00fcn sonunda yap\u0131lacak t\u00f6rende, edebiyat ustalar\u0131n\u0131n elinden alacaklar. \u00d6yk\u00fcleriyse, \u201c\u00d6d\u00fcll\u00fc \u00d6yk\u00fcler 2013\u201d kitap\u00e7\u0131\u011f\u0131nda yay\u0131mlanacak.<\/p>\n<p><strong>\u0130leti\u015fim:<\/strong><\/p>\n<p><strong>Postayla ba\u015fvuru<\/strong><\/p>\n<p><strong><\/strong><em>Kapal\u0131 zarf i\u00e7inde posta\/kargo yoluyla<\/em><\/p>\n<table width=\"449\" border=\"1\" cellspacing=\"1\" cellpadding=\"10\">\n<tbody>\n<tr>\n<td>G\u00dcNI\u015eI\u011eI K\u0130TAPLI\u011eIZEYNEP CEMAL\u0130 \u00d6YK\u00dc YARI\u015eMASIProfilo Plaza, Cemal Sahir Sok. 26\/28 B3 Mecidiyek\u00f6y34387\u0130STANBUL<\/td>\n<\/tr>\n<\/tbody>\n<\/table>\n<p><strong>E-postayla ba\u015fvuru<\/strong><\/p>\n<p>yarisma@gunisigikitapligi.com<\/p>\n<p style=\"text-align: left;\" align=\"center\"><strong>\u0130leti\u015fim Y\u00f6neticisi\u00a0<\/strong><\/p>\n<p style=\"text-align: justify;\"><strong>Meltem \u0130ge<\/strong>\u00a0 meltemige@gunisigikitapligi.com<\/p>\n","protected":false},"excerpt":{"rendered":"<p>\u00c7ocuklar\u0131 ve gen\u00e7leri edebiyata yak\u0131nla\u015ft\u0131ran \u00e7a\u011fda\u015f kitaplar yay\u0131mlayan G\u00fcn\u0131\u015f\u0131\u011f\u0131 Kitapl\u0131\u011f\u0131, \u00fclke \u00e7ap\u0131nda t\u00fcm 6, 7 ve 8. s\u0131n\u0131f \u00f6\u011frencilerini \u00f6yk\u00fc yazmaya \u00e7a\u011f\u0131r\u0131yor. Usta \u00f6yk\u00fcc\u00fc Zeynep Cemali\u2019nin an\u0131s\u0131na,\u00a0Milli E\u011fitim Bakanl\u0131\u011f\u0131\u2019n\u0131n izniyle \u00fclke genelinde duyurulan bu y\u0131l \u00fc\u00e7\u00fcnc\u00fcs\u00fc d\u00fczenlenen yar\u0131\u015fman\u0131n son ba\u015fvuru tarihi 15 May\u0131s 2013. \u00d6yk\u00fcleri de\u011ferlendirecek 2013 Se\u00e7ici Kurulu Necati G\u00fcng\u00f6r, G\u00fcls\u00fcm Cengiz, Asl\u0131 Tohumcu, [&hellip;]<\/p>\n","protected":false},"author":1,"featured_media":0,"comment_status":"open","ping_status":"open","sticky":false,"template":"","format":"standard","meta":{"footnotes":""},"categories":[1],"tags":[443,444],"class_list":["post-9004","post","type-post","status-publish","format-standard","hentry","category-genel","tag-oyku-yarismasi","tag-zeynep-cemali"],"_links":{"self":[{"href":"https:\/\/www.bbyhaber.com\/bby\/wp-json\/wp\/v2\/posts\/9004"}],"collection":[{"href":"https:\/\/www.bbyhaber.com\/bby\/wp-json\/wp\/v2\/posts"}],"about":[{"href":"https:\/\/www.bbyhaber.com\/bby\/wp-json\/wp\/v2\/types\/post"}],"author":[{"embeddable":true,"href":"https:\/\/www.bbyhaber.com\/bby\/wp-json\/wp\/v2\/users\/1"}],"replies":[{"embeddable":true,"href":"https:\/\/www.bbyhaber.com\/bby\/wp-json\/wp\/v2\/comments?post=9004"}],"version-history":[{"count":0,"href":"https:\/\/www.bbyhaber.com\/bby\/wp-json\/wp\/v2\/posts\/9004\/revisions"}],"wp:attachment":[{"href":"https:\/\/www.bbyhaber.com\/bby\/wp-json\/wp\/v2\/media?parent=9004"}],"wp:term":[{"taxonomy":"category","embeddable":true,"href":"https:\/\/www.bbyhaber.com\/bby\/wp-json\/wp\/v2\/categories?post=9004"},{"taxonomy":"post_tag","embeddable":true,"href":"https:\/\/www.bbyhaber.com\/bby\/wp-json\/wp\/v2\/tags?post=9004"}],"curies":[{"name":"wp","href":"https:\/\/api.w.org\/{rel}","templated":true}]}}