{"id":900,"date":"2011-08-04T17:32:46","date_gmt":"2011-08-04T17:32:46","guid":{"rendered":"http:\/\/www.bbyhaber.com\/bby\/?p=900"},"modified":"2013-02-13T11:22:06","modified_gmt":"2013-02-13T09:22:06","slug":"ayvalikta-kahveye-kutuphane","status":"publish","type":"post","link":"https:\/\/www.bbyhaber.com\/bby\/2011\/08\/04\/ayvalikta-kahveye-kutuphane","title":{"rendered":"Ayval\u0131k&#8217;ta kahveye k\u00fct\u00fcphane"},"content":{"rendered":"<p style=\"text-align: justify;\" align=\"justify\">Bal\u0131kesir&#8217;in Ayval\u0131k il\u00e7esinde bulunan bir kahvede olu\u015fturulan kitapl\u0131k t\u00f6renle a\u00e7\u0131ld\u0131. Palabah\u00e7e mevkiindeki tarihi binada Suat Ko\u00e7ak taraf\u0131ndan i\u015fletilen \u2019\u015eeytan\u2019\u0131n Kahvesi\u2019nde g\u00f6n\u00fcll\u00fcler taraf\u0131ndan olu\u015fturulan kitapl\u0131k i\u00e7in d\u00fczenlenen t\u00f6rene, Ayval\u0131k Belediye Ba\u015fkan Vekili \u0130brahim Fatih Ayy\u00fcrek, Ayval\u0131k Belediyesi\u2019nin CHP\u2019li Meclis \u00dcyeleri, K\u00fc\u00e7\u00fckk\u00f6y Belediye Ba\u015fkan\u0131 CHP\u2019li Mesut Ergin, gazeteci-yazar Bekir Co\u015fkun ve vatanda\u015flar kat\u0131ld\u0131.<!--more--><\/p>\n<p style=\"text-align: justify;\" align=\"justify\">Bekir Co\u015fkun, laik kesimdeki insanlar\u0131n, salonlardan \u00e7\u0131kmalar\u0131 gerekti\u011fini belirterek, &#8220;Ayn\u0131 \u015feyleri birbirinize anlatmay\u0131n. Halka anlat\u0131n. Siz salonlara kapan\u0131p, bildiklerinizi sadece birbirinizle payla\u015ft\u0131\u011f\u0131n\u0131z, anlatt\u0131\u011f\u0131n\u0131z s\u00fcrece ne cumhuriyet kal\u0131r, ne Atat\u00fcrk kal\u0131r ne de laiklik kal\u0131r. Bu y\u00fczden de halk\u0131n aras\u0131na kar\u0131\u015fmak, kahvehanelerde halkla i\u00e7 i\u00e7e olmak gerekiyor. Bug\u00fcn burada bu s\u00f6ylediklerimin yerine gelmesinden ve b\u00f6ylesi g\u00fczel bir kahvehanede kitapl\u0131k olu\u015fturulmas\u0131ndan son derece mutlu oldum. Bunu kim yapt\u0131ysa, kim d\u00fc\u015f\u00fcnd\u00fcyse, kim destek verdiyse ellerine sa\u011fl\u0131k&#8221; diye konu\u015ftu.<\/p>\n<p style=\"text-align: justify;\" align=\"justify\">Co\u015fkun, evinde 5 bin civar\u0131nda kitab\u0131 bulundu\u011funu kaydetti. Bekir Co\u015fkun, &#8220;Bu tip olu\u015fumlar\u0131 desteklemek ad\u0131na ben de bu kitaplar\u0131 ba\u011f\u0131\u015flamak istiyorum. Bu tip olu\u015fumlar\u0131n s\u00fcrmesi i\u00e7in hepsinde yazarlar\u0131n\u0131n imzas\u0131 bulunan kitaplar\u0131m\u0131 benden al\u0131p, o olu\u015fumlara dahil edebilirsiniz&#8221; dedi.<strong><\/strong><\/p>\n<p style=\"text-align: justify;\" align=\"justify\">Kaynak: http:\/\/www.posta.com.tr<\/p>\n","protected":false},"excerpt":{"rendered":"<p>Bal\u0131kesir&#8217;in Ayval\u0131k il\u00e7esinde bulunan bir kahvede olu\u015fturulan kitapl\u0131k t\u00f6renle a\u00e7\u0131ld\u0131. Palabah\u00e7e mevkiindeki tarihi binada Suat Ko\u00e7ak taraf\u0131ndan i\u015fletilen \u2019\u015eeytan\u2019\u0131n Kahvesi\u2019nde g\u00f6n\u00fcll\u00fcler taraf\u0131ndan olu\u015fturulan kitapl\u0131k i\u00e7in d\u00fczenlenen t\u00f6rene, Ayval\u0131k Belediye Ba\u015fkan Vekili \u0130brahim Fatih Ayy\u00fcrek, Ayval\u0131k Belediyesi\u2019nin CHP\u2019li Meclis \u00dcyeleri, K\u00fc\u00e7\u00fckk\u00f6y Belediye Ba\u015fkan\u0131 CHP\u2019li Mesut Ergin, gazeteci-yazar Bekir Co\u015fkun ve vatanda\u015flar kat\u0131ld\u0131.<\/p>\n","protected":false},"author":1,"featured_media":0,"comment_status":"open","ping_status":"open","sticky":false,"template":"","format":"standard","meta":{"footnotes":""},"categories":[1,1491],"tags":[],"class_list":["post-900","post","type-post","status-publish","format-standard","hentry","category-genel","category-kahvehane-kutuphane"],"_links":{"self":[{"href":"https:\/\/www.bbyhaber.com\/bby\/wp-json\/wp\/v2\/posts\/900"}],"collection":[{"href":"https:\/\/www.bbyhaber.com\/bby\/wp-json\/wp\/v2\/posts"}],"about":[{"href":"https:\/\/www.bbyhaber.com\/bby\/wp-json\/wp\/v2\/types\/post"}],"author":[{"embeddable":true,"href":"https:\/\/www.bbyhaber.com\/bby\/wp-json\/wp\/v2\/users\/1"}],"replies":[{"embeddable":true,"href":"https:\/\/www.bbyhaber.com\/bby\/wp-json\/wp\/v2\/comments?post=900"}],"version-history":[{"count":0,"href":"https:\/\/www.bbyhaber.com\/bby\/wp-json\/wp\/v2\/posts\/900\/revisions"}],"wp:attachment":[{"href":"https:\/\/www.bbyhaber.com\/bby\/wp-json\/wp\/v2\/media?parent=900"}],"wp:term":[{"taxonomy":"category","embeddable":true,"href":"https:\/\/www.bbyhaber.com\/bby\/wp-json\/wp\/v2\/categories?post=900"},{"taxonomy":"post_tag","embeddable":true,"href":"https:\/\/www.bbyhaber.com\/bby\/wp-json\/wp\/v2\/tags?post=900"}],"curies":[{"name":"wp","href":"https:\/\/api.w.org\/{rel}","templated":true}]}}