{"id":8999,"date":"2013-01-18T17:41:40","date_gmt":"2013-01-18T15:41:40","guid":{"rendered":"http:\/\/www.bbyhaber.com\/bby\/?p=8999"},"modified":"2013-01-18T17:43:14","modified_gmt":"2013-01-18T15:43:14","slug":"kitapla-bulusma-noktasi-esenlerbelediye","status":"publish","type":"post","link":"https:\/\/www.bbyhaber.com\/bby\/2013\/01\/18\/kitapla-bulusma-noktasi-esenlerbelediye","title":{"rendered":"Kitapla Bulu\u015fma Noktas\u0131- @esenlerbelediye"},"content":{"rendered":"<p style=\"text-align: justify;\">Yap\u0131m\u0131 tamamlanan Yavuz Selim Bilgi Park\u0131&#8217;ndaki Halk K\u00fct\u00fcphanesi hizmete girdi. \u0130l\u00e7edeki \u00f6\u011fretmen ve \u00f6\u011frenciler, toplam 3 bin 500 kitab\u0131n yer ald\u0131\u011f\u0131 k\u00fct\u00fcphaneye yo\u011fun ilgi g\u00f6steriyor. Esenler Belediyesi&#8217;nin Yavuz Selim Bilgi Park\u0131&#8217;nda hizmete giren Halk K\u00fct\u00fcphanesi&#8217;ne il\u00e7edeki okullardan \u00f6\u011fretmen ve \u00f6\u011frenciler yo\u011fun ilgi g\u00f6steriyor. Son olarak Atat\u00fcrk \u0130lk\u00f6\u011fretim Okulu ile \u0130brahim Turhan Anadolu Lisesi \u00f6\u011fretmen ve \u00f6\u011frencileri Halk K\u00fct\u00fcphanesi&#8217;ni ziyaret etti. \u00d6\u011fretmenleri e\u015fli\u011finde k\u00fct\u00fcphaneyi gezen Atat\u00fcrk \u0130lk\u00f6\u011fretim Okulu \u00f6\u011frencileri, kitaplar\u0131 inceleyerek k\u00fct\u00fcphane hakk\u0131nda yetkililerden bilgi ald\u0131.<!--more--><\/p>\n<p style=\"text-align: justify;\">Di\u011fer taraftan \u0130brahim Turhan Anadolu Lisesi \u00f6\u011fretmen ve \u00f6\u011frencileri de haz\u0131rlad\u0131klar\u0131 Pusula Dergisi Yay\u0131n Kurulu toplant\u0131s\u0131n\u0131 Halk K\u00fct\u00fcphanesi&#8217;nde yapt\u0131. Toplant\u0131 \u00f6ncesinde k\u00fct\u00fcphaneyi gezen \u00f6\u011frenciler, kitaplar\u0131n hepsine b\u00fcy\u00fck bir ilgi g\u00f6sterdi. \u00d6\u011frencilere Yavuz Selim Bilgi Park\u0131 ve Halk K\u00fct\u00fcphanesi ile ilgili bilgi veren Halk K\u00fct\u00fcphanesi sorumlusu Yasemin Polat, &#8220;Bilgi Park\u0131 kitapla bulu\u015fma noktas\u0131 olacak. Bilgi park\u0131na gelen \u00f6\u011frenciler binlerce kitapla tan\u0131\u015fma f\u0131rsat\u0131 bulacak&#8221; dedi. K\u00fct\u00fcphanenin i\u015fleyi\u015fi hakk\u0131nda da \u00f6\u011frencilere bilgi veren Polat, k\u00fct\u00fcphaneye \u00fcye olanlara \u00f6d\u00fcn\u00e7 kitap verdiklerini s\u00f6yledi. \u00d6\u011fretmenlerin kitaplar aras\u0131nda ders yapmalar\u0131 i\u00e7in yeni \u00e7al\u0131\u015fmalar yapacaklar\u0131n\u0131 da anlatan Polat, kitaplar \u00fczerine s\u00f6yle\u015fi programlar\u0131 d\u00fczenlemeyi planlad\u0131klar\u0131n\u0131 s\u00f6yledi.<\/p>\n<p style=\"text-align: justify;\"><a href=\"http:\/\/www.esenler.bel.tr\/UserFiles\/IMG_7676.jpg\"><img loading=\"lazy\" decoding=\"async\" class=\"alignnone\" src=\"http:\/\/www.esenler.bel.tr\/UserFiles\/IMG_7676.jpg\" alt=\"\" width=\"150\" height=\"150\" \/><\/a> <a href=\"http:\/\/www.esenler.bel.tr\/UserFiles\/IMG_7621.jpg\"><img loading=\"lazy\" decoding=\"async\" class=\"alignnone\" src=\"http:\/\/www.esenler.bel.tr\/UserFiles\/IMG_7621.jpg\" alt=\"\" width=\"150\" height=\"150\" \/><\/a> <a href=\"http:\/\/www.esenler.bel.tr\/UserFiles\/IMG_7644.jpg\"><img loading=\"lazy\" decoding=\"async\" class=\"alignnone\" src=\"http:\/\/www.esenler.bel.tr\/UserFiles\/IMG_7644.jpg\" alt=\"\" width=\"150\" height=\"150\" \/><\/a><\/p>\n<p style=\"text-align: justify;\">Pusula Dergisi&#8217;nin Genel Yay\u0131n Y\u00f6netmeni Cemalettin Mesken de dergicilik faaliyetinin d\u00fc\u015f\u00fcnce hayat\u0131na azami \u00f6l\u00e7\u00fcde katk\u0131 sundu\u011funu, bu faaliyet sayesinde farkl\u0131 paydalar\u0131n ortak bir \u00e7at\u0131s\u0131 alt\u0131nda d\u00fc\u015f\u00fcncelerini yans\u0131tma imk\u00e2n\u0131 bulduklar\u0131n\u0131 s\u00f6yledi. S\u00f6yleyecek s\u00f6z\u00fc olan herkesin dergi faaliyetinde muhakkak yer almas\u0131 gerekti\u011fini dile getiren Mesken, bu toplant\u0131n\u0131n burada ger\u00e7ekle\u015fmesine vesile olanlara ve \u00f6\u011frencilere te\u015fekk\u00fcr etti.<\/p>\n<p style=\"text-align: justify;\">Pusula Dergisi Yay\u0131n Kurulu \u00dcyesi Mahmut Balc\u0131 da Esenler halk\u0131na ve gen\u00e7lerine y\u00f6nelik a\u00e7\u0131lan k\u00fct\u00fcphanenin iyi de\u011ferlendirilmesi gerekti\u011fini vurgulad\u0131. Balc\u0131, yapt\u0131\u011f\u0131 k\u00fclt\u00fcrel hizmetten dolay\u0131 Esenler Belediyesi&#8217;ne te\u015fekk\u00fcr etti.<\/p>\n<p>Kaynak: http:\/\/www.esenler.bel.tr<\/p>\n","protected":false},"excerpt":{"rendered":"<p>Yap\u0131m\u0131 tamamlanan Yavuz Selim Bilgi Park\u0131&#8217;ndaki Halk K\u00fct\u00fcphanesi hizmete girdi. \u0130l\u00e7edeki \u00f6\u011fretmen ve \u00f6\u011frenciler, toplam 3 bin 500 kitab\u0131n yer ald\u0131\u011f\u0131 k\u00fct\u00fcphaneye yo\u011fun ilgi g\u00f6steriyor. Esenler Belediyesi&#8217;nin Yavuz Selim Bilgi Park\u0131&#8217;nda hizmete giren Halk K\u00fct\u00fcphanesi&#8217;ne il\u00e7edeki okullardan \u00f6\u011fretmen ve \u00f6\u011frenciler yo\u011fun ilgi g\u00f6steriyor. Son olarak Atat\u00fcrk \u0130lk\u00f6\u011fretim Okulu ile \u0130brahim Turhan Anadolu Lisesi \u00f6\u011fretmen ve [&hellip;]<\/p>\n","protected":false},"author":1,"featured_media":0,"comment_status":"open","ping_status":"open","sticky":false,"template":"","format":"standard","meta":{"footnotes":""},"categories":[1],"tags":[848],"class_list":["post-8999","post","type-post","status-publish","format-standard","hentry","category-genel","tag-halk-kutuphaneleri"],"_links":{"self":[{"href":"https:\/\/www.bbyhaber.com\/bby\/wp-json\/wp\/v2\/posts\/8999"}],"collection":[{"href":"https:\/\/www.bbyhaber.com\/bby\/wp-json\/wp\/v2\/posts"}],"about":[{"href":"https:\/\/www.bbyhaber.com\/bby\/wp-json\/wp\/v2\/types\/post"}],"author":[{"embeddable":true,"href":"https:\/\/www.bbyhaber.com\/bby\/wp-json\/wp\/v2\/users\/1"}],"replies":[{"embeddable":true,"href":"https:\/\/www.bbyhaber.com\/bby\/wp-json\/wp\/v2\/comments?post=8999"}],"version-history":[{"count":0,"href":"https:\/\/www.bbyhaber.com\/bby\/wp-json\/wp\/v2\/posts\/8999\/revisions"}],"wp:attachment":[{"href":"https:\/\/www.bbyhaber.com\/bby\/wp-json\/wp\/v2\/media?parent=8999"}],"wp:term":[{"taxonomy":"category","embeddable":true,"href":"https:\/\/www.bbyhaber.com\/bby\/wp-json\/wp\/v2\/categories?post=8999"},{"taxonomy":"post_tag","embeddable":true,"href":"https:\/\/www.bbyhaber.com\/bby\/wp-json\/wp\/v2\/tags?post=8999"}],"curies":[{"name":"wp","href":"https:\/\/api.w.org\/{rel}","templated":true}]}}