{"id":8989,"date":"2013-01-17T14:05:10","date_gmt":"2013-01-17T12:05:10","guid":{"rendered":"http:\/\/www.bbyhaber.com\/bby\/?p=8989"},"modified":"2013-01-17T14:05:25","modified_gmt":"2013-01-17T12:05:25","slug":"toplum-destekli-polislik-buro-amirligi-ekipleri-kutuphane-kurdu-sanliurfa","status":"publish","type":"post","link":"https:\/\/www.bbyhaber.com\/bby\/2013\/01\/17\/toplum-destekli-polislik-buro-amirligi-ekipleri-kutuphane-kurdu-sanliurfa","title":{"rendered":"Toplum Destekli Polislik B\u00fcro Amirli\u011fi Ekipleri K\u00fct\u00fcphane Kurdu-\u015eanl\u0131urfa"},"content":{"rendered":"<p style=\"text-align: justify;\">Polisler, \u0130mral\u0131 Adas\u0131\u2019nda \u00f6m\u00fcr boyu a\u011f\u0131rla\u015ft\u0131r\u0131lm\u0131\u015f hapis cezas\u0131 \u00e7eken Abdullah \u00d6calan\u2019\u0131n do\u011fdu\u011fu Halfeti \u0130l\u00e7esine ba\u011fl\u0131 \u00d6merli K\u00f6y\u00fc\u2019ndeki okulla e\u011fitim ama\u00e7l\u0131 ziyarette bulundu. \u015eanl\u0131urfa Emniyet M\u00fcd\u00fcrl\u00fc\u011f\u00fc\u2019ne ba\u011fl\u0131 Toplum Destekli Polislik B\u00fcro Amirli\u011fi ekiplerinin \u2019Bir Kitap Bir \u0130nsan Projesi\u2019 kapsam\u0131nda \u00d6calan\u2019\u0131n do\u011fdu\u011fu \u00d6merli K\u00f6y\u00fc\u2019nde \u00f6\u011frencilere e\u011fitim setti da\u011f\u0131t\u0131p k\u00fct\u00fcphane kurdu. Koliler dolusu kitaplarla birlikte \u00d6merli \u0130lk\u00f6\u011fretim Okuluna giden polisler,<!--more--> 2 derslikli 65 \u00f6\u011frencisi bulunan s\u0131n\u0131f\u0131n bir k\u00f6\u015fesine dolaplar yerle\u015ftirilip, k\u00fct\u00fcphane kuruldu. Ard\u0131ndan T\u00fcrk bayraklar\u0131yla donat\u0131lan s\u0131n\u0131ftaki \u00f6\u011frencilere polis \u00e7ocuk kimlik kart\u0131, boyama kitaplar\u0131, ders program\u0131, \u00e7ocuk haklar\u0131 kitaplar\u0131 bro\u015f\u00fcr ve dergi da\u011f\u0131t\u0131ld\u0131.<\/p>\n<p style=\"text-align: justify;\">\u00d6merli K\u00f6y\u00fc\u2019ndeki \u00f6\u011frencilerle k\u0131sa s\u00fcrede kayna\u015fan 10 ki\u015filik polis ekibi, \u00f6\u011frencilerle birlikte okul s\u0131ralar\u0131nda oturup sohbet etti. \u0130lk kez \u00d6merli K\u00f6y\u00fc\u2019nde b\u00f6yle bir faaliyette bulunman\u0131n mutlulu\u011funu ya\u015fad\u0131\u011f\u0131n\u0131 belirten Halfeti \u0130l\u00e7e Emniyet M\u00fcd\u00fcr\u00fc Erol \u00d6ztekin \u015f\u00f6yle dedi:<\/p>\n<p style=\"text-align: justify;\">&#8220;Bug\u00fcn \u00d6merli K\u00f6y\u00fc\u2019nde e\u011fitim g\u00f6ren \u00f6\u011frencilerimizi koliler dolusu kitap ve e\u011fitim setleriyle birlikte ziyaret ettik. Gelece\u011fimiz olan bu \u00e7ocuklar\u0131m\u0131z i\u00e7in okulda k\u00fct\u00fcphane kurduk. Yine \u00f6\u011frencilerimize e\u011fitim setlerini da\u011f\u0131tt\u0131k. Bizim \u00f6\u011frencilerden tek iste\u011fimiz; onlar\u0131n yanl\u0131\u015f bir \u015feye bula\u015fmamas\u0131, yanl\u0131\u015f yolma sapmamas\u0131, devlet ve milletine faydal\u0131 do\u011fru ve d\u00fcr\u00fcst insanlar olarak yeti\u015fmesi. Burada ba\u015fka bir d\u00fc\u015f\u00fcncemiz yoktur. \u2018Bir kitap bir insan\u2019 projesi kapsam\u0131nda 10 il\u00e7ede 200 k\u00fct\u00fcphane olu\u015fturduk ve \u015fimdiye kadar 30 bin adet kitap da\u011f\u0131t\u0131m\u0131n\u0131 ger\u00e7ekle\u015ftirdik.<\/p>\n<p style=\"text-align: justify;\">Kaynak: http:\/\/www.radikal.com.tr<\/p>\n","protected":false},"excerpt":{"rendered":"<p>Polisler, \u0130mral\u0131 Adas\u0131\u2019nda \u00f6m\u00fcr boyu a\u011f\u0131rla\u015ft\u0131r\u0131lm\u0131\u015f hapis cezas\u0131 \u00e7eken Abdullah \u00d6calan\u2019\u0131n do\u011fdu\u011fu Halfeti \u0130l\u00e7esine ba\u011fl\u0131 \u00d6merli K\u00f6y\u00fc\u2019ndeki okulla e\u011fitim ama\u00e7l\u0131 ziyarette bulundu. \u015eanl\u0131urfa Emniyet M\u00fcd\u00fcrl\u00fc\u011f\u00fc\u2019ne ba\u011fl\u0131 Toplum Destekli Polislik B\u00fcro Amirli\u011fi ekiplerinin \u2019Bir Kitap Bir \u0130nsan Projesi\u2019 kapsam\u0131nda \u00d6calan\u2019\u0131n do\u011fdu\u011fu \u00d6merli K\u00f6y\u00fc\u2019nde \u00f6\u011frencilere e\u011fitim setti da\u011f\u0131t\u0131p k\u00fct\u00fcphane kurdu. Koliler dolusu kitaplarla birlikte \u00d6merli \u0130lk\u00f6\u011fretim Okuluna [&hellip;]<\/p>\n","protected":false},"author":1,"featured_media":0,"comment_status":"open","ping_status":"open","sticky":false,"template":"","format":"standard","meta":{"footnotes":""},"categories":[1],"tags":[],"class_list":["post-8989","post","type-post","status-publish","format-standard","hentry","category-genel"],"_links":{"self":[{"href":"https:\/\/www.bbyhaber.com\/bby\/wp-json\/wp\/v2\/posts\/8989"}],"collection":[{"href":"https:\/\/www.bbyhaber.com\/bby\/wp-json\/wp\/v2\/posts"}],"about":[{"href":"https:\/\/www.bbyhaber.com\/bby\/wp-json\/wp\/v2\/types\/post"}],"author":[{"embeddable":true,"href":"https:\/\/www.bbyhaber.com\/bby\/wp-json\/wp\/v2\/users\/1"}],"replies":[{"embeddable":true,"href":"https:\/\/www.bbyhaber.com\/bby\/wp-json\/wp\/v2\/comments?post=8989"}],"version-history":[{"count":0,"href":"https:\/\/www.bbyhaber.com\/bby\/wp-json\/wp\/v2\/posts\/8989\/revisions"}],"wp:attachment":[{"href":"https:\/\/www.bbyhaber.com\/bby\/wp-json\/wp\/v2\/media?parent=8989"}],"wp:term":[{"taxonomy":"category","embeddable":true,"href":"https:\/\/www.bbyhaber.com\/bby\/wp-json\/wp\/v2\/categories?post=8989"},{"taxonomy":"post_tag","embeddable":true,"href":"https:\/\/www.bbyhaber.com\/bby\/wp-json\/wp\/v2\/tags?post=8989"}],"curies":[{"name":"wp","href":"https:\/\/api.w.org\/{rel}","templated":true}]}}