{"id":8978,"date":"2013-01-17T13:16:34","date_gmt":"2013-01-17T11:16:34","guid":{"rendered":"http:\/\/www.bbyhaber.com\/bby\/?p=8978"},"modified":"2013-01-17T13:18:20","modified_gmt":"2013-01-17T11:18:20","slug":"kar-toplumsal-donusum-dernegi-kuruldu","status":"publish","type":"post","link":"https:\/\/www.bbyhaber.com\/bby\/2013\/01\/17\/kar-toplumsal-donusum-dernegi-kuruldu","title":{"rendered":"&#8220;KAR Toplumsal D\u00f6n\u00fc\u015f\u00fcm Derne\u011fi&#8221; kuruldu"},"content":{"rendered":"<p style=\"text-align: justify;\"><img loading=\"lazy\" decoding=\"async\" class=\"alignleft\" src=\"http:\/\/www.bbyhaber.com\/bby\/wp-content\/uploads\/2012\/11\/karkutuphaneleri.jpg\" alt=\"\" width=\"246\" height=\"107\" \/>Aral\u0131k 2010 tarihinden bug\u00fcne ad\u0131m ad\u0131m b\u00fcy\u00fcyerek geli\u015fen &#8220;<a href=\"http:\/\/www.bbyhaber.com\/bby\/2012\/11\/12\/dogunun-kar-kutuphaneleri\/\"><strong>Do\u011fu&#8217;nun Kar K\u00fct\u00fcphaneleri<\/strong><\/a>&#8221; projesinde tarihi bir s\u00fcreci daha ya\u015f\u0131yor olman\u0131n heyecan\u0131n\u0131 sizlerle payla\u015fmak istiyoruz. Bir\u00e7ok meslekta\u015f\u0131m\u0131z\u0131n hem yay\u0131n ba\u011f\u0131\u015f\u0131 hem de g\u00f6n\u00fcll\u00fc \u00e7al\u0131\u015fmalar\u0131yla destek sa\u011flad\u0131\u011f\u0131 &#8220;Do\u011fu&#8217;nun Kar K\u00fct\u00fcphaneleri&#8221;nin <span style=\"color: #0000ff;\"><strong>16 Ocak 2013<\/strong><\/span> tarihinde \u0130stanbul Valili\u011fi \u0130l Dernekler M\u00fcd\u00fcrl\u00fc\u011f\u00fc&#8217;ne yapm\u0131\u015f oldu\u011fu ba\u015fvuru kabul edilerek &#8220;<strong>KAR Toplumsal D\u00f6n\u00fc\u015f\u00fcm Derne\u011fi<\/strong>&#8221; resmen kurulmu\u015ftur.<!--more--><\/p>\n<p style=\"text-align: justify;\"><strong>Kurulu\u015f ilkemiz<\/strong>, &#8220;toplumlar\u0131n ya\u015fad\u0131\u011f\u0131 siyasi, sosyal, ekonomik ve k\u00fclt\u00fcrel de\u011fi\u015fim ve d\u00f6n\u00fc\u015f\u00fcmlerin daima &#8220;bilgi&#8221;ye dayal\u0131 olarak ger\u00e7ekle\u015fmesi gerekti\u011fine dair inanc\u0131m\u0131z ve bu s\u00fcrece dernek olarak \u00e7al\u0131\u015fmalar\u0131m\u0131zla katk\u0131 sa\u011flama iste\u011fimizdir.&#8221; Do\u011frudan mesleki bir yap\u0131lanma olmamakla birlikte <strong>derne\u011fin temel amac\u0131,<\/strong> &#8220;toplumun her kesiminin eri\u015fim ve kullan\u0131m\u0131na a\u00e7\u0131k olacak \u015fekilde yarat\u0131c\u0131, \u00e7a\u011fda\u015f ve kat\u0131l\u0131mc\u0131 e\u011fitim ve bilgi ortamlar\u0131 tasarlamak ve olu\u015fturmakt\u0131r.&#8221;<\/p>\n<p style=\"text-align: justify;\">Kurucular\u0131n\u0131n -ve May\u0131s 2013 tarihinde d\u00fczenlenecek ilk genel kurula dek g\u00f6revde olacak ge\u00e7ici y\u00f6netim kurulu \u00fcyelerinin- \u00e7o\u011funlu\u011fu aktif k\u00fct\u00fcphaneci olan dernek, bir\u00e7ok farkl\u0131 meslek grubundan g\u00f6n\u00fcll\u00fc ve profesyonelleri de bir araya getirmektedir.<\/p>\n<p style=\"text-align: justify;\">Dernekle ilgili en geni\u015f bilgilendirme ve duyurular\u0131 yak\u0131nda yay\u0131nda olacak web sitemiz ve sosyal medya kanallar\u0131m\u0131z \u00fczerinden ger\u00e7ekle\u015ftirece\u011fiz.<\/p>\n<p style=\"text-align: justify;\">KAR Toplumsal D\u00f6n\u00fc\u015f\u00fcm Derne\u011fi&#8217;ni sizlere g\u00fcn\u00fcm\u00fcz\u00fcn yeni, yarat\u0131c\u0131 ve dinamik bir sivil toplum kurulu\u015fu olarak sunmaktan \u00fclkemiz ve meslek tarihimiz ad\u0131na onur duyar\u0131z.<\/p>\n<p><strong>KAR Toplumsal D\u00f6n\u00fc\u015f\u00fcm Derne\u011fi ad\u0131na<br \/>\nGe\u00e7ici Y\u00f6netim Kurulu Ba\u015fkan\u0131<span style=\"color: #888888;\"><br \/>\n<\/span><span style=\"color: #000000;\">Serkan \u0130PEK\u00c7\u0130<\/span><\/strong><\/p>\n","protected":false},"excerpt":{"rendered":"<p>Aral\u0131k 2010 tarihinden bug\u00fcne ad\u0131m ad\u0131m b\u00fcy\u00fcyerek geli\u015fen &#8220;Do\u011fu&#8217;nun Kar K\u00fct\u00fcphaneleri&#8221; projesinde tarihi bir s\u00fcreci daha ya\u015f\u0131yor olman\u0131n heyecan\u0131n\u0131 sizlerle payla\u015fmak istiyoruz. Bir\u00e7ok meslekta\u015f\u0131m\u0131z\u0131n hem yay\u0131n ba\u011f\u0131\u015f\u0131 hem de g\u00f6n\u00fcll\u00fc \u00e7al\u0131\u015fmalar\u0131yla destek sa\u011flad\u0131\u011f\u0131 &#8220;Do\u011fu&#8217;nun Kar K\u00fct\u00fcphaneleri&#8221;nin 16 Ocak 2013 tarihinde \u0130stanbul Valili\u011fi \u0130l Dernekler M\u00fcd\u00fcrl\u00fc\u011f\u00fc&#8217;ne yapm\u0131\u015f oldu\u011fu ba\u015fvuru kabul edilerek &#8220;KAR Toplumsal D\u00f6n\u00fc\u015f\u00fcm Derne\u011fi&#8221; resmen [&hellip;]<\/p>\n","protected":false},"author":1,"featured_media":0,"comment_status":"open","ping_status":"open","sticky":false,"template":"","format":"standard","meta":{"footnotes":""},"categories":[1],"tags":[442],"class_list":["post-8978","post","type-post","status-publish","format-standard","hentry","category-genel","tag-kar-kutuphaneleri"],"_links":{"self":[{"href":"https:\/\/www.bbyhaber.com\/bby\/wp-json\/wp\/v2\/posts\/8978"}],"collection":[{"href":"https:\/\/www.bbyhaber.com\/bby\/wp-json\/wp\/v2\/posts"}],"about":[{"href":"https:\/\/www.bbyhaber.com\/bby\/wp-json\/wp\/v2\/types\/post"}],"author":[{"embeddable":true,"href":"https:\/\/www.bbyhaber.com\/bby\/wp-json\/wp\/v2\/users\/1"}],"replies":[{"embeddable":true,"href":"https:\/\/www.bbyhaber.com\/bby\/wp-json\/wp\/v2\/comments?post=8978"}],"version-history":[{"count":0,"href":"https:\/\/www.bbyhaber.com\/bby\/wp-json\/wp\/v2\/posts\/8978\/revisions"}],"wp:attachment":[{"href":"https:\/\/www.bbyhaber.com\/bby\/wp-json\/wp\/v2\/media?parent=8978"}],"wp:term":[{"taxonomy":"category","embeddable":true,"href":"https:\/\/www.bbyhaber.com\/bby\/wp-json\/wp\/v2\/categories?post=8978"},{"taxonomy":"post_tag","embeddable":true,"href":"https:\/\/www.bbyhaber.com\/bby\/wp-json\/wp\/v2\/tags?post=8978"}],"curies":[{"name":"wp","href":"https:\/\/api.w.org\/{rel}","templated":true}]}}