{"id":8957,"date":"2013-01-16T13:27:36","date_gmt":"2013-01-16T11:27:36","guid":{"rendered":"http:\/\/www.bbyhaber.com\/bby\/?p=8957"},"modified":"2013-01-16T13:27:36","modified_gmt":"2013-01-16T11:27:36","slug":"edirne-belediyesinden-kitap-ve-oyuncak-kumbarasi","status":"publish","type":"post","link":"https:\/\/www.bbyhaber.com\/bby\/2013\/01\/16\/edirne-belediyesinden-kitap-ve-oyuncak-kumbarasi","title":{"rendered":"Edirne Belediyesinden Kitap ve Oyuncak Kumbaras\u0131"},"content":{"rendered":"<p style=\"text-align: justify;\"><img loading=\"lazy\" decoding=\"async\" class=\"alignleft\" src=\"http:\/\/img6.mynet.com\/yurthaber2\/2013\/01\/edirne\/edirne-belediyesinden-kitap-ve-oyuncak-kumbarasi-ni6.jpg\" alt=\"\" width=\"255\" height=\"133\" \/>Edirne Belediyesi, ihtiya\u00e7 fazlas\u0131 kitap ve oyuncaklar\u0131n ihtiya\u00e7 sahibi \u00e7ocuklara ula\u015ft\u0131r\u0131lmas\u0131 amac\u0131yla seyyar \u2018Kitap ve Oyuncak Evi\u2019 yapt\u0131rd\u0131. Edirne Belediye Ba\u015fkanl\u0131\u011f\u0131 sosyal sorumluluk projeleri kapsam\u0131nda, ihtiya\u00e7 fazlas\u0131 kitap ve oyuncaklar\u0131n \u00e7ocuklara ula\u015fmas\u0131n\u0131 sa\u011flamak amac\u0131yla \u2018Kitap ve Oyuncak Evi\u2019 yapt\u0131rd\u0131. Seyyar olarak yap\u0131lan \u2018Kitap ve Oyuncak Evi\u2019, belediye ekipleri taraf\u0131ndan Sara\u00e7lar Caddesi\u2019ne konuldu.<!--more--><\/p>\n<p style=\"text-align: justify;\">\nEdirne Belediyesi K\u00fclt\u00fcr ve Sanat Dan\u0131\u015fman\u0131 Ender Bilar, konuyla ilgili olarak yapt\u0131\u011f\u0131 a\u00e7\u0131klamada, proje sayesinde Edirne halk\u0131n\u0131n ev ve i\u015fyerlerinde bulunan ihtiya\u00e7 fazlas\u0131 kitap ve oyuncaklar\u0131n, yapt\u0131r\u0131lan \u2018Kitap ve Oyuncak Evi\u2019nde toplanaca\u011f\u0131n\u0131 belirtti. Toplanan kitap ve oyuncaklar\u0131n ihtiya\u00e7 sahibi kurum ve kurulu\u015flara ya da ki\u015filere belge kar\u015f\u0131l\u0131\u011f\u0131nda verilece\u011fini ifade eden Bilar, \u201cProjemiz her t\u00fcrl\u00fc e\u011fitim kitab\u0131, bro\u015f\u00fcr, dergi ile roman, hik\u00e2ye, \u015fiir, edebiyat eserleri ile e\u011fitim ve \u00f6\u011fretim ama\u00e7l\u0131 t\u00fcm oyuncaklar\u0131 kaps\u0131yor\u201d dedi. Edirne\u2019de \u00e7ocuklara kitab\u0131 sevdirmek ve kitap okuma al\u0131\u015fkanl\u0131\u011f\u0131 kazand\u0131rmak ad\u0131na b\u00f6yle bir proje geli\u015ftirdiklerini ifade eden Bilar, \u201cEdirne halk\u0131ndan, ekonomik nedenlerden dolay\u0131 \u00e7ocuklar\u0131na oyuncak ve kitap ihtiyac\u0131n\u0131 gideremeyen \u00e7ocuklar\u0131m\u0131z\u0131n bu ihtiya\u00e7lar\u0131n\u0131 kar\u015f\u0131lamak amac\u0131 ile evlerinde kullan\u0131lmayan \u00e7ocuk oyunca\u011f\u0131 ve kitaplar\u0131, \u2018Kitap ve Oyuncak Evi\u2019ne getirmelerini bekliyoruz\u201d dedi.<\/p>\n<p style=\"text-align: justify;\">Kaynak: http:\/\/yurthaber.mynet.com\/<\/p>\n","protected":false},"excerpt":{"rendered":"<p>Edirne Belediyesi, ihtiya\u00e7 fazlas\u0131 kitap ve oyuncaklar\u0131n ihtiya\u00e7 sahibi \u00e7ocuklara ula\u015ft\u0131r\u0131lmas\u0131 amac\u0131yla seyyar \u2018Kitap ve Oyuncak Evi\u2019 yapt\u0131rd\u0131. Edirne Belediye Ba\u015fkanl\u0131\u011f\u0131 sosyal sorumluluk projeleri kapsam\u0131nda, ihtiya\u00e7 fazlas\u0131 kitap ve oyuncaklar\u0131n \u00e7ocuklara ula\u015fmas\u0131n\u0131 sa\u011flamak amac\u0131yla \u2018Kitap ve Oyuncak Evi\u2019 yapt\u0131rd\u0131. Seyyar olarak yap\u0131lan \u2018Kitap ve Oyuncak Evi\u2019, belediye ekipleri taraf\u0131ndan Sara\u00e7lar Caddesi\u2019ne konuldu.<\/p>\n","protected":false},"author":1,"featured_media":0,"comment_status":"open","ping_status":"open","sticky":false,"template":"","format":"standard","meta":{"footnotes":""},"categories":[1],"tags":[402],"class_list":["post-8957","post","type-post","status-publish","format-standard","hentry","category-genel","tag-kitap-oyuncak-kumbarasi"],"_links":{"self":[{"href":"https:\/\/www.bbyhaber.com\/bby\/wp-json\/wp\/v2\/posts\/8957"}],"collection":[{"href":"https:\/\/www.bbyhaber.com\/bby\/wp-json\/wp\/v2\/posts"}],"about":[{"href":"https:\/\/www.bbyhaber.com\/bby\/wp-json\/wp\/v2\/types\/post"}],"author":[{"embeddable":true,"href":"https:\/\/www.bbyhaber.com\/bby\/wp-json\/wp\/v2\/users\/1"}],"replies":[{"embeddable":true,"href":"https:\/\/www.bbyhaber.com\/bby\/wp-json\/wp\/v2\/comments?post=8957"}],"version-history":[{"count":0,"href":"https:\/\/www.bbyhaber.com\/bby\/wp-json\/wp\/v2\/posts\/8957\/revisions"}],"wp:attachment":[{"href":"https:\/\/www.bbyhaber.com\/bby\/wp-json\/wp\/v2\/media?parent=8957"}],"wp:term":[{"taxonomy":"category","embeddable":true,"href":"https:\/\/www.bbyhaber.com\/bby\/wp-json\/wp\/v2\/categories?post=8957"},{"taxonomy":"post_tag","embeddable":true,"href":"https:\/\/www.bbyhaber.com\/bby\/wp-json\/wp\/v2\/tags?post=8957"}],"curies":[{"name":"wp","href":"https:\/\/api.w.org\/{rel}","templated":true}]}}