{"id":8944,"date":"2013-01-15T23:46:35","date_gmt":"2013-01-15T21:46:35","guid":{"rendered":"http:\/\/www.bbyhaber.com\/bby\/?p=8944"},"modified":"2015-09-08T11:35:20","modified_gmt":"2015-09-08T08:35:20","slug":"arsiv-calisanlari-dernegi-arcader","status":"publish","type":"post","link":"https:\/\/www.bbyhaber.com\/bby\/2013\/01\/15\/arsiv-calisanlari-dernegi-arcader","title":{"rendered":"Ar\u015fiv \u00c7al\u0131\u015fanlar\u0131 Derne\u011fi-ARCADER"},"content":{"rendered":"<p style=\"text-align: justify;\"><img loading=\"lazy\" decoding=\"async\" class=\"alignleft\" src=\"http:\/\/www.bbyhaber.com\/bby\/wp-content\/uploads\/bby-dernek-logolar\/arcader-logo.jpg\" alt=\"\" width=\"150\" height=\"150\" \/>Kamu ve \u00f6zel kurumlar\u0131n bir araya gelerek ba\u015flatt\u0131klar\u0131 <strong>AR\u015e\u0130V \u00c7ALI\u015eANLARI DERNE\u011e\u0130 (ARCADER)<\/strong> kurulma a\u015famas\u0131na ge\u00e7mi\u015ftir. Dernekte ve projelerde g\u00f6rev almak (projede yer almak isteyenlerden derne\u011fe \u00fcye olma \u015fart\u0131 aranacakt\u0131r), derne\u011fe \u00fcye olmak, kurucu \u00fcyelik, b\u00f6lge temsilcili\u011fi isteyen ilgili ki\u015filer dernek ile ileti\u015fime ge\u00e7ebilirsiniz.<!--more--><\/p>\n<p style=\"text-align: justify;\"><strong>\u0130lgili Ba\u011flant\u0131lar:<\/strong><\/p>\n<ul>\n<li><a href=\"http:\/\/www.arsivder.org.tr\/\" target=\"_blank\">T\u00fcrk Ar\u015fivciler Derne\u011fi<\/a><\/li>\n<li><a href=\"http:\/\/www.facebook.com\/groups\/262479813851854\/\" target=\"_blank\">Tapu Ar\u015fivcileri Facebook<\/a><\/li>\n<li><a href=\"http:\/\/www.facebook.com\/groups\/tapuarsivmemurlari\/\" target=\"_blank\">Tapu Ar\u015fiv Memurlar\u0131 Facebook<\/a><\/li>\n<li><a style=\"text-align: justify;\" href=\"http:\/\/www.facebook.com\/groups\/170823896346182\/\" target=\"_blank\">BBY Mezunu Ar\u015fivciler Facebbok<\/a><\/li>\n<\/ul>\n<p><strong>NOT:<\/strong><\/p>\n<p style=\"text-align: justify;\">&#8220;Ar\u015fiv \u00c7al\u0131\u015fanlar\u0131 Derne\u011finin Kurulu\u015fu ve faaliyet alanlar\u0131 ile ilgili yasal prosed\u00fcrler incelenmekte, isti\u015fare ve planlamalar devam etmektedir. Kamu Kurum ve Kurulu\u015flar\u0131, \u00dcniversiteler, Sivil Toplum Kurulu\u015flar\u0131 ve \u00d6zel Sekt\u00f6r Firmalar\u0131 ile g\u00f6r\u00fc\u015fmeler s\u00fcrd\u00fcr\u00fclmekte olup, demografik ve kat\u0131l\u0131mc\u0131 bir platform olu\u015fturulmaya \u00e7al\u0131\u015f\u0131lmaktad\u0131r. Bu amaca hizmet etmek \u00fczere haz\u0131rlanan dernek t\u00fcz\u00fc\u011f\u00fc tasla\u011f\u0131n\u0131n <strong>21 Ocak 2013 Pazartesi<\/strong> g\u00fcn\u00fc ilan edilmesi planlanmaktad\u0131r. \u0130lan edilen t\u00fcz\u00fck tasla\u011f\u0131 ile ilgili g\u00f6r\u00fc\u015f, \u00f6neri ve ele\u015ftrileriniz talep edilecektir. Sizlerden gelen teklifler de\u011ferlendirilerek t\u00fcz\u00fck tasla\u011f\u0131na son \u015fekli verilip resmi kurulu\u015f ger\u00e7ekle\u015ftirilecektir.K\u0131sa bir s\u00fcre i\u00e7erisinde bize ula\u015fan yo\u011fun \u00fcyelik ba\u015fvurular\u0131 i\u00e7in \u00f6ncelikle t\u00fcm ilgiliere te\u015fekk\u00fcr ederiz. \u00dcyelik talepleri resmi kurulu\u015fu takiben al\u0131nacakt\u0131r. Ayr\u0131ca, sosyal payla\u015f\u0131m sitesi facebookta yer alan dernek sayfas\u0131 da bu yo\u011fun talep \u00fczerine ileti\u015fim ve bilgilendirme amac\u0131yla a\u00e7\u0131lm\u0131\u015ft\u0131r. Sayg\u0131lar\u0131m\u0131zla.&#8221;@ L.Sezer<\/p>\n","protected":false},"excerpt":{"rendered":"<p>Kamu ve \u00f6zel kurumlar\u0131n bir araya gelerek ba\u015flatt\u0131klar\u0131 AR\u015e\u0130V \u00c7ALI\u015eANLARI DERNE\u011e\u0130 (ARCADER) kurulma a\u015famas\u0131na ge\u00e7mi\u015ftir. Dernekte ve projelerde g\u00f6rev almak (projede yer almak isteyenlerden derne\u011fe \u00fcye olma \u015fart\u0131 aranacakt\u0131r), derne\u011fe \u00fcye olmak, kurucu \u00fcyelik, b\u00f6lge temsilcili\u011fi isteyen ilgili ki\u015filer dernek ile ileti\u015fime ge\u00e7ebilirsiniz.<\/p>\n","protected":false},"author":1,"featured_media":0,"comment_status":"open","ping_status":"open","sticky":false,"template":"","format":"standard","meta":{"footnotes":""},"categories":[1,1605],"tags":[441,1433,1096],"class_list":["post-8944","post","type-post","status-publish","format-standard","hentry","category-genel","category-teknik-kadro-arsivciler","tag-arcader","tag-arsiv-calisanlari-dernegi","tag-arsivcilik"],"_links":{"self":[{"href":"https:\/\/www.bbyhaber.com\/bby\/wp-json\/wp\/v2\/posts\/8944"}],"collection":[{"href":"https:\/\/www.bbyhaber.com\/bby\/wp-json\/wp\/v2\/posts"}],"about":[{"href":"https:\/\/www.bbyhaber.com\/bby\/wp-json\/wp\/v2\/types\/post"}],"author":[{"embeddable":true,"href":"https:\/\/www.bbyhaber.com\/bby\/wp-json\/wp\/v2\/users\/1"}],"replies":[{"embeddable":true,"href":"https:\/\/www.bbyhaber.com\/bby\/wp-json\/wp\/v2\/comments?post=8944"}],"version-history":[{"count":0,"href":"https:\/\/www.bbyhaber.com\/bby\/wp-json\/wp\/v2\/posts\/8944\/revisions"}],"wp:attachment":[{"href":"https:\/\/www.bbyhaber.com\/bby\/wp-json\/wp\/v2\/media?parent=8944"}],"wp:term":[{"taxonomy":"category","embeddable":true,"href":"https:\/\/www.bbyhaber.com\/bby\/wp-json\/wp\/v2\/categories?post=8944"},{"taxonomy":"post_tag","embeddable":true,"href":"https:\/\/www.bbyhaber.com\/bby\/wp-json\/wp\/v2\/tags?post=8944"}],"curies":[{"name":"wp","href":"https:\/\/api.w.org\/{rel}","templated":true}]}}