{"id":8942,"date":"2013-01-15T23:22:50","date_gmt":"2013-01-15T21:22:50","guid":{"rendered":"http:\/\/www.bbyhaber.com\/bby\/?p=8942"},"modified":"2013-01-15T23:22:50","modified_gmt":"2013-01-15T21:22:50","slug":"fuarda-kutuphane-cagrisi-cukurova-6-kitap-fuari","status":"publish","type":"post","link":"https:\/\/www.bbyhaber.com\/bby\/2013\/01\/15\/fuarda-kutuphane-cagrisi-cukurova-6-kitap-fuari","title":{"rendered":"Fuarda &#8216;K\u00fct\u00fcphane&#8217; \u00e7a\u011fr\u0131s\u0131-\u00c7ukurova 6. Kitap Fuar\u0131"},"content":{"rendered":"<p style=\"text-align: justify;\"><img loading=\"lazy\" decoding=\"async\" class=\"alignleft\" src=\"http:\/\/www.yeniadana.net\/ResimUpload\/B21CE8B71A6EF54303CB4B234144250E13DE8A3B.jpeg\" alt=\"\" width=\"200\" height=\"150\" \/>Y\u0131l\u0131n ilk kitap fuar\u0131 olan \u00c7ukurova 6. Kitap Fuar\u0131, kap\u0131lar\u0131n\u0131 ziyaret\u00e7ilerine a\u00e7t\u0131. T\u00dcYAP Adana Fuarc\u0131l\u0131k A.\u015e. ve T\u00fcrkiye Yay\u0131nc\u0131lar Birli\u011fi i\u015fbirli\u011fiyle, Adana B\u00fcy\u00fck\u015fehir Belediyesi&#8217;nin de deste\u011fi ile ger\u00e7ekle\u015ftirilen \u00c7ukurova 6. Kitap Fuar\u0131, T\u00dcYAP Adana Uluslararas\u0131 Fuar ve Kongre Merkezi&#8217;nde a\u00e7\u0131ld\u0131. \u00c7ok say\u0131da kitab\u0131n, derginin ve e\u011fitici yay\u0131nlar\u0131n sergilendi\u011fi fuarda, sevilen karikat\u00fcr dergileri de stant a\u00e7arak, okuyucular\u0131yla bulu\u015ftu. <!--more-->\u00d6\u011frenciler ba\u015fta olmak \u00fczere her kesimin yo\u011fun ilgi g\u00f6sterdi\u011fi fuar boyunca, 60 k\u00fclt\u00fcr etkinli, imza g\u00fcnlerinde de 300 yazar kitapseverlerle bulu\u015facak.<\/p>\n<p style=\"text-align: justify;\">205 yay\u0131nevi ve sivil toplum kurulu\u015funun kat\u0131ld\u0131\u011f\u0131 fuar\u0131n a\u00e7\u0131l\u0131\u015f t\u00f6reninde konu\u015fan Adana Valisi H\u00fcseyin Avni Co\u015f, organizasyonun bug\u00fcnlere gelmesinde eme\u011fi ge\u00e7enlere te\u015fekk\u00fcr ederek, Adana merkezli kitap fuar\u0131 \u0131\u015f\u0131\u011f\u0131n\u0131n \u015eanl\u0131urfa, Mersin, Ad\u0131yaman, Kahramanmara\u015f gibi \u00e7evre illere ula\u015fmas\u0131n\u0131 temenni etti. Co\u015f, b\u00f6lgesel bir fuar i\u00e7in gayret edilmesini gerekti\u011fine vurgu yaparak, &#8220;500 bini a\u015fk\u0131n \u00f6\u011frencimiz, \u00f6\u011fretmen ve \u00f6\u011fretim g\u00f6revlimiz var. Bunlar\u0131n mutlaka buray\u0131 ziyaret etmesini sa\u011flamak laz\u0131m. B\u00f6lgedeki insanlar\u0131n kitapla olan dostlu\u011funu peki\u015ftirecek, kendilerini yenilemelerini ve daha donan\u0131ml\u0131 olarak hayata bakmalar\u0131n\u0131 sa\u011flayacak ad\u0131mlar at\u0131lmal\u0131. Bunun i\u00e7in sivil toplum kurulu\u015fu, medya ve kamudaki herkese g\u00f6revler d\u00fc\u015f\u00fcyor. Fuar en iyi \u015fekilde tan\u0131t\u0131lmal\u0131&#8221; dedi.<\/p>\n<p style=\"text-align: justify;\">&#8220;VAL\u0130 S\u00d6Z\u00dcN\u00dc B\u00d6L\u00dcP, \u00d6NER\u0130DE BULUNAN KADINI ALKI\u015eLATTI&#8221;<\/p>\n<p style=\"text-align: justify;\"><strong>Vali Co\u015f, konu\u015fma yapt\u0131\u011f\u0131 s\u0131rada arka s\u0131ralardan mal\u00fclen emekliye ayr\u0131ld\u0131\u011f\u0131 \u00f6\u011frenilen Zeynep Yal\u00e7\u0131n ad\u0131ndaki bir kad\u0131n, &#8220;<span style=\"color: #0000ff;\">Otomobil kredisi var, konut kredisi var, o zaman merhaba diyelim Ankara&#8217;ya \u015fahs\u0131n\u0131zla, diyelim ki k\u00fct\u00fcphane kuruyoruz verin kredi, kredi de s\u0131f\u0131r olsun, kaynak da T\u00dcYAP&#8217;tan olsun nas\u0131l olur?<\/span>&#8221; diyerek, Vali Co\u015f&#8217;a seslendi. Co\u015f ise &#8220;Te\u015fekk\u00fcr ediyorum g\u00fczel \u00f6neriniz i\u00e7in. Detaylar\u0131 in\u015fallah a\u00e7\u0131l\u0131\u015f program\u0131m\u0131z\u0131n sonunda g\u00f6r\u00fc\u015felim. B\u00f6yle yenilik\u00e7i fikirlere ihtiyac\u0131m\u0131z var arkada\u015flar&#8221; diyerek, kad\u0131n\u0131 alk\u0131\u015flatt\u0131.<\/strong><\/p>\n<p style=\"text-align: justify;\">Adana B\u00fcy\u00fck\u015fehir Belediye Ba\u015fkan Vekili Zihni Ald\u0131rmaz ise yapt\u0131\u011f\u0131 konu\u015fmas\u0131nda, Adana n\u00fcfusunun \u00fclke ortalamas\u0131na g\u00f6re y\u00fczde 2.5 daha gen\u00e7 oldu\u011funu vurgu yaparak, kentteki 500 bin \u00f6\u011frenci potansiyeline dikkat \u00e7ekti. Ald\u0131rmaz, &#8220;\u00c7ukurova ve insan\u0131, k\u00fclt\u00fcr ve sanat a\u00e7\u0131s\u0131ndan T\u00fcrkiye&#8217;nin g\u00fclen y\u00fcz\u00fcd\u00fcr&#8221; diye konu\u015ftu. T\u00dcYAP Adana Fuarc\u0131l\u0131k A.\u015e. Genel M\u00fcd\u00fcr\u00fc \u0130lhan Ers\u00f6zl\u00fc ise fuar\u0131n ve fuara kat\u0131lanlar\u0131n, kente kazand\u0131rd\u0131\u011f\u0131 ekonomik potansiyelin \u00f6nemine dikkat \u00e7ekti.<\/p>\n<p style=\"text-align: justify;\">Konu\u015fmalardan ard\u0131ndan ba\u015fta Vali Co\u015f ile e\u015fi Aylin Co\u015f ve Ba\u015fkan Vekili Zihni Ald\u0131rmaz, di\u011fer kat\u0131l\u0131mc\u0131lar ile birlikte fuar\u0131n a\u00e7\u0131l\u0131\u015f kurdelesini kesip, stantlar\u0131 gezdi.<\/p>\n<p style=\"text-align: justify;\">\u00c7ok say\u0131da yeni eserin de ilk defa okuyucuyla bulu\u015ftu\u011fu fuar, 20 Ocak&#8217;a kadar kap\u0131lar\u0131n\u0131 a\u00e7\u0131k tutacak. Fuarda, aralar\u0131nda Oya Baydar, Can D\u00fcndar, Enver Aysever, Ahmet Telli, Beh\u00e7et \u00c7elik, Canan Tan, G\u00fclten Day\u0131o\u011flu, Nasuh Mahruki, Mine Soysal, Onur \u00d6ymen, Semih G\u00fcm\u00fc\u015f ve pek \u00e7ok \u015fair, yazar ve bilim insan\u0131n\u0131n bulundu\u011fu konuklar 6 g\u00fcn boyunca okurlarla bir araya gelecek.<\/p>\n<p style=\"text-align: justify;\">Kaynak:\u00a0http:\/\/www.yeniadana.net<\/p>\n","protected":false},"excerpt":{"rendered":"<p>Y\u0131l\u0131n ilk kitap fuar\u0131 olan \u00c7ukurova 6. Kitap Fuar\u0131, kap\u0131lar\u0131n\u0131 ziyaret\u00e7ilerine a\u00e7t\u0131. T\u00dcYAP Adana Fuarc\u0131l\u0131k A.\u015e. ve T\u00fcrkiye Yay\u0131nc\u0131lar Birli\u011fi i\u015fbirli\u011fiyle, Adana B\u00fcy\u00fck\u015fehir Belediyesi&#8217;nin de deste\u011fi ile ger\u00e7ekle\u015ftirilen \u00c7ukurova 6. Kitap Fuar\u0131, T\u00dcYAP Adana Uluslararas\u0131 Fuar ve Kongre Merkezi&#8217;nde a\u00e7\u0131ld\u0131. \u00c7ok say\u0131da kitab\u0131n, derginin ve e\u011fitici yay\u0131nlar\u0131n sergilendi\u011fi fuarda, sevilen karikat\u00fcr dergileri de stant a\u00e7arak, [&hellip;]<\/p>\n","protected":false},"author":1,"featured_media":0,"comment_status":"open","ping_status":"open","sticky":false,"template":"","format":"standard","meta":{"footnotes":""},"categories":[1,1493],"tags":[],"class_list":["post-8942","post","type-post","status-publish","format-standard","hentry","category-genel","category-kitap-fuarlari-2"],"_links":{"self":[{"href":"https:\/\/www.bbyhaber.com\/bby\/wp-json\/wp\/v2\/posts\/8942"}],"collection":[{"href":"https:\/\/www.bbyhaber.com\/bby\/wp-json\/wp\/v2\/posts"}],"about":[{"href":"https:\/\/www.bbyhaber.com\/bby\/wp-json\/wp\/v2\/types\/post"}],"author":[{"embeddable":true,"href":"https:\/\/www.bbyhaber.com\/bby\/wp-json\/wp\/v2\/users\/1"}],"replies":[{"embeddable":true,"href":"https:\/\/www.bbyhaber.com\/bby\/wp-json\/wp\/v2\/comments?post=8942"}],"version-history":[{"count":0,"href":"https:\/\/www.bbyhaber.com\/bby\/wp-json\/wp\/v2\/posts\/8942\/revisions"}],"wp:attachment":[{"href":"https:\/\/www.bbyhaber.com\/bby\/wp-json\/wp\/v2\/media?parent=8942"}],"wp:term":[{"taxonomy":"category","embeddable":true,"href":"https:\/\/www.bbyhaber.com\/bby\/wp-json\/wp\/v2\/categories?post=8942"},{"taxonomy":"post_tag","embeddable":true,"href":"https:\/\/www.bbyhaber.com\/bby\/wp-json\/wp\/v2\/tags?post=8942"}],"curies":[{"name":"wp","href":"https:\/\/api.w.org\/{rel}","templated":true}]}}