{"id":8937,"date":"2013-01-15T17:27:47","date_gmt":"2013-01-15T15:27:47","guid":{"rendered":"http:\/\/www.bbyhaber.com\/bby\/?p=8937"},"modified":"2015-02-24T09:51:48","modified_gmt":"2015-02-24T07:51:48","slug":"meb-okul-yaptirmaya-gucu-yetmeyenleri-z-kutuphane-yapmaya-cagirdi","status":"publish","type":"post","link":"https:\/\/www.bbyhaber.com\/bby\/2013\/01\/15\/meb-okul-yaptirmaya-gucu-yetmeyenleri-z-kutuphane-yapmaya-cagirdi","title":{"rendered":"MEB, okul yapt\u0131rmaya g\u00fcc\u00fc yetmeyenleri Z-K\u00fct\u00fcphane yapmaya \u00e7a\u011f\u0131rd\u0131"},"content":{"rendered":"<p style=\"text-align: justify;\">Milli E\u011fitim Bakanl\u0131\u011f\u0131 (MEB) M\u00fcste\u015far Yard\u0131mc\u0131s\u0131 Z\u00fcbeyir Y\u0131lmaz, &#8216;Okullar Hayat Olsun&#8217; projesi kapsam\u0131nda \u00fclke genelindeki k\u00fct\u00fcphanelerin &#8216;Z-K\u00fct\u00fcphane&#8217;ye (Zenginle\u015ftirilmi\u015f K\u00fct\u00fcphane) d\u00f6n\u00fc\u015fece\u011fini s\u00f6yledi. Y\u0131lmaz, okul yapt\u0131rmaya g\u00fcc\u00fc yetmeyenleri k\u00fct\u00fcphane yapt\u0131rmaya davet etti. Bir dizi toplant\u0131 ve etkinliklere kat\u0131lmak i\u00e7in Samsun\u2019da bulunan MEB M\u00fcste\u015far Yard\u0131mc\u0131s\u0131 Z\u00fcbeyir Y\u0131lmaz, \u0130lkad\u0131m il\u00e7esindeki okullarda ziyaretlerde bulundu. Burada bas\u0131n mensuplar\u0131n\u0131n sorular\u0131n\u0131 cevapland\u0131ran Y\u0131lmaz, <!--more-->Bakanl\u0131\u011f\u0131n, okuma k\u00fclt\u00fcr\u00fcn\u00fcn geli\u015ftirilmesi i\u00e7in bilgisayardan elektronik e\u011fitim materyallerine, internetten zeka oyunlar\u0131na kadar ba\u015fta \u00e7ocuklar\u0131n ilgisini \u00e7ekebilecek bir\u00e7ok materyalin bulundu\u011fu Z-K\u00fct\u00fcphaneleri kurmaya ba\u015flad\u0131klar\u0131n\u0131 s\u00f6yledi.<\/p>\n<p style=\"text-align: justify;\">K\u00fct\u00fcphanelere b\u00fcy\u00fck bir \u00f6nem verdiklerini kaydeden Z\u00fcbeyir Y\u0131lmaz, \u201cBunun i\u00e7in bakanl\u0131k b\u00fcnyesinde \u00f6zel olarak \u2018k\u00fct\u00fcphaneler okuma k\u00fclt\u00fcr\u00fc ve okuma al\u0131\u015fkanl\u0131\u011f\u0131\u2019 ad\u0131 alt\u0131nda grup ba\u015fkanl\u0131\u011f\u0131 olu\u015fturuldu. Bu grup ba\u015fkanl\u0131\u011f\u0131, k\u00fct\u00fcphanelerle ilgili olarak bakanl\u0131k tarihinde ilk defa bir birim olarak kuruldu. Burada, halk ve okul k\u00fct\u00fcphanelerinin ileriye d\u00f6n\u00fck yeniden dizayn edilerek modernle\u015ftirilmesi ama\u00e7land\u0131. Yap\u0131lan \u00f6n \u00e7al\u0131\u015fmalarda yeni k\u00fct\u00fcphane modelleri geli\u015ftirildi ve projelendirildi. Bunlar\u0131n uygulamalar\u0131n\u0131 da ba\u015fta b\u00fcy\u00fck \u015fehirler olmak \u00fczere yava\u015f yava\u015f g\u00f6r\u00fcyoruz. Mesela Konya\u2019da, B\u00fcy\u00fck\u015fehir Belediyesi sponsor oldu ve 300 kadar okul k\u00fct\u00fcphanesini ihaleye vererek Z-K\u00fct\u00fcphane\u2019ye d\u00f6n\u00fc\u015ft\u00fcr\u00fcyor. Bu k\u00fct\u00fcphanelerden sadece \u00f6\u011frenciler de\u011fil, okul velileri de her anlamda faydalanacak. Onun i\u00e7in k\u00fct\u00fcphaneler, en kolay ula\u015f\u0131labilir bir yer olan binan\u0131n giri\u015f kat\u0131na yap\u0131l\u0131yor.\u201d dedi.<\/p>\n<p style=\"text-align: justify;\">Bu anlamda e\u011fitimin en temel gereksinimi olan kitab\u0131, yani bilgiyi, dolay\u0131s\u0131yla k\u00fct\u00fcphaneleri en az okullar kadar \u00f6nemsediklerini s\u00f6zlerine ekleyen Z\u00fcbeyir Y\u0131lmaz, okul yapt\u0131rmaya g\u00fcc\u00fc yetmeyen hay\u0131rseverleri Z-K\u00fct\u00fcphane yapmaya \u00e7a\u011f\u0131rd\u0131. Samsunlu \u00e7ocuklar\u0131n modern k\u00fct\u00fcphanelerden geri kalmamas\u0131 gerekti\u011fini hat\u0131rlatan Y\u0131lmaz, \u201cSamsunlu hay\u0131rseverler okul yapt\u0131rmak i\u00e7in birbiriyle tatl\u0131 bir rekabet i\u00e7inde diye biz biliyoruz. \u015eimdi de okul yapt\u0131rmaya g\u00fcc\u00fc yetmeyen hay\u0131rseverleri isimlerini verecekleri k\u00fct\u00fcphaneler yapmalar\u0131 i\u00e7in \u00e7a\u011fr\u0131da bulunuyorum. Samsun\u2019un bu konuda iyi bir seviyede olmas\u0131n\u0131 bekliyoruz.\u201d diye konu\u015ftu.<\/p>\n<p style=\"text-align: justify;\">Okullar Hayat Olsun projesinin, vatanda\u015flardan yo\u011fun talep g\u00f6rd\u00fc\u011f\u00fcn\u00fc de belirten M\u00fcste\u015far Yard\u0131mc\u0131s\u0131 Z\u00fcbeyir Y\u0131lmaz, proje kapsam\u0131nda ilk etapta okullar\u0131n hafta i\u00e7i \u00f6\u011frencilerin hafta sonlar\u0131 da velilerin kullan\u0131m\u0131na sunulaca\u011f\u0131n\u0131 belirtti.<\/p>\n<p style=\"text-align: justify;\">Kaynak : http:\/\/www.haber3.com\/<\/p>\n","protected":false},"excerpt":{"rendered":"<p>Milli E\u011fitim Bakanl\u0131\u011f\u0131 (MEB) M\u00fcste\u015far Yard\u0131mc\u0131s\u0131 Z\u00fcbeyir Y\u0131lmaz, &#8216;Okullar Hayat Olsun&#8217; projesi kapsam\u0131nda \u00fclke genelindeki k\u00fct\u00fcphanelerin &#8216;Z-K\u00fct\u00fcphane&#8217;ye (Zenginle\u015ftirilmi\u015f K\u00fct\u00fcphane) d\u00f6n\u00fc\u015fece\u011fini s\u00f6yledi. Y\u0131lmaz, okul yapt\u0131rmaya g\u00fcc\u00fc yetmeyenleri k\u00fct\u00fcphane yapt\u0131rmaya davet etti. Bir dizi toplant\u0131 ve etkinliklere kat\u0131lmak i\u00e7in Samsun\u2019da bulunan MEB M\u00fcste\u015far Yard\u0131mc\u0131s\u0131 Z\u00fcbeyir Y\u0131lmaz, \u0130lkad\u0131m il\u00e7esindeki okullarda ziyaretlerde bulundu. Burada bas\u0131n mensuplar\u0131n\u0131n sorular\u0131n\u0131 cevapland\u0131ran Y\u0131lmaz,<\/p>\n","protected":false},"author":1,"featured_media":0,"comment_status":"open","ping_status":"open","sticky":false,"template":"","format":"standard","meta":{"footnotes":""},"categories":[1510],"tags":[845,1447],"class_list":["post-8937","post","type-post","status-publish","format-standard","hentry","category-z-kutuphane","tag-okul-kutuphaneleri","tag-z-zenginlestirilmis-kutuphaneler"],"_links":{"self":[{"href":"https:\/\/www.bbyhaber.com\/bby\/wp-json\/wp\/v2\/posts\/8937"}],"collection":[{"href":"https:\/\/www.bbyhaber.com\/bby\/wp-json\/wp\/v2\/posts"}],"about":[{"href":"https:\/\/www.bbyhaber.com\/bby\/wp-json\/wp\/v2\/types\/post"}],"author":[{"embeddable":true,"href":"https:\/\/www.bbyhaber.com\/bby\/wp-json\/wp\/v2\/users\/1"}],"replies":[{"embeddable":true,"href":"https:\/\/www.bbyhaber.com\/bby\/wp-json\/wp\/v2\/comments?post=8937"}],"version-history":[{"count":0,"href":"https:\/\/www.bbyhaber.com\/bby\/wp-json\/wp\/v2\/posts\/8937\/revisions"}],"wp:attachment":[{"href":"https:\/\/www.bbyhaber.com\/bby\/wp-json\/wp\/v2\/media?parent=8937"}],"wp:term":[{"taxonomy":"category","embeddable":true,"href":"https:\/\/www.bbyhaber.com\/bby\/wp-json\/wp\/v2\/categories?post=8937"},{"taxonomy":"post_tag","embeddable":true,"href":"https:\/\/www.bbyhaber.com\/bby\/wp-json\/wp\/v2\/tags?post=8937"}],"curies":[{"name":"wp","href":"https:\/\/api.w.org\/{rel}","templated":true}]}}