{"id":8933,"date":"2013-01-15T17:01:18","date_gmt":"2013-01-15T15:01:18","guid":{"rendered":"http:\/\/www.bbyhaber.com\/bby\/?p=8933"},"modified":"2014-04-14T19:09:22","modified_gmt":"2014-04-14T17:09:22","slug":"gorevde-yukselme-sinav-tarihi","status":"publish","type":"post","link":"https:\/\/www.bbyhaber.com\/bby\/2013\/01\/15\/gorevde-yukselme-sinav-tarihi","title":{"rendered":"G\u00f6revde Y\u00fckselme S\u0131nav Tarihi ve Yeri ile \u0130lgili Duyuru-K\u00fclt\u00fcr ve Turizm Bakanl\u0131\u011f\u0131 PDB"},"content":{"rendered":"<div style=\"text-align: justify;\">\n<div>\n<div>\n<div>\n<p>K\u00fclt\u00fcr ve Turizm Bakanl\u0131\u011f\u0131 Personel Dairesi Ba\u015fkanl\u0131\u011f\u0131 (PDB)-Liyakat ve kariyer ilkeleri \u00e7er\u00e7evesinde hizmet gerekleri ve personel planlamas\u0131 esas al\u0131narak,Bakanl\u0131\u011f\u0131m\u0131z merkez ve ta\u015fra te\u015fkilat\u0131nda bo\u015f bulunan \u015eube M\u00fcd\u00fcr\u00fc, M\u00fcze M\u00fcd\u00fcr\u00fc, K\u00fct\u00fcphane M\u00fcd\u00fcr\u00fc, M\u00fcze Ara\u015ft\u0131rmac\u0131s\u0131 ve Folklor Ara\u015ft\u0131rmac\u0131s\u0131 kadrolar\u0131 i\u00e7in yap\u0131lacak g\u00f6revde y\u00fckselme s\u0131nav\u0131 ile ilgili e\u011fitim 03\/12\/2012 \u2013 20\/12\/2012 tarihleri aras\u0131nda ger\u00e7ekle\u015ftirilmi\u015ftir.<!--more--><\/p>\n<p>E\u011fitimin tamam\u0131na kat\u0131lan adaylar\u0131n ve mazeretli olarak kat\u0131lamad\u0131klar\u0131n\u0131 belgeleyenlerin kat\u0131labilecekleri g\u00f6revde y\u00fckselme s\u0131nav\u0131, <strong>02\/02\/2013 g\u00fcn\u00fc saat 10:00 da Gazi \u00dcniversitesi \u0130ktisadi ve \u0130dari Bilimler Fak\u00fcltesi B Blok Be\u015fevler-Ankara<\/strong> adresinde yap\u0131lacak olup, ilgililerin s\u0131nava kat\u0131lmak amac\u0131yla s\u0131nav salonunda s\u0131nav saatinden en az yar\u0131m saat \u00f6nce haz\u0131r bulunmalar\u0131 ve yanlar\u0131nda, Bakanl\u0131k personel kimlik kartlar\u0131 ile birlikte foto\u011frafl\u0131 ve onayl\u0131 bir kimlik belgesi (n\u00fcfus c\u00fczdan\u0131, s\u00fcr\u00fcc\u00fc belgesi veya pasaport) bulundurmalar\u0131 gerekmektedir.<\/p>\n<p>Ayr\u0131ca; s\u00f6z konusu s\u0131nav ile ilgili olarak yap\u0131lacak herhangi bir de\u011fi\u015fiklik <a href=\"http:\/\/www.kultur.gov.tr\/\" target=\"_blank\">K\u00fclt\u00fcr Bakanl\u0131\u011f\u0131 resmi internet sitesi<\/a>nden duyurulacak olup, tekrar yaz\u0131l\u0131 tebligat yap\u0131lmayacakt\u0131r.<\/p>\n<p>Kaynak: http:\/\/pdb.kulturturizm.gov.tr\/<\/p>\n<\/div>\n<\/div>\n<\/div>\n<\/div>\n","protected":false},"excerpt":{"rendered":"<p>K\u00fclt\u00fcr ve Turizm Bakanl\u0131\u011f\u0131 Personel Dairesi Ba\u015fkanl\u0131\u011f\u0131 (PDB)-Liyakat ve kariyer ilkeleri \u00e7er\u00e7evesinde hizmet gerekleri ve personel planlamas\u0131 esas al\u0131narak,Bakanl\u0131\u011f\u0131m\u0131z merkez ve ta\u015fra te\u015fkilat\u0131nda bo\u015f bulunan \u015eube M\u00fcd\u00fcr\u00fc, M\u00fcze M\u00fcd\u00fcr\u00fc, K\u00fct\u00fcphane M\u00fcd\u00fcr\u00fc, M\u00fcze Ara\u015ft\u0131rmac\u0131s\u0131 ve Folklor Ara\u015ft\u0131rmac\u0131s\u0131 kadrolar\u0131 i\u00e7in yap\u0131lacak g\u00f6revde y\u00fckselme s\u0131nav\u0131 ile ilgili e\u011fitim 03\/12\/2012 \u2013 20\/12\/2012 tarihleri aras\u0131nda ger\u00e7ekle\u015ftirilmi\u015ftir.<\/p>\n","protected":false},"author":1,"featured_media":0,"comment_status":"open","ping_status":"open","sticky":false,"template":"","format":"standard","meta":{"footnotes":""},"categories":[1],"tags":[525],"class_list":["post-8933","post","type-post","status-publish","format-standard","hentry","category-genel","tag-gorevde-yukselme-kutuphaneci"],"_links":{"self":[{"href":"https:\/\/www.bbyhaber.com\/bby\/wp-json\/wp\/v2\/posts\/8933"}],"collection":[{"href":"https:\/\/www.bbyhaber.com\/bby\/wp-json\/wp\/v2\/posts"}],"about":[{"href":"https:\/\/www.bbyhaber.com\/bby\/wp-json\/wp\/v2\/types\/post"}],"author":[{"embeddable":true,"href":"https:\/\/www.bbyhaber.com\/bby\/wp-json\/wp\/v2\/users\/1"}],"replies":[{"embeddable":true,"href":"https:\/\/www.bbyhaber.com\/bby\/wp-json\/wp\/v2\/comments?post=8933"}],"version-history":[{"count":0,"href":"https:\/\/www.bbyhaber.com\/bby\/wp-json\/wp\/v2\/posts\/8933\/revisions"}],"wp:attachment":[{"href":"https:\/\/www.bbyhaber.com\/bby\/wp-json\/wp\/v2\/media?parent=8933"}],"wp:term":[{"taxonomy":"category","embeddable":true,"href":"https:\/\/www.bbyhaber.com\/bby\/wp-json\/wp\/v2\/categories?post=8933"},{"taxonomy":"post_tag","embeddable":true,"href":"https:\/\/www.bbyhaber.com\/bby\/wp-json\/wp\/v2\/tags?post=8933"}],"curies":[{"name":"wp","href":"https:\/\/api.w.org\/{rel}","templated":true}]}}