{"id":8926,"date":"2013-01-15T13:12:04","date_gmt":"2013-01-15T11:12:04","guid":{"rendered":"http:\/\/www.bbyhaber.com\/bby\/?p=8926"},"modified":"2013-01-15T13:48:45","modified_gmt":"2013-01-15T11:48:45","slug":"texasta-dunyanin-ilk-kitapsiz-kutuphanesi-acilacak","status":"publish","type":"post","link":"https:\/\/www.bbyhaber.com\/bby\/2013\/01\/15\/texasta-dunyanin-ilk-kitapsiz-kutuphanesi-acilacak","title":{"rendered":"Texas\u2019ta d\u00fcnyan\u0131n ilk kitaps\u0131z k\u00fct\u00fcphanesi a\u00e7\u0131lacak"},"content":{"rendered":"<div style=\"text-align: justify;\">\n<p><img loading=\"lazy\" decoding=\"async\" class=\"alignleft\" src=\"http:\/\/m.ruvr.ru\/data\/2013\/01\/15\/1334871162\/4highres_00000401896028.jpg\" alt=\"\" width=\"239\" height=\"139\" \/>ABD\u2019nin Teksas eyaletinin San Antonio kentinde ya\u015fayan Nelson Wolff i\u00e7inde bilgisayar istasyonlar\u0131n\u0131n olaca\u011f\u0131, e-kitaplarla dolu d\u00fcnyan\u0131n ilk kitaps\u0131z k\u00fct\u00fcphanesini a\u00e7maya haz\u0131rlan\u0131yor. Apple&#8217;\u0131n kurucusu Steve Jobs&#8217;un biyografisini okudu\u011funu ve \u00e7ok etkilendi\u011fini s\u00f6yleyen Wolff bu projenin k\u00fct\u00fcphane gelene\u011fini yok etmeyece\u011fini, konsepti zenginle\u015ftirece\u011fine inan\u0131yor.<!--more--><\/p>\n<p>Daily Mail gazetesinde yer alan habere g\u00f6re Wolff yeni projesi i\u00e7in 5000 metrekare zemin \u00fczerine kurulu bir devlet binas\u0131n\u0131 hayalindeki k\u00fct\u00fcphaneye d\u00f6n\u00fc\u015ft\u00fcrecek.<\/p>\n<p>150 kitap okuyucu, 50 masa\u00fcst\u00fc bilgisayar, 25 tablet ve 25 laptop\u2019un bulunaca\u011f\u0131 k\u00fct\u00fcphanede \u00e7ocuklar i\u00e7in de \u00f6zel bir alan d\u00fc\u015f\u00fcn\u00fclm\u00fc\u015f. Ziyaret\u00e7ilerin yanlar\u0131nda getirdikleri bilgisayarlara istedikleri e-kitaplar\u0131 y\u00fckleyebileceklerini s\u00f6yleyen Wolff s\u00f6zlerine \u015f\u00f6yle devam etti: \u201cK\u00fct\u00fcphaneye gelenler e-kitaplar\u0131 evlerine g\u00f6t\u00fcrebilecek. Fakat 2 hafta sonra geri getirmezlerse sistem kapanacak ve kitap okuyucular\u0131 \u00e7al\u0131\u015fmayacak.\u201d Kitaps\u0131z k\u00fct\u00fcphanenin 2013\u2019\u00fcn sonlar\u0131na do\u011fru a\u00e7\u0131lmas\u0131 bekleniyor.<\/p>\n<p>Kaynak:http:\/\/turkish.ruvr.ru\/<\/p>\n<\/div>\n","protected":false},"excerpt":{"rendered":"<p>ABD\u2019nin Teksas eyaletinin San Antonio kentinde ya\u015fayan Nelson Wolff i\u00e7inde bilgisayar istasyonlar\u0131n\u0131n olaca\u011f\u0131, e-kitaplarla dolu d\u00fcnyan\u0131n ilk kitaps\u0131z k\u00fct\u00fcphanesini a\u00e7maya haz\u0131rlan\u0131yor. Apple&#8217;\u0131n kurucusu Steve Jobs&#8217;un biyografisini okudu\u011funu ve \u00e7ok etkilendi\u011fini s\u00f6yleyen Wolff bu projenin k\u00fct\u00fcphane gelene\u011fini yok etmeyece\u011fini, konsepti zenginle\u015ftirece\u011fine inan\u0131yor.<\/p>\n","protected":false},"author":1,"featured_media":0,"comment_status":"open","ping_status":"open","sticky":false,"template":"","format":"standard","meta":{"footnotes":""},"categories":[1480,1481,1571,1],"tags":[1410],"class_list":["post-8926","post","type-post","status-publish","format-standard","hentry","category-e-book","category-e-kitap","category-e-kutuphane","category-genel","tag-uluslararasi-kutuphane-haberleri"],"_links":{"self":[{"href":"https:\/\/www.bbyhaber.com\/bby\/wp-json\/wp\/v2\/posts\/8926"}],"collection":[{"href":"https:\/\/www.bbyhaber.com\/bby\/wp-json\/wp\/v2\/posts"}],"about":[{"href":"https:\/\/www.bbyhaber.com\/bby\/wp-json\/wp\/v2\/types\/post"}],"author":[{"embeddable":true,"href":"https:\/\/www.bbyhaber.com\/bby\/wp-json\/wp\/v2\/users\/1"}],"replies":[{"embeddable":true,"href":"https:\/\/www.bbyhaber.com\/bby\/wp-json\/wp\/v2\/comments?post=8926"}],"version-history":[{"count":0,"href":"https:\/\/www.bbyhaber.com\/bby\/wp-json\/wp\/v2\/posts\/8926\/revisions"}],"wp:attachment":[{"href":"https:\/\/www.bbyhaber.com\/bby\/wp-json\/wp\/v2\/media?parent=8926"}],"wp:term":[{"taxonomy":"category","embeddable":true,"href":"https:\/\/www.bbyhaber.com\/bby\/wp-json\/wp\/v2\/categories?post=8926"},{"taxonomy":"post_tag","embeddable":true,"href":"https:\/\/www.bbyhaber.com\/bby\/wp-json\/wp\/v2\/tags?post=8926"}],"curies":[{"name":"wp","href":"https:\/\/api.w.org\/{rel}","templated":true}]}}