{"id":8917,"date":"2013-01-15T10:51:33","date_gmt":"2013-01-15T08:51:33","guid":{"rendered":"http:\/\/www.bbyhaber.com\/bby\/?p=8917"},"modified":"2014-02-19T13:34:07","modified_gmt":"2014-02-19T11:34:07","slug":"sansur-ne-yana-duser-usta-aydin-ileri","status":"publish","type":"post","link":"https:\/\/www.bbyhaber.com\/bby\/2013\/01\/15\/sansur-ne-yana-duser-usta-aydin-ileri","title":{"rendered":"Sans\u00fcr ne yana d\u00fc\u015fer usta?-Ayd\u0131n \u0130leri"},"content":{"rendered":"<p style=\"text-align: justify;\">\u00c7ocuklu\u011fumuz televizyonda kitaplar\u0131n su\u00e7 aleti olarak silahla bomba ile yan yana s\u0131raland\u0131\u011f\u0131 y\u00fczlerce g\u00f6r\u00fcnt\u00fcy\u00fc izleyerek ge\u00e7ti. Kitap yazanlar\u0131n hapiste oldu\u011funa, gazetecilerin bombaland\u0131\u011f\u0131na, gazetecilerin \u00f6ld\u00fcr\u00fcld\u00fc\u011f\u00fcne tan\u0131k olarak b\u00fcy\u00fcd\u00fck. Kitap okuyan\u0131m\u0131z\u0131 \u201cokuyup da \u00e2lim mi olacaks\u0131n\u201d diye yarg\u0131lad\u0131k. \u00d6yle ki edebiyat\u0131m\u0131zda cezaevinde yazmaya ba\u015flayan romanc\u0131lar, \u00f6yk\u00fcc\u00fcler ve \u015fairlerle dolu. <!--more-->Matbaa bask\u0131nlar\u0131, yazar s\u00fcrg\u00fcnleri ka\u00e7 edebi metine, radyo- TV program\u0131na, ka\u00e7 tiyatroya, sinema filmine ve diziye konu oldu\u011funun say\u0131s\u0131n\u0131 bilen yok. B\u00fct\u00fcn bunlar\u0131 ya\u015fay\u0131p halen okumay\u0131 tercih etmek, okumay\u0131 okutmay\u0131 savunmak Don Ki\u015fot\u2019luk olsa gerek. (Sans\u00fcre tak\u0131lmamak i\u00e7in a\u00e7\u0131klay\u0131c\u0131 not: yaz\u0131da bahsedilen \u201cDon\u201d giyilen don de\u011fildir. Bir roman kahraman\u0131n\u0131n ilk ad\u0131d\u0131r. M\u00fcstehcenlik i\u00e7ermez) Yasaklama bask\u0131 ve sans\u00fcr, Osmanl\u0131\u2019n\u0131n Cumhuriyet d\u00f6nemine devretti\u011fi bir gelenek. Kitap yasaklamalar\u0131, bas\u0131na uygulanan engellemeler rutin uygulamalar haline geldi\u011fi \u00fclkemizin yay\u0131nc\u0131l\u0131k tarihi adeta yay\u0131n yasaklamalar\u0131n\u0131n tarihi.<\/p>\n<p style=\"text-align: justify;\"><strong>\u0130KT\u0130DARLAR<\/strong><br \/>\nYap\u0131lan sans\u00fcrler genelde devlet eliyle yap\u0131lm\u0131\u015f, uygulanm\u0131\u015f. Bunun i\u00e7in yetkili savc\u0131lar,mahkemeler, komisyonlar kurulmu\u015f. Toplum olarak her y\u00f6nden kontrole, talime ve terbiyeye ihtiyac\u0131m\u0131z var. Bizim ad\u0131m\u0131za d\u00fc\u015f\u00fcnen iktidarlar her zaman ba\u015f\u0131m\u0131zdan eksilmemi\u015ftir.Hayat\u0131m\u0131za \u00f6zg\u00fcrl\u00fckleri getirece\u011fini iddia eden her iktidar kendi bask\u0131 ve sans\u00fcr mekanizmalar\u0131n\u0131 \u00fcretmi\u015f. Gelenler gidenleri aratmam\u0131\u015ft\u0131r. Geli\u015fen ve de\u011fi\u015fen teknoloji yay\u0131n bi\u00e7imlerini de\u011fi\u015fse de sans\u00fcr bi\u00e7imleri de kendisini yenilemeyi bilmi\u015ftir. TV\u2019de, radyo\u2019da ve internette yasaklar, bask\u0131lar \u00e7ok ge\u00e7meden ya\u015fant\u0131m\u0131z\u0131n bir b\u00fct\u00fcn\u00fc haline sokuldu. Do\u011fal ve s\u0131radanla\u015ft\u0131.<\/p>\n<p style=\"text-align: justify;\"><strong>SANS\u00dcR USTASI<\/strong><br \/>\nAKP\u2019nin Ustal\u0131k d\u00f6nemi sans\u00fcrle ge\u00e7iyor. \u00c7e\u015fitli nedenlerle 2012 y\u0131l\u0131 boyunca 19 bin 507 site engellendi. Sans\u00fcr kimi zaman devletin \u00fcst makamlar\u0131n\u0131n kimi zaman bir \u00f6\u011fretmen eliyle g\u00fcndeme geldi. Elaz\u0131\u011f\u2019da K\u00fct\u00fcphane m\u00fcd\u00fcr\u00fc bir tiyatro dergisini yerelden \u015fik\u00e2yet eden birka\u00e7 vatanda\u015f\u0131n dilek\u00e7esiyle raftan kald\u0131rarak yay\u0131nevine geri g\u00f6nderdi. Milli E\u011fitime ba\u011fl\u0131 kurumlardan, Agos Gazetesi, E\u011fitimve Bilim Emek\u00e7ileri Sendikas\u0131 (E\u011fitim-Sen), Gazeteci yazar Can D\u00fcndar ve yazar BuketUzuner\u2019in internet sayfalar\u0131na eri\u015fim yasakland\u0131. TRT spikeri 2012 Londra Olimpiyatlar\u0131&#8217;n\u0131nkapan\u0131\u015f t\u00f6reninde \u00e7al\u0131nan \u015fark\u0131lardan John Lennon&#8217;un &#8220;Imagine&#8221; adl\u0131 \u015fark\u0131s\u0131n\u0131n s\u00f6zlerini sans\u00fcrledi. Kitaplar\u0131 \u00e7ok satan bir edebiyat\u00e7\u0131 olan Prof. Dr. \u0130skender Pala \u00fcnl\u00fc ozan Ne\u015fetErta\u015f\u2019\u0131n vefat\u0131ndan sonra kat\u0131ld\u0131\u011f\u0131 bir TV program\u0131nda Ne\u015fat Erta\u015f\u2019\u0131n t\u00fcrk\u00fclerinin m\u00fcstehcen oldu\u011funu radyolarda \u00e7al\u0131nmamas\u0131 gerekti\u011fini istedi.<\/p>\n<p style=\"text-align: justify;\"><strong> \u015eEKER PORTAKALI<\/strong><br \/>\nBa\u015fbakan Recep Tayyip Erdo\u011fantaraf\u0131ndan gazeteler aras\u0131nda ayr\u0131mc\u0131l\u0131k yap\u0131larak baz\u0131 etkinliklere toplant\u0131lara kendisi gibi d\u00fc\u015f\u00fcnmeyen, kendilerinin istedikleri d\u0131\u015f\u0131nda yay\u0131n yapan gazetecileri \u00e7a\u011f\u0131rmad\u0131. GrupYorum taraf\u0131ndan \u00e7ekilen F Tipi Sinema filmi afi\u015fleri yasakland\u0131. Eski\u015fehir\u2019de d\u00fczenlenen n\u00fc resim ergisi a\u00e7\u0131l\u0131\u015f g\u00fcn\u00fcnden sonra sans\u00fcrlendi. Halk ozan\u0131 Yunus Emre ve KaygusuzAbdal\u2019\u0131n ders kitaplar\u0131ndaki \u015fiirlerinin belirli b\u00f6l\u00fcmleri Talim Terbiye Kurulu taraf\u0131ncasans\u00fcre u\u011frad\u0131. Son olarak yeni y\u0131lda barda\u011f\u0131 ta\u015f\u0131ran son damla ayn\u0131 g\u00fcn \u0130zmir\u2019den gelen \u00f6\u011fretenlerin kurudu\u011fu komisyonca Fareler ve \u0130nsanlar kitab\u0131, \u0130stanbul\u2019dan gelen haberdevelilerin \u015fik\u00e2yetiyle \u015eeker Portakal\u0131 kitab\u0131 m\u00fcstehcen bulundu, kitab\u0131 \u00e7ocuklara \u00f6nere\u00f6\u011fretmene soru\u015fturma a\u00e7\u0131ld\u0131.<\/p>\n<p style=\"text-align: justify;\"><strong> 2012 SANS\u00dcR AJANDASI<\/strong><\/p>\n<p style=\"text-align: justify;\"><strong> GAZETE G\u0130REMEZ!<\/strong><br \/>\nAGOS\u2019a MEB\u2019den eri\u015fim engeli. Ocak ay\u0131nda Milli E\u011fitim Bakanl\u0131\u011f\u0131&#8217;na ba\u011fl\u0131 okullardaAgos gazetesinin internet sitesine giri\u015f yap\u0131lamad\u0131\u011f\u0131 ortaya \u00e7\u0131kt\u0131. Bakanl\u0131\u011f\u0131n keyfi yasa\u011f\u0131na tak\u0131lan gazetenin T\u00fcrk Telekom taraf\u0131ndan filtrelendi\u011fi belirtildi.<\/p>\n<p style=\"text-align: justify;\"><strong> HER S\u0130TE OLMAZ!<\/strong><br \/>\nMEB\u2019den yazarlar\u0131n internet sitelerine eri\u015fim yasakland\u0131. Gazeteci yazar Can D\u00fcndar ve yazar Buket Uzuner&#8217;in web sitelerine milli e\u011fime ba\u011fl\u0131 okullardan eri\u015fimin yasaklad\u0131\u011f\u0131 anla\u015f\u0131ld\u0131. Kitaplar\u0131 okullarda ders olarak okutulan, \u00fcniversitelere tez konusu olan Buket Uzuner&#8217;in sitesine herhangi bir okuldan girilmeye \u00e7al\u0131\u015f\u0131ld\u0131\u011f\u0131nda, &#8220;Bu siteye eri\u015fim, sak\u0131ncal\u0131 i\u00e7eri\u011finden dolay\u0131 Milli E\u011fitim Bakanl\u0131\u011f\u0131 iste\u011fiyle, T\u00fcrkTelekom A\u015e taraf\u0131ndan engellenmi\u015ftir&#8221; yaz\u0131s\u0131yla kar\u015f\u0131la\u015f\u0131ld\u0131. E\u011fitim-Sen\u2019e MEB\u2019den sans\u00fcr. Milli E\u011fitim Bakanl\u0131\u011f\u0131; E\u011fitim ve Bilim Emek\u00e7ileri Sendikas\u0131\u2019n\u0131n (E\u011fitim-Sen) web sitesine okul bilgisayarlar\u0131ndan eri\u015fimi engelledi.<\/p>\n<p style=\"text-align: justify;\"><strong> PORNO YUNAN VAZOSU<\/strong><br \/>\nK\u00fct\u00fcphane m\u00fcd\u00fcr\u00fcnden tiyatro dergisine \u201cM\u00fcstehcenlik\u201dsans\u00fcr\u00fc. Bo\u011fazi\u00e7i \u00dcniversitesi Yay\u0131nevi taraf\u0131ndan yay\u0131mlanan Mimesis Haber\/Mimesis Tiyatro \u00c7eviri Ara\u015ft\u0131rma Dergisi\u2019nin 19\u2019uncu say\u0131s\u0131 Elaz\u0131\u011f Halk K\u00fct\u00fcphanesi taraf\u0131ndan m\u00fcstehcen i\u00e7erikli oldu\u011fu gerek\u00e7esiyle iade edildi. Yay\u0131nevine Elaz\u0131\u011f \u0130l Halk K\u00fct\u00fcphanesi M\u00fcd\u00fcr\u00fc Ahmet Pirin\u00e7\u00e7i taraf\u0131ndan g\u00f6nderilen resmi yaz\u0131da \u2018iade\u2019 gerek\u00e7esi \u015fu \u015fekilde ifade edildi: \u201cM\u00fcstehcen resim ve \u00e7izgilerin bulundu\u011fu okuyucular\u0131m\u0131z taraf\u0131ndan tespit edilmi\u015ftir.\u201d A\u00e7\u0131klamada Elaz\u0131\u011f\u2019da \u00fc\u00e7 ailenin \u2018bu yay\u0131nlar\u0131n okuyucular\u0131n ve \u00e7ocuklar\u0131n\u0131n ahlaki de\u011ferlerini bozdu\u011fu\u2019 iddias\u0131 ile Elaz\u0131\u011f Halk K\u00fct\u00fcphanesi\u2019ne \u015fik\u00e2yet dilek\u00e7esiyle m\u00fcracaat ettikleri belirtildi. Elaz\u0131\u011f Halk K\u00fct\u00fcphanesi de derginin Elaz\u0131\u011f Halk K\u00fct\u00fcphanesi ve Elaz\u0131\u011f \u0130l\u00e7e Halk K\u00fct\u00fcphaneleri\u2019ne ba\u011f\u0131\u015f yolu ile de olsa g\u00f6nderilmemesini talep etti.<\/p>\n<p style=\"text-align: justify;\"><strong> BARI\u015e \u015eARKISINA MAKAS<\/strong><br \/>\n\u015eark\u0131 s\u00f6zlerine TRT\u2019den sans\u00fcr. 2012 Londra Olimpiyatlar\u0131&#8217;n\u0131n kapan\u0131\u015f t\u00f6reninde \u00e7al\u0131nan \u015fark\u0131lardan John Lennon&#8217;un &#8220;Imagine&#8221; adl\u0131 \u015fark\u0131s\u0131 TRT spikerinin sans\u00fcr\u00fcne tak\u0131ld\u0131. John Lennon&#8217;\u0131n &#8221; Imagine&#8221; adl\u0131 \u015fark\u0131s\u0131 \u00e7almaya ba\u015flad\u0131\u011f\u0131nda TRT spikeri \u015fark\u0131n\u0131n s\u00f6zlerini T\u00fcrk\u00e7e&#8217;ye \u00e7evirmeye ba\u015flad\u0131. Spiker \u015fark\u0131y\u0131 &#8220;Hayal edin ki; hayal edin ki hi\u00e7 s\u0131n\u0131r olmas\u0131n, asl\u0131nda zor de\u011fil ki \u00f6ld\u00fcrmek veya \u00f6lmek olmas\u0131n, hayal edin b\u00fct\u00fcn insanlar hayat\u0131n\u0131 bar\u0131\u015f i\u00e7inde ya\u015fas\u0131n&#8230; U\u011fruna \u00f6lecek ve ya \u00f6ld\u00fcr\u00fclecek bir \u015fey yok&#8221; \u015feklinde \u00e7evirirken, \u015fark\u0131n\u0131n &#8221; And no religion too&#8221; (ve din de yok) k\u0131sm\u0131na gelindi\u011finde bu k\u0131sm\u0131 atlayarak bir sonraki b\u00f6l\u00fcme ge\u00e7ti. Imagine&#8217;da Lennon asl\u0131nda &#8220;u\u011fruna \u00f6lecek \u00f6ld\u00fcr\u00fclecek hi\u00e7bir \u015fey yok&#8221; dedikten sonra dizeyi ba\u011flayarak &#8220;u\u011fruna \u00f6lecek \u00f6ld\u00fcr\u00fclecek din de yok&#8221; diyor.<\/p>\n<p style=\"text-align: justify;\"><strong> F\u0130KR\u0130 VE Z\u0130KR\u0130<\/strong><br \/>\nT\u00fcrk\u00fcleri yasaklatmak isteyen edebiyat\u00e7\u0131 Profes\u00f6r. M\u00fcstehcen t\u00fcrk\u00fclerin TRT repertuar\u0131ndan \u00e7\u0131kar\u0131lmas\u0131n\u0131 Zaman gazetesindeki k\u00f6\u015fesinde yaz\u0131nca tart\u0131\u015fmalara neden olan Prof. \u0130skender Pala, &#8220;kad\u0131n\u0131 a\u015fa\u011f\u0131layan m\u00fcstehcen t\u00fcrk\u00fclerden rahats\u0131z oldu\u011funu&#8221; belirterek &#8220;bunlar\u0131n radyolarda \u00e7al\u0131nmamas\u0131n\u0131&#8221; istedi. Pala, \u201cNe\u015fet Erta\u015f&#8217;\u0131n t\u00fcrk\u00fclerinde de erotizm vard\u0131r. Bir tenhada can canan\u0131 bulunca, diye ba\u015flad\u0131\u011f\u0131n\u0131zda istedi\u011finiz sahneyi \u00fcretebilirsiniz&#8221; dedi. \u2018T\u00fcrk\u00fclerdeki erotizmden rahats\u0131z\u0131m, radyolar bunlar\u0131 \u00e7almamal\u0131\u2019<\/p>\n<p style=\"text-align: justify;\"><strong> DERS\u0130N\u0130 B\u0130L!<\/strong><br \/>\nGazetelere sans\u00fcr ve engelleme. AKP kongresine baz\u0131 gazeteleri \u00e7a\u011f\u0131rmayan Recep Tayyip Erdo\u011fan kendini savunarak; Her g\u00fcn her t\u00fcrl\u00fc hakareti yapacaks\u0131n, yalan yanl\u0131\u015f her t\u00fcrl\u00fc \u015feyi yaz\u0131p s\u00f6yleyeceksin. Eee\u2026 Buna ra\u011fmen seni davet edece\u011fiz. Yok b\u00f6yle 25 kuru\u015fa simit. Niye \u00e7a\u011f\u0131ral\u0131m? Neymi\u015f? Bas\u0131na medyaya engel konulmazm\u0131\u015f. Do\u011fru, koyulmaz. Biz zaten koymuyoruz, \u00f6yle bir derdimiz yok. Ama o medya bize sayg\u0131s\u0131zl\u0131k etti\u011finde, yalan yanl\u0131\u015f haberlerle her g\u00fcn k\u00fcf\u00fcr ya\u011fd\u0131rd\u0131\u011f\u0131nda ona haddini bildirmek de bizim g\u00f6revimizdir\u201d dedi.<\/p>\n<p style=\"text-align: justify;\"><strong> F T\u0130P\u0130 ENGELLEME<\/strong><br \/>\nFilm afi\u015fine sans\u00fcr. Grup Yorum&#8217;un tasarlad\u0131\u011f\u0131 ve yap\u0131mc\u0131l\u0131\u011f\u0131n\u0131 \u00fcstlendi\u011fi, F tipi hapishanelerdeki tecrit uygulamalar\u0131n\u0131 anlatan F Tipi Film, daha vizyona girmeden sans\u00fcrlendi. F Tipi cezaevleri ve burada ya\u015fanan tecrit uygulamalar\u0131 anlatan filme \u0130stanbul B\u00fcy\u00fck\u015fehir Belediyesi taraf\u0131ndan sans\u00fcr uyguland\u0131\u011f\u0131 iddia edildi. Ge\u00e7mi\u015fle y\u00fczle\u015fmek ve tarihte ya\u015fananlara bir kez daha dikkat \u00e7ekmek amac\u0131yla \u00e7ekilen filmin yap\u0131m koordinat\u00f6rl\u00fc\u011f\u00fcn\u00fc yapan Grup Yorum&#8217;un ba\u011flamac\u0131s\u0131 Caner Bozkurt, yapt\u0131\u011f\u0131 a\u00e7\u0131klamada, filmin afi\u015flerine sans\u00fcr uyguland\u0131\u011f\u0131n\u0131 s\u00f6yledi: &#8220;Gerek afi\u015flerimiz i\u00e7in Ula\u015f\u0131m A.\u015e. ile s\u00f6zle\u015fme olmas\u0131na ve \u00f6demeyi yapm\u0131\u015f olmam\u0131za ra\u011fmen ula\u015f\u0131m ara\u00e7lar\u0131na as\u0131lmamas\u0131, gerek de duvar afi\u015flerimizin tek tek s\u00f6k\u00fclmesi a\u00e7\u0131k bir sans\u00fcr politikas\u0131d\u0131r\u201d dedi.<\/p>\n<p style=\"text-align: justify;\"><strong> ART N\u0130YETL\u0130 BAKI\u015e<\/strong><br \/>\nN\u00fc sergiye sans\u00fcr. Eski\u015fehir\u2019deki Devlet G\u00fczel Sanatlar Galerisi\u2019nde resim \u00f6\u011fretmeni, sanat\u00e7\u0131 Emin G\u00fcl\u00f6ren\u2019in &#8220;ArtN\u00fcyet&#8221; adl\u0131 resim sergisi B\u00fcy\u00fck\u015fehir Belediye Ba\u015fkan\u0131 CHP\u2019li Y\u0131lmaz B\u00fcy\u00fcker\u015fen\u2019in de kat\u0131ld\u0131\u011f\u0131 a\u00e7\u0131l\u0131\u015f t\u00f6reninin ard\u0131ndan galeri g\u00f6revlileri taraf\u0131ndan duvardan indirilip ters \u00e7evrilerek yere konuldu. Pazar g\u00fcn\u00fc galeriye sergiyi gezmek isteyenler, tablolar\u0131\u0131n duvardan indirildi\u011fini, ters \u00e7evrilerek yere konuldu\u011funu g\u00f6rd\u00fc. Sanat\u00e7\u0131 Emin G\u00fcl\u00f6ren, Devlet G\u00fczel Sanatlar Galerisi yetkililerinin kendisine herhangi bir bilgi vermedi\u011fini, eserlerinin kimin talimat\u0131yla kald\u0131r\u0131ld\u0131\u011f\u0131n\u0131 bilmedi\u011fini s\u00f6yledi.<\/p>\n<p style=\"text-align: justify;\"><strong> YUNUS EMRE\u2019YE YASAK<\/strong><br \/>\nYunus Emre\u2019nin \u015fiirine sans\u00fcr. Halk ozan\u0131 Yunus Emre&#8217;nin y\u00fczlerce y\u0131ll\u0131k \u015fiiri Talim Terbiye engeline tak\u0131ld\u0131. 10. S\u0131n\u0131f edebiyat kitab\u0131nda yer alan &#8220;Cennet cennet dedikleri&#8221; \u015fiirindeki iki sat\u0131r yay\u0131nevi taraf\u0131ndan sans\u00fcrlendi, \u00dcstelik Talim Terbiye Kurulu &#8220;\u015eiirden beklenen kazan\u0131mlar sa\u011flanm\u0131\u015ft\u0131r&#8221; dedi.<\/p>\n<p style=\"text-align: justify;\"><strong> ALEV\u0130L\u0130K OLMAZ!<\/strong><br \/>\nKaygusuz Abdal\u2019\u0131n \u015fiirine sans\u00fcr. 10. s\u0131n\u0131f T\u00fcrk Edebiyat\u0131 ders kitab\u0131nda Kaygusuz Abdal\u2019\u0131n \u201cNefes\u201d \u015fiirindeki Alevilik k\u00fclt\u00fcr\u00fcne ait kavramlar\u0131n yer ald\u0131\u011f\u0131 dizelerin de sans\u00fcrlendi\u011fi ortaya \u00e7\u0131kt\u0131. Milli E\u011fitim Bakanl\u0131\u011f\u0131\u2019na ba\u011fl\u0131 yazarlar komisyonu taraf\u0131ndan 10. s\u0131n\u0131flar i\u00e7in haz\u0131rlanan T\u00fcrk Edebiyat\u0131 ders kitab\u0131nda, \u201cMatem ay\u0131\u201d, \u201cZ\u00fclfikar\u201d, \u201cAli\u201d, \u201cH\u00fb\u201d kelimelerinin yer ald\u0131\u011f\u0131 d\u00f6rtl\u00fckler makasland\u0131.<\/p>\n<p style=\"text-align: justify;\"><strong> FARELER VE PORTAKAL<\/strong><br \/>\n\u0130zmir MEM komisyonu John Steinbeck\u2019in \u201cFareler ve \u0130nsanlar\u201d kitab\u0131n\u0131 m\u00fcstehcen buldu.\u201c \u2018Ben siz erkeklerin ne istedi\u011fini \u00e7ok iyi bilirim\u2019 dedi sonra. \u2018Benim k\u0131zlar\u0131m temizdir ve viskime de su kat\u0131lmam\u0131\u015ft\u0131r\u2019 dedi. \u2018ille de s\u00fcsl\u00fc lambaya bak\u0131p kaz\u0131klanmak istiyorum ben diyorsan\u0131z nereye gidece\u011finizi iyi biliyorsunuz\u2019 dedikten sonra bir de \u015funu ekledi: \u2018Burada s\u00fcsl\u00fc lambaya bakmay\u0131 sevdikleri i\u00e7in pantolonlar\u0131n\u0131n \u00f6n\u00fcn\u00fc kald\u0131rarak y\u00fcr\u00fcmek zorunda kalan \u00e7ocuklar g\u00f6r\u00fcyorum ben.\u2019<\/p>\n<p style=\"text-align: justify;\">\u2018Clara rakip evi i\u015fletiyor herhalde, \u00f6yle de\u011fil mi?\u2019 diye sordu George. \u2018Evet,\u2019 dedi Whit. \u2018Biz oraya gitmeyiz hi\u00e7. Clara k\u0131zlar i\u00e7in \u00fc\u00e7 dolar, bir duble i\u00e7in de otuz be\u015f sent istiyor. Bir de hi\u00e7 Susy gibi e\u011flenceli biri de de\u011fil. Hem Susy\u2019nin evi temizdir, bir de o rahat koltuklar muhte\u015femdir. \u00c7oluk \u00e7ocu\u011fu da sokmaz i\u00e7eri.\u2019 \u201d [Fareler ve \u0130nsanlar \/ John Steinbeck \/ \u00c7ev.: Ay\u015fe Ece \/ Sel Yay\u0131nc\u0131l\u0131k \/ Roman] Y\u0131llard\u0131r d\u00fcnya edebiyat\u0131 klasikleri aras\u0131nda okunan \u201cFareler ve \u0130nsanlar\u201d kitap 1945\u2019de Milli E\u011fitim Bakanl\u0131\u011f\u0131\u2019nca bas\u0131lm\u0131\u015f, kitap ayn\u0131 \u00e7eviriyle 1991 y\u0131l\u0131nda 20 bin adet yay\u0131nlanm\u0131\u015f. 2003 y\u0131l\u0131nda uzman bir ekip taraf\u0131ndan ba\u015flayan 100 Temel Eser kitap \u00e7al\u0131\u015fmas\u0131n\u0131n 2005 y\u0131l\u0131nda sonland\u0131r\u0131lmas\u0131yla 100 Temel Eser\u2019in Ortaokul k\u0131sm\u0131nda okuyan \u00f6\u011frenciler i\u00e7in tavsiye kitap olarak \u00f6nerildi. Milli E\u011fitim Bas\u0131mevi\u2019nce yay\u0131nlanal\u0131 67 ge\u00e7en ve bug\u00fcne kadar kimsenin ahlak\u0131n\u0131 bozmayan kitap \u0130zmir Milli E\u011fitim M\u00fcd\u00fcrl\u00fc\u011f\u00fc\u2019nde kurulan komisyonca bundan sonra ahlak\u0131 bozaca\u011f\u0131 kanaatine var\u0131ld\u0131. Kurmaca bir roman, klasik bir eserin bir roman kahraman\u0131n\u0131n ahlak\u0131n\u0131n sorgulan\u0131yor olmas\u0131 2013 y\u0131l\u0131nda d\u00fc\u015f\u00fcnd\u00fcr\u00fcc\u00fc ve inan\u0131lmayacak bir abs\u00fcrtl\u00fckte. \u015eeker Portakal\u0131 \u00f6rflerimize ayk\u0131r\u0131 bulundu. Behiye Doktor Nevhiz I\u015f\u0131l \u0130lk\u00f6\u011fretim Okulu\u2019ndaki 7. s\u0131n\u0131f T\u00fcrk\u00e7e \u00f6\u011fretmeni de \u00f6\u011frencilerine performans \u00f6devi olarak Brezilyal\u0131 yazar Jose Mauro de Vasconcelos\u2019un \u015eeker Portakal\u0131 okumalar\u0131n\u0131 istemesi soru\u015fturmaya neden oldu. Bianet\u2019in duyurdu\u011fu habere g\u00f6re velilerden biri, kitab\u0131 okudu\u011funu ve \u015fok oldu\u011funu belirterek kitab\u0131n T\u00fcrk \u00f6rf ve ananelerine ayk\u0131r\u0131 i\u00e7eri\u011fe sahip oldu\u011funu, i\u00e7inde bir\u00e7ok argo s\u00f6zc\u00fck ve k\u00fcf\u00fcr i\u00e7erdi\u011fini belirterek \u00f6\u011fretmen hakk\u0131nda soru\u015fturma a\u00e7\u0131lmas\u0131n\u0131 istedi. Kitab\u0131 tavsiye eden \u00f6\u011fretmen hakk\u0131nda \u0130l\u00e7e Milli E\u011fitim M\u00fcd\u00fcrl\u00fc\u011f\u00fc de soru\u015fturma a\u00e7t\u0131.<\/p>\n<p style=\"text-align: justify;\"><strong> BU F\u0130LM\u0130 SEYRETME!<\/strong><br \/>\nK\u00fclt\u00fcr Bakan\u2019\u0131 sans\u00fcre sert \u00e7\u0131kt\u0131, sinema filmi i\u00e7in kald\u0131r\u0131n o filmi dedi. K\u00fclt\u00fcr ve Turizm Bakan\u0131 Ertu\u011frul G\u00fcnay, Ankara&#8217;da Diplomasi Muhabirleri Derne\u011fi \u00fcyeleri ile bir araya geldi. G\u00fcnay, \u0130zmir \u0130l Milli E\u011fitim M\u00fcd\u00fcrl\u00fc\u011f\u00fc&#8217;n\u00fcn \u00fcnl\u00fc yazar John Steinbeck&#8217;in &#8220;Fareler ve \u0130nsanlar&#8221; roman\u0131n\u0131n baz\u0131 b\u00f6l\u00fcmlerini sak\u0131ncal\u0131 bulmas\u0131n\u0131 sert s\u00f6zlerle ele\u015ftirdi. Konuyla ilgili bir soruya yan\u0131t veren G\u00fcnay &#8220;Bereket versin bizim bakanl\u0131\u011f\u0131m\u0131zdan kaynaklanm\u0131\u015f bir olay de\u011fil&#8221; dedi.<\/p>\n<p style=\"text-align: justify;\">G\u00fcnay, ge\u00e7ti\u011fimiz g\u00fcnlerde Brad Pitt&#8217;in ba\u015frolde oldu\u011fu &#8220;Killing Them Softly&#8221; filmini sinemada izledi\u011fini belirterek, gazetecilere filme gitmemeleri tavsiyesinde bulundu.<\/p>\n<p style=\"text-align: justify;\">G\u00fcnay, &#8220;Ben salondan \u00e7\u0131kmay\u0131 d\u00fc\u015f\u00fcnd\u00fcm. \u0130\u011fren\u00e7. Ben bu kadar y\u00fcz k\u0131zart\u0131c\u0131 diyalog hayat\u0131mda duymad\u0131m ve duymak istemem. 13+ imi\u015f, &#8217;18+ yap\u0131n veya elinizden geliyorsa kald\u0131r\u0131n bu filmi&#8217; dedim. 2012&#8217;nin son g\u00fcnlerinde sevindirici bir haber alm\u0131\u015ft\u0131k. 6 Aral\u0131k 2012&#8217;de t\u00fcm gazeteler 3. yarg\u0131 paketiyle gelecek yeniliklerden sonra kitaplar\u0131n \u00f6zg\u00fcr olaca\u011f\u0131n\u0131n m\u00fcjdesi vermi\u015fti. Bu sevin\u00e7le 2013&#8217;e girdik. Yeni y\u0131l\u0131n ilk g\u00fcnlerinde pe\u015f pe\u015fe iki kitap \u00fczerine konu\u015fulan m\u00fcstehcenlik ve sans\u00fcr tart\u0131\u015fmalar\u0131 ve K\u00fclt\u00fcr ve Turizm Bakan\u0131&#8217;n\u0131n Brad Pitt&#8217;in ba\u015frolde oldu\u011fu &#8220;Killing Them Softly&#8221; filmi i\u00e7in gerekirse yay\u0131ndan kald\u0131r\u0131n demesi umutlar\u0131m\u0131z\u0131 zedeledi.<\/p>\n<p style=\"text-align: justify;\"><strong> 63 YILLIK YASAK<\/strong><br \/>\n5 Ocak 2013 tarihinde 31 Aral\u0131k 2011&#8217;e kadar, Ankara mahkemeleri veya Bakanlar Kurulu karar\u0131yla hakk\u0131nda toplatma, yasaklama, da\u011f\u0131t\u0131m ve sat\u0131\u015f\u0131n engellenmesi karar\u0131 bulunan 453 kitap ile 645 gazete, dergi, bro\u015f\u00fcr ve pankart hakk\u0131ndaki yasak kalkt\u0131.dili\u011finden h\u00fck\u00fcms\u00fcz hale gelmesini \u00f6ng\u00f6r\u00fcyordu. Ankara Emniyet M\u00fcd\u00fcrl\u00fc\u011f\u00fc&#8217;n\u00fcn, Ankara Cumhuriyet Ba\u015fsavc\u0131l\u0131\u011f\u0131 Bas\u0131n Su\u00e7lar\u0131 Soru\u015fturma B\u00fcrosu&#8217;na g\u00f6nderdi\u011fi listede yasakl\u0131 453 kitap ile 645 gazete, dergi, bro\u015f\u00fcr ve pankart bulunuyordu.<\/p>\n<p style=\"text-align: justify;\">Kaynak:http:\/\/www.yurtgazetesi.com.tr<\/p>\n","protected":false},"excerpt":{"rendered":"<p>\u00c7ocuklu\u011fumuz televizyonda kitaplar\u0131n su\u00e7 aleti olarak silahla bomba ile yan yana s\u0131raland\u0131\u011f\u0131 y\u00fczlerce g\u00f6r\u00fcnt\u00fcy\u00fc izleyerek ge\u00e7ti. Kitap yazanlar\u0131n hapiste oldu\u011funa, gazetecilerin bombaland\u0131\u011f\u0131na, gazetecilerin \u00f6ld\u00fcr\u00fcld\u00fc\u011f\u00fcne tan\u0131k olarak b\u00fcy\u00fcd\u00fck. Kitap okuyan\u0131m\u0131z\u0131 \u201cokuyup da \u00e2lim mi olacaks\u0131n\u201d diye yarg\u0131lad\u0131k. \u00d6yle ki edebiyat\u0131m\u0131zda cezaevinde yazmaya ba\u015flayan romanc\u0131lar, \u00f6yk\u00fcc\u00fcler ve \u015fairlerle dolu.<\/p>\n","protected":false},"author":1,"featured_media":0,"comment_status":"open","ping_status":"open","sticky":false,"template":"","format":"standard","meta":{"footnotes":""},"categories":[1476,519],"tags":[],"class_list":["post-8917","post","type-post","status-publish","format-standard","hentry","category-aydin-ileri","category-sansur-2"],"_links":{"self":[{"href":"https:\/\/www.bbyhaber.com\/bby\/wp-json\/wp\/v2\/posts\/8917"}],"collection":[{"href":"https:\/\/www.bbyhaber.com\/bby\/wp-json\/wp\/v2\/posts"}],"about":[{"href":"https:\/\/www.bbyhaber.com\/bby\/wp-json\/wp\/v2\/types\/post"}],"author":[{"embeddable":true,"href":"https:\/\/www.bbyhaber.com\/bby\/wp-json\/wp\/v2\/users\/1"}],"replies":[{"embeddable":true,"href":"https:\/\/www.bbyhaber.com\/bby\/wp-json\/wp\/v2\/comments?post=8917"}],"version-history":[{"count":0,"href":"https:\/\/www.bbyhaber.com\/bby\/wp-json\/wp\/v2\/posts\/8917\/revisions"}],"wp:attachment":[{"href":"https:\/\/www.bbyhaber.com\/bby\/wp-json\/wp\/v2\/media?parent=8917"}],"wp:term":[{"taxonomy":"category","embeddable":true,"href":"https:\/\/www.bbyhaber.com\/bby\/wp-json\/wp\/v2\/categories?post=8917"},{"taxonomy":"post_tag","embeddable":true,"href":"https:\/\/www.bbyhaber.com\/bby\/wp-json\/wp\/v2\/tags?post=8917"}],"curies":[{"name":"wp","href":"https:\/\/api.w.org\/{rel}","templated":true}]}}