{"id":888,"date":"2011-09-05T17:25:26","date_gmt":"2011-09-05T17:25:26","guid":{"rendered":"http:\/\/www.bbyhaber.com\/bby\/?p=888"},"modified":"2012-05-30T13:11:09","modified_gmt":"2012-05-30T13:11:09","slug":"van-gezici-kutuphanesine-kavustu","status":"publish","type":"post","link":"https:\/\/www.bbyhaber.com\/bby\/2011\/09\/05\/van-gezici-kutuphanesine-kavustu","title":{"rendered":"Van Gezici K\u00fct\u00fcphanesine Kavu\u015ftu"},"content":{"rendered":"<p style=\"text-align: justify;\">an Valili\u011fi AB Proje Koordinasyon Merkezi&#8217;nin koordinasyonunda Sosyal Destek Program\u0131 (SODES 2010) uygulamas\u0131 ile finanse edilen ve Van \u0130l K\u00fclt\u00fcr ve Turizm M\u00fcd\u00fcrl\u00fc\u011f\u00fc taraf\u0131ndan yap\u0131lan y\u00fcr\u00fct\u00fclen &#8220;Van Gezici K\u00fct\u00fcphanesine Kavu\u015fuyor&#8221; projesi aktif olarak hayata ge\u00e7ti. Proje kapsam\u0131nda haz\u0131rlanan gezici k\u00fct\u00fcphane arac\u0131 modern g\u00f6r\u00fcn\u00fcm\u00fc, kitap \u00e7e\u015fitlili\u011fi ve g\u00fc\u00e7l\u00fc donan\u0131m\u0131yla g\u00f6z dolduruyor. <!--more--><\/p>\n<p style=\"text-align: justify;\">Yap\u0131lan a\u00e7\u0131klamada, ilk\u00f6\u011fretim ve orta\u00f6\u011fretim \u00f6\u011frencilerine hitap eden k\u00fct\u00fcphanede yeti\u015fkinler i\u00e7in de gazete ve kitaplar yer ald\u0131\u011f\u0131 belirtilerek &#8220;\u00d6\u011frencilere daha \u00e7ok kitaba ula\u015fma imkan\u0131 veren iPad cihazlar ile dijital kitap okuma \u015fans\u0131 sa\u011flan\u0131yor. iPad ile e-kitaplara ula\u015fabiliyor ve keyifli uygulamalar sayesinde e\u011flenceli vakit ge\u00e7iriyorlar. Di\u011fer illerdeki \u00f6rneklerinden farkl\u0131 olarak gezici k\u00fct\u00fcphanede kablosuz internet hizmeti kesintisiz olarak veriliyor. Tentesi ve masalar\u0131 ile geni\u015f bir alanda kitap okuma imkan\u0131 sunuluyor.<\/p>\n<p style=\"text-align: justify;\" align=\"justify\">AB Proje Koordinasyon Merkezi Merkez Koordinat\u00f6r\u00fc Sinan \u0130mamo\u011flu &#8220;Gezici k\u00fct\u00fcphanemiz t\u00fcm il\u00e7elerimizi ve bir\u00e7ok k\u00f6y\u00fcm\u00fcz\u00fc gezecek. B\u00f6ylece \u00e7ocuklar\u0131m\u0131z ve gen\u00e7lerimiz bol bol kitap okuyabilecekler. Proje s\u00fcresi 12 ay olmas\u0131na kar\u015f\u0131n, ara\u00e7 uzun y\u0131llar k\u00fct\u00fcphane olarak ve kapasitesini artt\u0131rarak hizmet vermeye devam edecek&#8221; dedi.\u00a0<strong><\/strong><\/p>\n<p style=\"text-align: justify;\" align=\"justify\">Kaynak: http:\/\/www.nevsehirmedya.com<\/p>\n","protected":false},"excerpt":{"rendered":"<p>an Valili\u011fi AB Proje Koordinasyon Merkezi&#8217;nin koordinasyonunda Sosyal Destek Program\u0131 (SODES 2010) uygulamas\u0131 ile finanse edilen ve Van \u0130l K\u00fclt\u00fcr ve Turizm M\u00fcd\u00fcrl\u00fc\u011f\u00fc taraf\u0131ndan yap\u0131lan y\u00fcr\u00fct\u00fclen &#8220;Van Gezici K\u00fct\u00fcphanesine Kavu\u015fuyor&#8221; projesi aktif olarak hayata ge\u00e7ti. Proje kapsam\u0131nda haz\u0131rlanan gezici k\u00fct\u00fcphane arac\u0131 modern g\u00f6r\u00fcn\u00fcm\u00fc, kitap \u00e7e\u015fitlili\u011fi ve g\u00fc\u00e7l\u00fc donan\u0131m\u0131yla g\u00f6z dolduruyor.<\/p>\n","protected":false},"author":1,"featured_media":0,"comment_status":"open","ping_status":"open","sticky":false,"template":"","format":"standard","meta":{"footnotes":""},"categories":[1486],"tags":[1440],"class_list":["post-888","post","type-post","status-publish","format-standard","hentry","category-gezici-kutuphane","tag-gezici-kutuphaneler"],"_links":{"self":[{"href":"https:\/\/www.bbyhaber.com\/bby\/wp-json\/wp\/v2\/posts\/888"}],"collection":[{"href":"https:\/\/www.bbyhaber.com\/bby\/wp-json\/wp\/v2\/posts"}],"about":[{"href":"https:\/\/www.bbyhaber.com\/bby\/wp-json\/wp\/v2\/types\/post"}],"author":[{"embeddable":true,"href":"https:\/\/www.bbyhaber.com\/bby\/wp-json\/wp\/v2\/users\/1"}],"replies":[{"embeddable":true,"href":"https:\/\/www.bbyhaber.com\/bby\/wp-json\/wp\/v2\/comments?post=888"}],"version-history":[{"count":0,"href":"https:\/\/www.bbyhaber.com\/bby\/wp-json\/wp\/v2\/posts\/888\/revisions"}],"wp:attachment":[{"href":"https:\/\/www.bbyhaber.com\/bby\/wp-json\/wp\/v2\/media?parent=888"}],"wp:term":[{"taxonomy":"category","embeddable":true,"href":"https:\/\/www.bbyhaber.com\/bby\/wp-json\/wp\/v2\/categories?post=888"},{"taxonomy":"post_tag","embeddable":true,"href":"https:\/\/www.bbyhaber.com\/bby\/wp-json\/wp\/v2\/tags?post=888"}],"curies":[{"name":"wp","href":"https:\/\/api.w.org\/{rel}","templated":true}]}}