{"id":8854,"date":"2013-01-13T20:46:54","date_gmt":"2013-01-13T18:46:54","guid":{"rendered":"http:\/\/www.bbyhaber.com\/bby\/?p=8854"},"modified":"2013-01-21T09:14:04","modified_gmt":"2013-01-21T07:14:04","slug":"cukurova-6-kitap-fuari-15-20-ocak-2013","status":"publish","type":"post","link":"https:\/\/www.bbyhaber.com\/bby\/2013\/01\/13\/cukurova-6-kitap-fuari-15-20-ocak-2013","title":{"rendered":"\u00c7ukurova 6. Kitap Fuar\u0131 15-20 Ocak 2013"},"content":{"rendered":"<p style=\"text-align: justify;\"><strong><img loading=\"lazy\" decoding=\"async\" class=\"alignleft\" src=\"http:\/\/www.tuyap.com.tr\/webpages\/cukurovakitapfuari\/images\/afis-k.jpg\" alt=\"\" width=\"186\" height=\"263\" \/>Y\u0131l\u0131n ilk kitap fuar\u0131 Adana\u2019da 15-20 Ocak 2013 tarihleri aras\u0131nda T\u00dcYAP Adana Uluslararas\u0131 Fuar ve Kongre Merkezi\u2019nde kap\u0131lar\u0131n\u0131 kitapseverlere a\u00e7maya haz\u0131rlan\u0131yor.<!--more--><\/strong><\/p>\n<p style=\"text-align: justify;\">Kurulu\u015fumuz\u00a0<strong>T\u00dcYAP Adana Fuarc\u0131l\u0131k A.\u015e.<\/strong>\u00a0ve\u00a0<strong>T\u00fcrkiye Yay\u0131nc\u0131lar Birli\u011fi<\/strong>\u00a0i\u015fbirli\u011fiyle, Adana B\u00fcy\u00fck\u015fehir Belediyesi deste\u011fi ile d\u00fczenlenecek olan\u00a0<strong>\u00c7ukurova 6. Kitap Fuar\u0131,<\/strong>\u00a0<strong>15-20 Ocak 2013<\/strong>\u00a0tarihleri aras\u0131nda<strong>T\u00dcYAP Adana Uluslararas\u0131 Fuar ve Kongre Merkezi<\/strong>\u2019nde kap\u0131lar\u0131n\u0131 a\u00e7maya haz\u0131rlan\u0131yor.<\/p>\n<p style=\"text-align: justify;\"><strong>205\u00a0<\/strong>yay\u0131nevi ve sivil toplum kurulu\u015funun kat\u0131l\u0131m\u0131yla d\u00fczenlenen\u00a0<strong>\u00c7ukurova 6. Kitap Fuar\u0131<\/strong>\u00a0kapsam\u0131nda panel, s\u00f6yle\u015fi, \u015fiir dinletisi ve \u00e7ocuk etkinlikleri gibi\u00a0<strong>60\u00a0<\/strong>k\u00fclt\u00fcr etkinli\u011finde ve imza g\u00fcnlerinde\u00a0<strong>300<\/strong>\u00a0yazar kitapseverlerle bulu\u015facakt\u0131r. Aralar\u0131nda<em>\u00a0Ahmet Telli, Can D\u00fcndar, Beh\u00e7et \u00c7elik, Canan Tan, Enver Aysever, G\u00fclten Day\u0131o\u011flu, Nasuh Mahruki, Mine Soysal, Oya Baydar, Onur \u00d6ymen, Semih G\u00fcm\u00fc\u015f<\/em>\u2026ve pek \u00e7ok de\u011ferli \u015fair, yazar ve bilim insan\u0131n\u0131n bulundu\u011fu konuklar 6 g\u00fcn s\u00fcresince okurlarla bir araya gelecektir.<\/p>\n<p style=\"text-align: justify;\">\u00c7ukurova 6. Kitap Fuar\u0131, T\u00dcYAP Adana Fuarc\u0131l\u0131k A.\u015e. taraf\u0131ndan d\u00fczenlenen \u00c7ukurova E\u011fitim Fuar\u0131 ile e\u015f zamanl\u0131 olarak 15-20 Ocak 2013 tarihleri aras\u0131nda 10.30-20.30, kapan\u0131\u015f g\u00fcn\u00fc olan 20 Ocak 2013 tarihinde ise 10.30-20.00 saatleri aras\u0131nda ziyaret edilebilir. Fuarlara giri\u015f \u00fccretsizdir.<\/p>\n<p style=\"text-align: justify;\">Kaynak:<a href=\"http:\/\/www.tuyap.com.tr\/webpages\/cukurovakitapfuari\/index.php\" target=\"_blank\">http:\/\/www.tuyap.com.tr<\/a><\/p>\n","protected":false},"excerpt":{"rendered":"<p>Y\u0131l\u0131n ilk kitap fuar\u0131 Adana\u2019da 15-20 Ocak 2013 tarihleri aras\u0131nda T\u00dcYAP Adana Uluslararas\u0131 Fuar ve Kongre Merkezi\u2019nde kap\u0131lar\u0131n\u0131 kitapseverlere a\u00e7maya haz\u0131rlan\u0131yor.<\/p>\n","protected":false},"author":1,"featured_media":0,"comment_status":"open","ping_status":"open","sticky":false,"template":"","format":"standard","meta":{"footnotes":""},"categories":[1493],"tags":[1395],"class_list":["post-8854","post","type-post","status-publish","format-standard","hentry","category-kitap-fuarlari-2","tag-bby-mesleki-etkinlikler-arsivi"],"_links":{"self":[{"href":"https:\/\/www.bbyhaber.com\/bby\/wp-json\/wp\/v2\/posts\/8854"}],"collection":[{"href":"https:\/\/www.bbyhaber.com\/bby\/wp-json\/wp\/v2\/posts"}],"about":[{"href":"https:\/\/www.bbyhaber.com\/bby\/wp-json\/wp\/v2\/types\/post"}],"author":[{"embeddable":true,"href":"https:\/\/www.bbyhaber.com\/bby\/wp-json\/wp\/v2\/users\/1"}],"replies":[{"embeddable":true,"href":"https:\/\/www.bbyhaber.com\/bby\/wp-json\/wp\/v2\/comments?post=8854"}],"version-history":[{"count":0,"href":"https:\/\/www.bbyhaber.com\/bby\/wp-json\/wp\/v2\/posts\/8854\/revisions"}],"wp:attachment":[{"href":"https:\/\/www.bbyhaber.com\/bby\/wp-json\/wp\/v2\/media?parent=8854"}],"wp:term":[{"taxonomy":"category","embeddable":true,"href":"https:\/\/www.bbyhaber.com\/bby\/wp-json\/wp\/v2\/categories?post=8854"},{"taxonomy":"post_tag","embeddable":true,"href":"https:\/\/www.bbyhaber.com\/bby\/wp-json\/wp\/v2\/tags?post=8854"}],"curies":[{"name":"wp","href":"https:\/\/api.w.org\/{rel}","templated":true}]}}