{"id":8848,"date":"2013-01-13T15:53:08","date_gmt":"2013-01-13T13:53:08","guid":{"rendered":"http:\/\/www.bbyhaber.com\/bby\/?p=8848"},"modified":"2013-01-13T16:06:41","modified_gmt":"2013-01-13T14:06:41","slug":"lefter-kutuphanesi-acildi-afyonkarahisar-solacik1907","status":"publish","type":"post","link":"https:\/\/www.bbyhaber.com\/bby\/2013\/01\/13\/lefter-kutuphanesi-acildi-afyonkarahisar-solacik1907","title":{"rendered":"Lefter K\u00fct\u00fcphanesi A\u00e7\u0131ld\u0131-Afyonkarahisar- @SolAcik1907"},"content":{"rendered":"<p style=\"text-align: justify;\"><img loading=\"lazy\" decoding=\"async\" class=\"alignleft\" src=\"http:\/\/www.odatv.com\/images\/2013_01\/2013_01_09\/lefter-kutuphanesi-aciliyor-0901131200_l.jpg\" alt=\"\" width=\"250\" height=\"175\" \/>Fenerbah\u00e7eli bir grup taraftar\u0131n, Lefter K\u00fc\u00e7\u00fckandonyadis an\u0131s\u0131na Afyonkarahisar&#8217;\u0131n \u015euhut il\u00e7esine ba\u011fl\u0131 Mahmut k\u00f6y\u00fcndeki okula ba\u011f\u0131\u015flad\u0131\u011f\u0131 kitaplardan olu\u015fan k\u00fct\u00fcphane, efsane golc\u00fcn\u00fcn vefat\u0131n\u0131n birinci y\u0131l d\u00f6n\u00fcm\u00fcnde d\u00fczenlenen t\u00f6renle hizmete girdi. <!--more-->Mahmut K\u00f6y\u00fc \u0130lkokulu&#8217;ndaki k\u00fct\u00fcphanenin a\u00e7\u0131l\u0131\u015f\u0131na, Afyonkarahisar Milli E\u011fitim M\u00fcd\u00fcr\u00fc Metin Yal\u00e7\u0131n, Okul M\u00fcd\u00fcr\u00fc Cengiz Sar\u0131ko\u00e7, kitap kampanyas\u0131n\u0131 ba\u015flatan Fenerbah\u00e7e&#8217;nin \u201cSol A\u00e7\u0131k\u201d adl\u0131 taraftar grubu \u00fcyeleri, Afyonkarahisar Fenerbah\u00e7eliler Derne\u011fi Ba\u015fkan\u0131 \u00d6mer Alt\u0131nay ve \u00f6\u011frenciler kat\u0131ld\u0131.<\/p>\n<p style=\"text-align: justify;\">Yal\u00e7\u0131n, a\u00e7\u0131l\u0131\u015fta yapt\u0131\u011f\u0131 konu\u015fmada, k\u00f6y ilkokulunun k\u00fct\u00fcphane ihtiyac\u0131na Fenerbah\u00e7eli taraftar grubunun duyarl\u0131l\u0131k g\u00f6sterdi\u011fini belirterek, kampanya kapsam\u0131nda taraftarlar\u0131n binlerce kitap toplad\u0131\u011f\u0131n\u0131 s\u00f6yledi.<\/p>\n<p>En g\u00fczel hediyenin ve katk\u0131n\u0131n kitap oldu\u011funu ifade eden Yal\u00e7\u0131n, \u015f\u00f6yle konu\u015ftu:<\/p>\n<p style=\"text-align: justify;\">\u201c\u00d6zellikle de \u00e7ocuklar\u0131m\u0131z\u0131n okumaya ihtiyac\u0131 oldu\u011fu \u00e7a\u011fda kitap, en g\u00fczel hediyedir. Bu k\u00fct\u00fcphane sadece \u00f6\u011frencilerimize de\u011fil, okulumuzun bulundu\u011fu mahalleye de katk\u0131 sa\u011flayacak bir zenginlik. K\u00fct\u00fcphaneden, e\u011fitim \u00f6\u011fretim saatleri i\u00e7inde \u00f6\u011frencilerimiz faydaland\u0131\u011f\u0131 kadar, d\u0131\u015f\u0131nda kalan zamanlarda, hafta sonlar\u0131nda da velilerimiz, k\u00f6yl\u00fcm\u00fcz faydalanacak. Fenerbah\u00e7e Kul\u00fcb\u00fc&#8217;ne, taraftarlar\u0131na, hem Lefter&#8217;in an\u0131s\u0131n\u0131 ya\u015fatmalar\u0131 ad\u0131na hem de e\u011fitim \u00f6\u011fretime katk\u0131 sa\u011flamalar\u0131ndan dolay\u0131 \u00e7ok te\u015fekk\u00fcr ediyorum.\u201d<\/p>\n<p><strong>\u2018Projeyle Lefter ile kitab\u0131, yani iki de\u011feri birle\u015ftirdik\u2019<\/strong><\/p>\n<p style=\"text-align: justify;\">Sol A\u00e7\u0131k taraftar grubunun s\u00f6zc\u00fcs\u00fc Sevgi \u0130lgezdi de efsane futbolcu Lefter&#8217;in, Fenerbah\u00e7e taraftar\u0131 i\u00e7in \u00e7ok \u00f6nemli oldu\u011funu bildirdi. Mahmut K\u00f6y\u00fc \u0130lkokulu \u00f6\u011fretmenlerinden gelen bir elektronik posta \u00fczerine Lefter&#8217;in an\u0131s\u0131na bir k\u00fct\u00fcphane kurma d\u00fc\u015f\u00fcncelerinin ger\u00e7ekle\u015fti\u011fini anlatan \u0130lgezdi, \u201cKitap toplama kampanyas\u0131 ba\u015flatt\u0131k. K\u00fct\u00fcphaneyi Lefter&#8217;in \u00f6l\u00fcm y\u0131l d\u00f6n\u00fcm\u00fcne yeti\u015ftirmek i\u00e7in yo\u011fun \u015fekilde \u00e7al\u0131\u015ft\u0131k. Yakla\u015f\u0131k 2 bin kitap toplad\u0131k. T\u00fcrkiye &#8216;nin her taraf\u0131ndan Fenerbah\u00e7eliler, k\u0131rtasiye malzemesinden kitaba, g\u00f6n\u00fcllerince katk\u0131da bulundu. Projeyle Lefter ile kitab\u0131, yani iki de\u011feri birle\u015ftirdik\u201d dedi. Taraftar grubu \u00fcyesi Galip Da\u011fa\u015fan ise Lefter&#8217;in an\u0131s\u0131na k\u00fct\u00fcphane olu\u015fturmaktan duyduklar\u0131 mutlulu\u011fu dile getirdi.<\/p>\n<p><strong>\u2018Yazd\u0131 kalem, doldu defter, \u00e7ocuklar\u0131n okuyor Lefter\u2019<\/strong><\/p>\n<p style=\"text-align: justify;\">Grubunun 12 ya\u015f\u0131ndaki \u00fcyesi \u00c7ayan Mutlu da kitaplar\u0131, Mahmut K\u00f6y\u00fc \u0130lkokulu&#8217;ndaki ya\u015f\u0131tlar\u0131yla payla\u015fmak i\u00e7in Lefter K\u00fct\u00fcphanesi&#8217;ni kurduklar\u0131n\u0131 vurgulad\u0131. Fenerbah\u00e7eli taraftarlar, Galatasaray Kul\u00fcb\u00fc taraftar\u0131 okul m\u00fcd\u00fcr\u00fc Cengiz Sar\u0131ko\u00e7&#8217;a da Lefter K\u00fc\u00e7\u00fckandonyadis&#8217;i anlatan bir kitap hediye etti. A\u00e7\u0131l\u0131\u015f\u0131n ard\u0131ndan taraftarlar, okul bah\u00e7esinde sar\u0131-lacivert me\u015faleler yak\u0131p \u201c\u0130\u015fte kalem, i\u015fte defter, \u00e7ocuklar\u0131n okuyor Lefter\u201d, \u201cYazd\u0131 kalem, doldu defter, \u00e7ocuklar\u0131n okuyor Lefter\u201d tezah\u00fcratlar\u0131 yapt\u0131.<\/p>\n<p>Kaynak: http:\/\/www.radikal.com.tr\/<\/p>\n","protected":false},"excerpt":{"rendered":"<p>Fenerbah\u00e7eli bir grup taraftar\u0131n, Lefter K\u00fc\u00e7\u00fckandonyadis an\u0131s\u0131na Afyonkarahisar&#8217;\u0131n \u015euhut il\u00e7esine ba\u011fl\u0131 Mahmut k\u00f6y\u00fcndeki okula ba\u011f\u0131\u015flad\u0131\u011f\u0131 kitaplardan olu\u015fan k\u00fct\u00fcphane, efsane golc\u00fcn\u00fcn vefat\u0131n\u0131n birinci y\u0131l d\u00f6n\u00fcm\u00fcnde d\u00fczenlenen t\u00f6renle hizmete girdi.<\/p>\n","protected":false},"author":1,"featured_media":0,"comment_status":"open","ping_status":"open","sticky":false,"template":"","format":"standard","meta":{"footnotes":""},"categories":[1],"tags":[400],"class_list":["post-8848","post","type-post","status-publish","format-standard","hentry","category-genel","tag-lefter-kutuphanesi"],"_links":{"self":[{"href":"https:\/\/www.bbyhaber.com\/bby\/wp-json\/wp\/v2\/posts\/8848"}],"collection":[{"href":"https:\/\/www.bbyhaber.com\/bby\/wp-json\/wp\/v2\/posts"}],"about":[{"href":"https:\/\/www.bbyhaber.com\/bby\/wp-json\/wp\/v2\/types\/post"}],"author":[{"embeddable":true,"href":"https:\/\/www.bbyhaber.com\/bby\/wp-json\/wp\/v2\/users\/1"}],"replies":[{"embeddable":true,"href":"https:\/\/www.bbyhaber.com\/bby\/wp-json\/wp\/v2\/comments?post=8848"}],"version-history":[{"count":0,"href":"https:\/\/www.bbyhaber.com\/bby\/wp-json\/wp\/v2\/posts\/8848\/revisions"}],"wp:attachment":[{"href":"https:\/\/www.bbyhaber.com\/bby\/wp-json\/wp\/v2\/media?parent=8848"}],"wp:term":[{"taxonomy":"category","embeddable":true,"href":"https:\/\/www.bbyhaber.com\/bby\/wp-json\/wp\/v2\/categories?post=8848"},{"taxonomy":"post_tag","embeddable":true,"href":"https:\/\/www.bbyhaber.com\/bby\/wp-json\/wp\/v2\/tags?post=8848"}],"curies":[{"name":"wp","href":"https:\/\/api.w.org\/{rel}","templated":true}]}}